{"id":56106,"date":"2021-11-04T09:22:31","date_gmt":"2021-11-04T07:22:31","guid":{"rendered":"https:\/\/israelmagazine.net\/?p=56106"},"modified":"2021-11-04T09:22:31","modified_gmt":"2021-11-04T07:22:31","slug":"entretien-avec-emmanuel-navon","status":"publish","type":"post","link":"https:\/\/israelmagazine.net\/?p=56106","title":{"rendered":"Entretien avec Emmanuel Navon"},"content":{"rendered":"<p><strong><em>Entretien avec Emmanuel Navon<\/em><\/strong><\/p>\n<p><strong><em>Par Frank Khalifa et Andre Darmon tous droits reserves Israel Magazine<\/em><\/strong><\/p>\n<p>&nbsp;<\/p>\n<img class=\\\"size-medium wp-image-56107\\\" src=\\\"https:\/\/israelmagazine.co.il\/wp-content\/uploads\/2021\/11\/navon-203x300.jpg\\\" alt=\\\"Navon\\\" width=\\\"203\\\" height=\\\"300\\\" \/>\n<p><strong>Emmanuel Navon<\/strong> enseigne les relations internationales \u00e0 l\\&rsquo;Universit\u00e9 de Tel-Aviv et au Centre interdisciplinaire de Herzlia. Il est <em>Senior Fellow<\/em> au <em>Jerusalem Institute for Strategy and Security<\/em> et <em>au Kohelet Policy Forum<\/em>, et <em>Senior Analyst pour I24News<\/em>.<\/p>\n<p><strong>Isra\u00ebl Magazine<\/strong>\u00a0: <strong>D<sup>r<\/sup> Emmanuel Navon, merci de recevoir Isra\u00ebl Magazine, ici \u00e0 l\u2019Universit\u00e9 de Tel-Aviv. \u00a0Pardonnant-nous par avance, une entr\u00e9e en mati\u00e8re un peu directe\u00a0: tr\u00e8s proche de Guideon Saar, vice-Premier ministre et ministre de la Justice depuis juin 2021 et cr\u00e9ateur du Parti <em>Nouvel Espoir<\/em> dont vous \u00eates membre, comment justifiez-vous l\u2019obstination de Guideon Saar de l\u00e9gif\u00e9rer sur \u00a0la limitation du nombre de mandats d\u2019un Premier-ministre et sur l\u2019interdiction d\u2019un candidat inculp\u00e9 de postuler \u00e0 une mandature de Premier-ministre\u00a0? Tommy Lapid ( le p\u00e8re de Ya\u00efr NDLR) \u00a0lui-m\u00eame n\u2019avait-il pas dit que le conseiller juridique du gouvernement ne pouvait bloquer une candidature\u00a0?<\/strong><\/p>\n<p><a href=\\\"https:\/\/israelmagazine.co.il\/a-quelques-jours-du-vote-crucial-du-budget-2020-2021\/\\\">https:\/\/israelmagazine.co.il\/a-quelques-jours-du-vote-crucial-du-budget-2020-2021\/<\/a><\/p>\n<p><strong>D<sup>r<\/sup> Emmanuel Navon<\/strong>\u00a0: Je conteste l\u2019emploi du terme \u00ab\u00a0obstination.\u00a0\u00bb Ce projet de loi faisait partie du programme \u00e9lectoral du parti \u00ab\u00a0Nouvel Espoir\u00a0\u00bb et Guideon Saar applique le programme qu\u2019il avait pr\u00e9sent\u00e9 \u00e0 ses \u00e9lecteurs. Il est par ailleurs plus qu\u2019improbable que ce projet de loi ait une quelconque incidence sur Netanyahou puisque, si la loi est vot\u00e9e, elle ne sera \u00e9videmment pas r\u00e9troactive mais ne s\u2019appliquera qu\u2019apr\u00e8s les \u00e9lections de 2025. Netanyahou aura alors 76 ans, apr\u00e8s avoir \u00e9t\u00e9 Premier ministre pendant quinze ans. Est-il raisonnable de penser qu\u2019il sera de nouveau candidat au poste de Premier ministre\u00a0? La loi ne s\u2019appliquera que dans le futur, tandis que Netanyahou est un homme du pass\u00e9.<\/p>\n<p><a href=\\\"https:\/\/israelmagazine.co.il\/un-virus-chasse-lautre-jusqua-quand\/\\\">https:\/\/israelmagazine.co.il\/un-virus-chasse-lautre-jusqua-quand\/<\/a><\/p>\n<p>La suite de l\u2019article se trouve dans le prochain num\u00e9ro d\u2019Isra\u00ebl Magazine<\/p>\n<p>D\u00e9couvrez un exemplaire du magazine gratuitement et cliquez ensuite sur le rebord droit<\/p>\n<p><a href=\\\"https:\/\/online.fliphtml5.com\/rjspi\/mxre\/\\\">https:\/\/online.fliphtml5.com\/rjspi\/mxre\/<\/a><\/p>\n<p>Votre magazine livr\u00e9 chez vous en toute confidentialit\u00e9 S\u2019abonner au magazine par t\u00e9l\u00e9phone ou par whats app 00972 (0) 54 254 45 20 ou au 01 86 98 27 27<\/p>\n<p>Par email\u00a0 Andredarmon21@gmail.com<\/p>\n<p>directement sur le site https:\/\/israelmagazine.co.il\/sabonner-au-magazine\/<\/p>\n<p>Ou encore S\u2019abonner au magazine livr\u00e9 chez vous en toute confidentialit\u00e9. Remplir le formulaire<\/p>\n<p><a href=\\\"https:\/\/docs.google.com\/forms\/d\/e\/1FAIpQLSfPYJfb8KjEya-X17w0DGPAuBlCGvqVUdh_Is8EL810Lxw82A\/viewform?entry.1189475001=Recipient_Email\\\">https:\/\/docs.google.com\/forms\/d\/e\/1FAIpQLSfPYJfb8KjEya-X17w0DGPAuBlCGvqVUdh_Is8EL810Lxw82A\/viewform?entry.1189475001=Recipient_Email<\/a><\/p>\n<p>&nbsp;<\/p>\n<p><a href=\\\"https:\/\/www.facebook.com\/563799703686978\/posts\/3916028461797402\/\\\">https:\/\/www.facebook.com\/563799703686978\/posts\/3916028461797402\/<\/a><\/p>\n","protected":false},"excerpt":{"rendered":"<p>Entretien avec Emmanuel Navon Par Frank Khalifa et Andre Darmon tous droits reserves Israel Magazine &nbsp; Emmanuel Navon enseigne les relations internationales \u00e0 l\\&rsquo;Universit\u00e9 de Tel-Aviv et au Centre interdisciplinaire de Herzlia. Il est Senior Fellow au Jerusalem Institute for Strategy and Security et au Kohelet Policy Forum, et Senior Analyst pour I24News. Isra\u00ebl Magazine\u00a0: &hellip;<\/p>\n<p class=\"read-more\"> <a class=\"\" href=\"https:\/\/israelmagazine.net\/?p=56106\"> <span class=\"screen-reader-text\">Entretien avec Emmanuel Navon<\/span> Lire la suite \u00bb<\/a><\/p>\n","protected":false},"author":4,"featured_media":56107,"comment_status":"open","ping_status":"open","sticky":false,"template":"","format":"standard","meta":{"site-sidebar-layout":"default","site-content-layout":"default","ast-global-header-display":"","ast-main-header-display":"","ast-hfb-above-header-display":"","ast-hfb-below-header-display":"","ast-hfb-mobile-header-display":"","site-post-title":"","ast-breadcrumbs-content":"","ast-featured-img":"","footer-sml-layout":"","theme-transparent-header-meta":"","adv-header-id-meta":"","stick-header-meta":"","header-above-stick-meta":"","header-main-stick-meta":"","header-below-stick-meta":""},"categories":[84,1612,1623],"tags":[1063,825,1739,2346,810,2699,1474,815,2569,2977,1636,2978,2393],"sujet":[],"_links":{"self":[{"href":"https:\/\/israelmagazine.net\/index.php?rest_route=\/wp\/v2\/posts\/56106"}],"collection":[{"href":"https:\/\/israelmagazine.net\/index.php?rest_route=\/wp\/v2\/posts"}],"about":[{"href":"https:\/\/israelmagazine.net\/index.php?rest_route=\/wp\/v2\/types\/post"}],"author":[{"embeddable":true,"href":"https:\/\/israelmagazine.net\/index.php?rest_route=\/wp\/v2\/users\/4"}],"replies":[{"embeddable":true,"href":"https:\/\/israelmagazine.net\/index.php?rest_route=%2Fwp%2Fv2%2Fcomments&post=56106"}],"version-history":[{"count":0,"href":"https:\/\/israelmagazine.net\/index.php?rest_route=\/wp\/v2\/posts\/56106\/revisions"}],"wp:featuredmedia":[{"embeddable":true,"href":"https:\/\/israelmagazine.net\/index.php?rest_route=\/"}],"wp:attachment":[{"href":"https:\/\/israelmagazine.net\/index.php?rest_route=%2Fwp%2Fv2%2Fmedia&parent=56106"}],"wp:term":[{"taxonomy":"category","embeddable":true,"href":"https:\/\/israelmagazine.net\/index.php?rest_route=%2Fwp%2Fv2%2Fcategories&post=56106"},{"taxonomy":"post_tag","embeddable":true,"href":"https:\/\/israelmagazine.net\/index.php?rest_route=%2Fwp%2Fv2%2Ftags&post=56106"},{"taxonomy":"sujet","embeddable":true,"href":"https:\/\/israelmagazine.net\/index.php?rest_route=%2Fwp%2Fv2%2Fsujet&post=56106"}],"curies":[{"name":"wp","href":"https:\/\/api.w.org\/{rel}","templated":true}]}}