{"id":56156,"date":"2021-11-15T06:54:52","date_gmt":"2021-11-15T04:54:52","guid":{"rendered":"https:\/\/israelmagazine.net\/?p=56156"},"modified":"2021-11-15T06:54:52","modified_gmt":"2021-11-15T04:54:52","slug":"le-pr-reouven-feuerstein-pedagogue-et-porteur-de-flamme","status":"publish","type":"post","link":"https:\/\/israelmagazine.net\/?p=56156","title":{"rendered":"Le Pr. R\u00e9ouven Feuerstein, P\u00e9dagogue et Porteur de flamme"},"content":{"rendered":"<h3><strong>Le Pr. R\u00e9ouven Feuerstein, P\u00e9dagogue et Porteur de flamme<\/strong><\/h3>\n<p><strong>Robert BEN DENOUN\u00a0<\/strong><\/p>\n<img class=\\\"size-medium wp-image-56157\\\" src=\\\"https:\/\/israelmagazine.co.il\/wp-content\/uploads\/2021\/11\/Reuven_feuersteine-201x300.jpg\\\" alt=\\\"Le Pr. R\u00e9ouven Feuerstein,\\\" width=\\\"201\\\" height=\\\"300\\\" \/>\n<p><strong>\u00ab\u00a0<em>Les grands hommes font leur propre pi\u00e9destal ; l\\&rsquo;avenir se charge de la statue.<\/em>\u00a0\u00bb a \u00e9crit Victor Hugo. Il ne se doutait pas que sa maxime pourrait \u00eatre appliqu\u00e9e un jour \u00e0 une \u00e9minence, un homme profond\u00e9ment attach\u00e9 \u00e0 d\u00e9fricher des pans de la psychologie moderne, et \u00e0 \u00ab\u00a0reconstruire\u00a0\u00bb et stimuler des psychismes d\u00e9bilit\u00e9s, dont le d\u00e9veloppement intellectuel a \u00e9t\u00e9 perturb\u00e9 par diff\u00e9rents facteurs, et en particulier au sortir de la Shoah\u00a0: Reouven Feuerstein.<\/strong><\/p>\n<p><a href=\\\"https:\/\/israelmagazine.co.il\/eric-zemmour-les-juifs-israel-et-la-france-par-guy-milliere\/\\\">https:\/\/israelmagazine.co.il\/eric-zemmour-les-juifs-israel-et-la-france-par-guy-milliere\/<\/a><\/p>\n<p>Celui que ses coll\u00e8gues appelaient \u00ab\u00a0<em>le professeur<\/em>\u00a0\u00bb, et qui professait que \u00ab\u00a0<em>les chromosomes ne doivent pas avoir le dernier mot\u00a0<\/em>\u00bb, a \u00e9t\u00e9 honor\u00e9 par la ville roumaine de Botosani. Dans la cit\u00e9 natale du Pr Feuerstein, un buste en or le repr\u00e9sentant, a \u00e9t\u00e9 \u00e9rig\u00e9 au c\u0153ur du lyc\u00e9e p\u00e9dagogique, \u00e0 sa m\u00e9moire, celle d\u2019un laur\u00e9at du prix Isra\u00ebl, du prix du pr\u00e9sident de l\\&rsquo;\u00c9tat, qui a \u00e9t\u00e9 candidat au prix Nobel de la paix, et a fond\u00e9 un syst\u00e8me \u00e9ducatif portant son nom. L\u2019\u00e9v\u00e8nement est \u00e0 ce point symbolique, que lors de cette manifestation officielle, qui a \u00e9t\u00e9 organis\u00e9e pour c\u00e9l\u00e9brer Reouven Feuerstein, qui \u00e0 l\u2019\u00e2ge de 23 ans a fui la Roumanie, pour ne pas \u00eatre d\u00e9port\u00e9 vers les camps de la mort, le drapeau isra\u00e9lien a \u00e9t\u00e9 hiss\u00e9 dans sa ville natale, tandis que r\u00e9sonnaient les hymnes nationaux, celui de Roumanie et celui d\u2019Isra\u00ebl, l\u2019Hatikva.<\/p>\n<h3><strong>Mais qui est le Pr Feuerstein, et quelle est sa m\u00e9thode p\u00e9dagogique\u00a0?<\/strong><\/h3>\n<p>Reouven Feuerstein est n\u00e9 le 21 ao\u00fbt 1921 \u00e0 Boto\u0219ani, dans le sud de la Bucovine, en Roumanie. Il a commenc\u00e9 sa carri\u00e8re universitaire au Coll\u00e8ge des enseignants de Bucarest (1940-1942), avant de se consacrer \u00e0 la psychologie au Coll\u00e8ge de l\\&rsquo;UNESCO de Bucarest en 1942, et de devenir directeur d\\&rsquo;une \u00e9cole pour enfants handicap\u00e9s.<\/p>\n<p><a href=\\\"https:\/\/israelmagazine.co.il\/entretien-avec-emmanuel-navon\/\\\">https:\/\/israelmagazine.co.il\/entretien-avec-emmanuel-navon\/<\/a><\/p>\n<p>La suite de l\u2019article se trouve dans le prochain num\u00e9ro d\u2019Isra\u00ebl Magazine<\/p>\n<h3>D\u00e9couvrez un exemplaire du magazine gratuitement et cliquez ensuite sur le rebord droit<\/h3>\n<p><a href=\\\"https:\/\/online.fliphtml5.com\/rjspi\/mxre\/\\\">https:\/\/online.fliphtml5.com\/rjspi\/mxre\/<\/a><\/p>\n<p>Votre magazine livr\u00e9 chez vous en toute confidentialit\u00e9 S\u2019abonner au magazine par t\u00e9l\u00e9phone ou par whats app 00972 (0) 54 254 45 20 ou au 01 86 98 27 27<\/p>\n<p>Par email\u00a0 Andredarmon21@gmail.com<\/p>\n<p>directement sur le site https:\/\/israelmagazine.co.il\/sabonner-au-magazine\/<\/p>\n<p>Ou encore S\u2019abonner au magazine livr\u00e9 chez vous en toute confidentialit\u00e9. Remplir le formulaire<\/p>\n<p><a href=\\\"https:\/\/docs.google.com\/forms\/d\/e\/1FAIpQLSfPYJfb8KjEya-X17w0DGPAuBlCGvqVUdh_Is8EL810Lxw82A\/viewform?entry.1189475001=Recipient_Email\\\">https:\/\/docs.google.com\/forms\/d\/e\/1FAIpQLSfPYJfb8KjEya-X17w0DGPAuBlCGvqVUdh_Is8EL810Lxw82A\/viewform?entry.1189475001=Recipient_Email<\/a><\/p>\n<p>&nbsp;<\/p>\n<p><a href=\\\"https:\/\/www.facebook.com\/563799703686978\/posts\/3916028461797402\/\\\">https:\/\/www.facebook.com\/563799703686978\/posts\/3916028461797402\/<\/a><\/p>\n<p>&nbsp;<\/p>\n<p>&nbsp;<\/p>\n<p>&nbsp;<\/p>\n<p>&nbsp;<\/p>\n<p>&nbsp;<\/p>\n","protected":false},"excerpt":{"rendered":"<p>Le Pr. R\u00e9ouven Feuerstein, P\u00e9dagogue et Porteur de flamme Robert BEN DENOUN\u00a0 \u00ab\u00a0Les grands hommes font leur propre pi\u00e9destal ; l\\&rsquo;avenir se charge de la statue.\u00a0\u00bb a \u00e9crit Victor Hugo. Il ne se doutait pas que sa maxime pourrait \u00eatre appliqu\u00e9e un jour \u00e0 une \u00e9minence, un homme profond\u00e9ment attach\u00e9 \u00e0 d\u00e9fricher des pans de &hellip;<\/p>\n<p class=\"read-more\"> <a class=\"\" href=\"https:\/\/israelmagazine.net\/?p=56156\"> <span class=\"screen-reader-text\">Le Pr. R\u00e9ouven Feuerstein, P\u00e9dagogue et Porteur de flamme<\/span> Lire la suite \u00bb<\/a><\/p>\n","protected":false},"author":4,"featured_media":56157,"comment_status":"open","ping_status":"open","sticky":false,"template":"","format":"standard","meta":{"site-sidebar-layout":"default","site-content-layout":"default","ast-global-header-display":"","ast-main-header-display":"","ast-hfb-above-header-display":"","ast-hfb-below-header-display":"","ast-hfb-mobile-header-display":"","site-post-title":"","ast-breadcrumbs-content":"","ast-featured-img":"","footer-sml-layout":"","theme-transparent-header-meta":"","adv-header-id-meta":"","stick-header-meta":"","header-above-stick-meta":"","header-main-stick-meta":"","header-below-stick-meta":""},"categories":[84,814,1665,1618],"tags":[825,1635,2699,815,2988,1636,877,1761],"sujet":[],"_links":{"self":[{"href":"https:\/\/israelmagazine.net\/index.php?rest_route=\/wp\/v2\/posts\/56156"}],"collection":[{"href":"https:\/\/israelmagazine.net\/index.php?rest_route=\/wp\/v2\/posts"}],"about":[{"href":"https:\/\/israelmagazine.net\/index.php?rest_route=\/wp\/v2\/types\/post"}],"author":[{"embeddable":true,"href":"https:\/\/israelmagazine.net\/index.php?rest_route=\/wp\/v2\/users\/4"}],"replies":[{"embeddable":true,"href":"https:\/\/israelmagazine.net\/index.php?rest_route=%2Fwp%2Fv2%2Fcomments&post=56156"}],"version-history":[{"count":0,"href":"https:\/\/israelmagazine.net\/index.php?rest_route=\/wp\/v2\/posts\/56156\/revisions"}],"wp:featuredmedia":[{"embeddable":true,"href":"https:\/\/israelmagazine.net\/index.php?rest_route=\/"}],"wp:attachment":[{"href":"https:\/\/israelmagazine.net\/index.php?rest_route=%2Fwp%2Fv2%2Fmedia&parent=56156"}],"wp:term":[{"taxonomy":"category","embeddable":true,"href":"https:\/\/israelmagazine.net\/index.php?rest_route=%2Fwp%2Fv2%2Fcategories&post=56156"},{"taxonomy":"post_tag","embeddable":true,"href":"https:\/\/israelmagazine.net\/index.php?rest_route=%2Fwp%2Fv2%2Ftags&post=56156"},{"taxonomy":"sujet","embeddable":true,"href":"https:\/\/israelmagazine.net\/index.php?rest_route=%2Fwp%2Fv2%2Fsujet&post=56156"}],"curies":[{"name":"wp","href":"https:\/\/api.w.org\/{rel}","templated":true}]}}