{"id":56264,"date":"2021-12-16T09:50:31","date_gmt":"2021-12-16T07:50:31","guid":{"rendered":"https:\/\/israelmagazine.net\/?p=56264"},"modified":"2021-12-16T09:50:31","modified_gmt":"2021-12-16T07:50:31","slug":"lallemagne-pilier-de-la-securite-et-de-la-survie-disrael","status":"publish","type":"post","link":"https:\/\/israelmagazine.net\/?p=56264","title":{"rendered":"L\u2019Allemagne, pilier de la s\u00e9curit\u00e9 et de la survie d\u2019Isra\u00ebl\u00a0?"},"content":{"rendered":"<h3><strong><em>L\u2019Allemagne, pilier de la s\u00e9curit\u00e9 et de la survie d\u2019Isra\u00ebl\u00a0? <\/em><\/strong><\/h3>\n<p><strong><em>Par Frank Khalifa<\/em><\/strong><\/p>\n<a href=\\\"https:\/\/israelmagazine.co.il\/wp-content\/uploads\/2021\/12\/LV6LMX6LS5GLNKRHGK7PDNIO2I.webp\\\"><img class=\\\"size-medium wp-image-56265\\\" src=\\\"https:\/\/israelmagazine.co.il\/wp-content\/uploads\/2021\/12\/LV6LMX6LS5GLNKRHGK7PDNIO2I-300x187.webp\\\" alt=\\\"le chancelier\\\" width=\\\"300\\\" height=\\\"187\\\" \/><\/a>\n<p>L\u2019in\u00e9branlable Ang\u00e9la Merkel vient de tirer sa r\u00e9v\u00e9rence et n\u2019entamera pas une nouvelle mandature. Olaf Scholz, leader du SPD, parti social d\u00e9mocrate, est devenu le 8 d\u00e9cembre 2021, le neuvi\u00e8me chancelier de l\u2019Allemagne d\u2019apr\u00e8s-guerre, faisant revenir au pouvoir le centre-gauche avec deux nouveaux partenaires de coalition, les Verts et les lib\u00e9raux du FDP.<\/p>\n<p>Parall\u00e8lement, en Isra\u00ebl, l\u2019apr\u00e8s Netanyahou, avec la coalition tr\u00e8s fragile et tr\u00e8s contest\u00e9e du gouvernement Bennett, nous am\u00e8ne tout naturellement \u00e0 dresser un portrait des relations entre l\u2019Etat h\u00e9breu et l\u2019Allemagne. Le nouveau gouvernement allemand apportera-t-il des changements dans les relations du pays avec l\\&rsquo;Etat juif ? Shimon Stein, chercheur principal \u00e0 l\\&rsquo;Institut d\\&rsquo;Etudes sur la s\u00e9curit\u00e9 nationale de l\\&rsquo;Universit\u00e9 de Tel-Aviv et ancien ambassadeur d\\&rsquo;Isra\u00ebl \u00e0 Berlin, ne s\\&rsquo;attend \u00e0 aucun changement majeur dans les relations entre les pays. De m\u00eame, le Dr Maya Sion-Tzidkiyahu, directrice du programme sur les relations Isra\u00ebl-Europe \u00e0 l\\&rsquo;Institut isra\u00e9lien des politiques \u00e9trang\u00e8res r\u00e9gionales, convient qu\\&rsquo;aucun changement majeur n\\&rsquo;est \u00e0 pr\u00e9voir.<\/p>\n<p>La suite de l\u2019article se trouve dans le prochain num\u00e9ro d\u2019Isra\u00ebl Magazine<\/p>\n<h3>D\u00e9couvrez un exemplaire du magazine gratuitement et cliquez ensuite sur le rebord droit<\/h3>\n<p><a href=\\\"https:\/\/online.fliphtml5.com\/rjspi\/mxre\/\\\">https:\/\/online.fliphtml5.com\/rjspi\/mxre\/<\/a><\/p>\n<p>Votre magazine livr\u00e9 chez vous en toute confidentialit\u00e9 S\u2019abonner au magazine par t\u00e9l\u00e9phone ou par whats app 00972 (0) 54 254 45 20 ou au 01 86 98 27 27<\/p>\n<p>Par email\u00a0 Andredarmon21@gmail.com<\/p>\n<p>directement sur le site<\/p>\n<p><a href=\\\"https:\/\/israelmagazine.co.il\/sabonner-au-magazine\/\\\">https:\/\/israelmagazine.co.il\/sabonner-au-magazine\/<\/a><\/p>\n<p>Ou encore S\u2019abonner au magazine livr\u00e9 chez vous en toute confidentialit\u00e9. Remplir le formulaire<\/p>\n<p><a href=\\\"https:\/\/docs.google.com\/forms\/d\/e\/1FAIpQLSfPYJfb8KjEya-X17w0DGPAuBlCGvqVUdh_Is8EL810Lxw82A\/viewform?entry.1189475001=Recipient_Email\\\">https:\/\/docs.google.com\/forms\/d\/e\/1FAIpQLSfPYJfb8KjEya-X17w0DGPAuBlCGvqVUdh_Is8EL810Lxw82A\/viewform?entry.1189475001=Recipient_Email<\/a><\/p>\n<p>&nbsp;<\/p>\n<p><a href=\\\"https:\/\/www.facebook.com\/563799703686978\/posts\/3916028461797402\/\\\">https:\/\/www.facebook.com\/563799703686978\/posts\/3916028461797402\/<\/a><\/p>\n","protected":false},"excerpt":{"rendered":"<p>L\u2019Allemagne, pilier de la s\u00e9curit\u00e9 et de la survie d\u2019Isra\u00ebl\u00a0? Par Frank Khalifa L\u2019in\u00e9branlable Ang\u00e9la Merkel vient de tirer sa r\u00e9v\u00e9rence et n\u2019entamera pas une nouvelle mandature. Olaf Scholz, leader du SPD, parti social d\u00e9mocrate, est devenu le 8 d\u00e9cembre 2021, le neuvi\u00e8me chancelier de l\u2019Allemagne d\u2019apr\u00e8s-guerre, faisant revenir au pouvoir le centre-gauche avec deux &hellip;<\/p>\n<p class=\"read-more\"> <a class=\"\" href=\"https:\/\/israelmagazine.net\/?p=56264\"> <span class=\"screen-reader-text\">L\u2019Allemagne, pilier de la s\u00e9curit\u00e9 et de la survie d\u2019Isra\u00ebl\u00a0?<\/span> Lire la suite \u00bb<\/a><\/p>\n","protected":false},"author":4,"featured_media":56265,"comment_status":"open","ping_status":"open","sticky":false,"template":"","format":"standard","meta":{"site-sidebar-layout":"default","site-content-layout":"default","ast-global-header-display":"","ast-main-header-display":"","ast-hfb-above-header-display":"","ast-hfb-below-header-display":"","ast-hfb-mobile-header-display":"","site-post-title":"","ast-breadcrumbs-content":"","ast-featured-img":"","footer-sml-layout":"","theme-transparent-header-meta":"","adv-header-id-meta":"","stick-header-meta":"","header-above-stick-meta":"","header-main-stick-meta":"","header-below-stick-meta":""},"categories":[1621,1612,1617],"tags":[2143,3007,1739,2346,289,1635,881,1474,1628,815,383,1936,2569,1638],"sujet":[],"_links":{"self":[{"href":"https:\/\/israelmagazine.net\/index.php?rest_route=\/wp\/v2\/posts\/56264"}],"collection":[{"href":"https:\/\/israelmagazine.net\/index.php?rest_route=\/wp\/v2\/posts"}],"about":[{"href":"https:\/\/israelmagazine.net\/index.php?rest_route=\/wp\/v2\/types\/post"}],"author":[{"embeddable":true,"href":"https:\/\/israelmagazine.net\/index.php?rest_route=\/wp\/v2\/users\/4"}],"replies":[{"embeddable":true,"href":"https:\/\/israelmagazine.net\/index.php?rest_route=%2Fwp%2Fv2%2Fcomments&post=56264"}],"version-history":[{"count":0,"href":"https:\/\/israelmagazine.net\/index.php?rest_route=\/wp\/v2\/posts\/56264\/revisions"}],"wp:featuredmedia":[{"embeddable":true,"href":"https:\/\/israelmagazine.net\/index.php?rest_route=\/"}],"wp:attachment":[{"href":"https:\/\/israelmagazine.net\/index.php?rest_route=%2Fwp%2Fv2%2Fmedia&parent=56264"}],"wp:term":[{"taxonomy":"category","embeddable":true,"href":"https:\/\/israelmagazine.net\/index.php?rest_route=%2Fwp%2Fv2%2Fcategories&post=56264"},{"taxonomy":"post_tag","embeddable":true,"href":"https:\/\/israelmagazine.net\/index.php?rest_route=%2Fwp%2Fv2%2Ftags&post=56264"},{"taxonomy":"sujet","embeddable":true,"href":"https:\/\/israelmagazine.net\/index.php?rest_route=%2Fwp%2Fv2%2Fsujet&post=56264"}],"curies":[{"name":"wp","href":"https:\/\/api.w.org\/{rel}","templated":true}]}}