{"id":56298,"date":"2021-12-28T09:57:34","date_gmt":"2021-12-28T07:57:34","guid":{"rendered":"https:\/\/israelmagazine.net\/?p=56298"},"modified":"2021-12-28T09:57:34","modified_gmt":"2021-12-28T07:57:34","slug":"linstitut-du-monde-arabe-a-paris","status":"publish","type":"post","link":"https:\/\/israelmagazine.net\/?p=56298","title":{"rendered":"L\u2019INSTITUT du Monde Arabe \u00e0 Paris"},"content":{"rendered":"<h3><strong>L\u2019INSTITUT du Monde Arabe \u00e0 Paris<\/strong><\/h3>\n<h3><strong>\u00a0L\u2019exposition \u00e9trange des \u00ab\u00a0Juifs d\u2019Orient\u00a0\u00bb <\/strong><\/h3>\n<p>David Reinharc<\/p>\n<img class=\\\"size-medium wp-image-56299\\\" src=\\\"https:\/\/israelmagazine.co.il\/wp-content\/uploads\/2021\/12\/Teaser-autour-de-lexposition-Juifs-dOriet-300x185.png\\\" alt=\\\"Orient\\\" width=\\\"300\\\" height=\\\"185\\\" \/>\n<p><strong><em>\u00a0La communaut\u00e9 juive se rend en ce moment \u00e0 l\u2019exposition \u00e0 l\u2019IMA, qui raconte vingt-si\u00e8cles d\u2019exil des communaut\u00e9s juives au Proche-Orient. \u00a0Et si cette exposition, au lieu de rappeler \u00e0 l\u2019ordre des r\u00e9alit\u00e9s historiques, entretenait le monde arabe dans l\u2019illusion qu\u2019il a de lui-m\u00eame\u00a0? Enqu\u00eate.<\/em><\/strong><\/p>\n<p><a href=\\\"https:\/\/israelmagazine.co.il\/vient-de-paraitre\/\\\">https:\/\/israelmagazine.co.il\/vient-de-paraitre\/<\/a><\/p>\n<p><strong>\u00a0<\/strong>A Paris, l\u2019Institut du monde arabe explore l\u2019histoire plurimill\u00e9naire des Juifs d\u2019orient. \u00ab\u00a0Une grande premi\u00e8re \u00e0 l\u2019\u00e9chelle internationale\u00a0\u00bb, affirme Benjamin Stora, commissaire g\u00e9n\u00e9ral de l\u2019exposition. \u00ab\u00a0Historique et sans pr\u00e9c\u00e9dent\u00a0\u00bb rench\u00e9rit le pr\u00e9sident de l\u2019Institut du monde arabe, Jack Lang. Ce dernier clame \u00e0 qui veut l\u2019entendre\u00a0: il y aura un avant et un apr\u00e8s cette exposition, qui s\u2019inscrit dans une trilogie d\u00e9di\u00e9e \u00e0 chacune des trois religions monoth\u00e9istes. L\u2019islam fut illustr\u00e9 par deux grandes expositions\u00a0: <em>Hajj, le P\u00e8lerinage \u00e0 la Mecque<\/em> et <em>Tr\u00e9sors de l\u2019Islam en Afrique<\/em>\u00a0; le christianisme, par l\u2019exposition <em>Chr\u00e9tiens d\u2019Orient. Deux mille ans d\u2019Histoire<\/em>. Et en cet automne 2021, le juda\u00efsme est illustr\u00e9 par l\u2019exposition <em>Juifs d\u2019Orient. Une histoire plurimill\u00e9naire<\/em>. On aurait pu aussi intituler les deux derni\u00e8res\u00a0: <em>Requiem pour des mondes d\u00e9funts<\/em>, tant l\u2019actualit\u00e9 nous rappelle tragiquement que le processus en cours de \\\u00a0\u00bbSolution finale\\\u00a0\u00bb des chr\u00e9tiens d\\&rsquo;Orient venu surtout du monde musulman est en voie d\\&rsquo;ach\u00e8vement tandis qu\u2019il n\u2019y a pour ainsi dire plus de Juifs dans ce monde l\u00e0. Il y a un si\u00e8cle le Proche et Moyen-Orient comptaient 20 % de Chr\u00e9tiens. Pour beaucoup victimes du totalitarisme islamiste, ils ne forment plus que 4 % de la population. En 1945, il y avait environ 900\u00a0000 Juifs dans le monde arabe, d\u2019\u00e9tablissement bien plus ancien que la conqu\u00eate arabe. Ils ne sont plus que quelques milliers \u00e0 peine. Plus de 600\u00a0000 de ces Juifs ont trouv\u00e9 refuge en Isra\u00ebl, 260\u00a0000 en Europe et aux Am\u00e9riques, avant les ann\u00e9es 1970 \u2013 1980. Une culture mill\u00e9naire a disparu aussi abruptement, apr\u00e8s avoir \u00e9t\u00e9 spoli\u00e9 et cet \u00e9change de population \u2013 600\u00a0000 Palestiniens sont partis au moment de la cr\u00e9ation de l\u2019Etat d\u2019Isra\u00ebl vs 600\u00a0000 Juifs furent d\u00e9plac\u00e9s des pays arabes \u2013 n\u2019est pas \u00e9voqu\u00e9 dans l\u2019exposition. Notre g\u00e9n\u00e9ration a assist\u00e9 \u00e0 la fin d\u2019un monde, qui a exist\u00e9 et qui ne reviendra jamais, mais cette exp\u00e9rience existentielle consid\u00e9rable est quasi occult\u00e9e.<\/p>\n<p>La suite de l\u2019article se trouve dans le prochain num\u00e9ro d\u2019Isra\u00ebl Magazine<\/p>\n<p><a href=\\\"https:\/\/israelmagazine.co.il\/washington-et-londres-refusent-la-constitution-dune-armee-juive\/\\\">https:\/\/israelmagazine.co.il\/washington-et-londres-refusent-la-constitution-dune-armee-juive\/<\/a><\/p>\n<p>D\u00e9couvrez un exemplaire du magazine gratuitement et cliquez ensuite sur le rebord droit<\/p>\n<p><a href=\\\"https:\/\/online.fliphtml5.com\/rjspi\/mxre\/\\\">https:\/\/online.fliphtml5.com\/rjspi\/mxre\/<\/a><\/p>\n<p>Votre magazine livr\u00e9 chez vous en toute confidentialit\u00e9 S\u2019abonner au magazine par t\u00e9l\u00e9phone ou par whats app 00972 (0) 54 254 45 20 ou au 01 86 98 27 27<\/p>\n<h3>Par email\u00a0 Andredarmon21@gmail.com<\/h3>\n<p>directement sur le site<\/p>\n<p><a href=\\\"https:\/\/israelmagazine.co.il\/sabonner-au-magazine\/\\\">https:\/\/israelmagazine.co.il\/sabonner-au-magazine\/<\/a><\/p>\n<p>Ou encore S\u2019abonner au magazine livr\u00e9 chez vous en toute confidentialit\u00e9. Remplir le formulaire<\/p>\n<p><a href=\\\"https:\/\/docs.google.com\/forms\/d\/e\/1FAIpQLSfPYJfb8KjEya-X17w0DGPAuBlCGvqVUdh_Is8EL810Lxw82A\/viewform?entry.1189475001=Recipient_Email\\\">https:\/\/docs.google.com\/forms\/d\/e\/1FAIpQLSfPYJfb8KjEya-X17w0DGPAuBlCGvqVUdh_Is8EL810Lxw82A\/viewform?entry.1189475001=Recipient_Email<\/a><\/p>\n<p>&nbsp;<\/p>\n<p><a href=\\\"https:\/\/www.facebook.com\/563799703686978\/posts\/3916028461797402\/\\\">https:\/\/www.facebook.com\/563799703686978\/posts\/3916028461797402\/<\/a><\/p>\n<p>&nbsp;<\/p>\n<p>&nbsp;<\/p>\n<p>&nbsp;<\/p>\n","protected":false},"excerpt":{"rendered":"<p>L\u2019INSTITUT du Monde Arabe \u00e0 Paris \u00a0L\u2019exposition \u00e9trange des \u00ab\u00a0Juifs d\u2019Orient\u00a0\u00bb David Reinharc \u00a0La communaut\u00e9 juive se rend en ce moment \u00e0 l\u2019exposition \u00e0 l\u2019IMA, qui raconte vingt-si\u00e8cles d\u2019exil des communaut\u00e9s juives au Proche-Orient. \u00a0Et si cette exposition, au lieu de rappeler \u00e0 l\u2019ordre des r\u00e9alit\u00e9s historiques, entretenait le monde arabe dans l\u2019illusion qu\u2019il a &hellip;<\/p>\n<p class=\"read-more\"> <a class=\"\" href=\"https:\/\/israelmagazine.net\/?p=56298\"> <span class=\"screen-reader-text\">L\u2019INSTITUT du Monde Arabe \u00e0 Paris<\/span> Lire la suite \u00bb<\/a><\/p>\n","protected":false},"author":4,"featured_media":56299,"comment_status":"open","ping_status":"open","sticky":false,"template":"","format":"standard","meta":{"site-sidebar-layout":"default","site-content-layout":"default","ast-global-header-display":"","ast-main-header-display":"","ast-hfb-above-header-display":"","ast-hfb-below-header-display":"","ast-hfb-mobile-header-display":"","site-post-title":"","ast-breadcrumbs-content":"","ast-featured-img":"","footer-sml-layout":"","theme-transparent-header-meta":"","adv-header-id-meta":"","stick-header-meta":"","header-above-stick-meta":"","header-main-stick-meta":"","header-below-stick-meta":""},"categories":[84,839,814,811],"tags":[1739,2346,1635,2699,1474,2013,1628,3008,3009,1761],"sujet":[],"_links":{"self":[{"href":"https:\/\/israelmagazine.net\/index.php?rest_route=\/wp\/v2\/posts\/56298"}],"collection":[{"href":"https:\/\/israelmagazine.net\/index.php?rest_route=\/wp\/v2\/posts"}],"about":[{"href":"https:\/\/israelmagazine.net\/index.php?rest_route=\/wp\/v2\/types\/post"}],"author":[{"embeddable":true,"href":"https:\/\/israelmagazine.net\/index.php?rest_route=\/wp\/v2\/users\/4"}],"replies":[{"embeddable":true,"href":"https:\/\/israelmagazine.net\/index.php?rest_route=%2Fwp%2Fv2%2Fcomments&post=56298"}],"version-history":[{"count":0,"href":"https:\/\/israelmagazine.net\/index.php?rest_route=\/wp\/v2\/posts\/56298\/revisions"}],"wp:featuredmedia":[{"embeddable":true,"href":"https:\/\/israelmagazine.net\/index.php?rest_route=\/"}],"wp:attachment":[{"href":"https:\/\/israelmagazine.net\/index.php?rest_route=%2Fwp%2Fv2%2Fmedia&parent=56298"}],"wp:term":[{"taxonomy":"category","embeddable":true,"href":"https:\/\/israelmagazine.net\/index.php?rest_route=%2Fwp%2Fv2%2Fcategories&post=56298"},{"taxonomy":"post_tag","embeddable":true,"href":"https:\/\/israelmagazine.net\/index.php?rest_route=%2Fwp%2Fv2%2Ftags&post=56298"},{"taxonomy":"sujet","embeddable":true,"href":"https:\/\/israelmagazine.net\/index.php?rest_route=%2Fwp%2Fv2%2Fsujet&post=56298"}],"curies":[{"name":"wp","href":"https:\/\/api.w.org\/{rel}","templated":true}]}}