{"id":56338,"date":"2022-01-10T11:27:33","date_gmt":"2022-01-10T09:27:33","guid":{"rendered":"https:\/\/israelmagazine.net\/?p=56338"},"modified":"2022-01-10T11:27:33","modified_gmt":"2022-01-10T09:27:33","slug":"la-bulgarie-a-t-elle-sauve-tous-ses-juifs-1940-1944","status":"publish","type":"post","link":"https:\/\/israelmagazine.net\/?p=56338","title":{"rendered":"La Bulgarie a-t-elle sauv\u00e9 tous ses Juifs !\u00a0 1940-1944"},"content":{"rendered":"<h3>\u00a0 La Bulgarie a-t-elle sauv\u00e9 tous ses Juifs !\u00a0 1940-1944<\/h3>\n<h3>\u00a0 Une r\u00e9alit\u00e9 ou une id\u00e9e re\u00e7ue ?<\/h3>\n<p>Copyright Marc-Andr\u00e9 Chargu\u00e9raud et Isra\u00ebl Magazine. Gen\u00e8ve. 2022<\/p>\n<p><a href=\\\"https:\/\/israelmagazine.co.il\/exemption-de-visas-entre-le-maroc-et-israel\/\\\">https:\/\/israelmagazine.co.il\/exemption-de-visas-entre-le-maroc-et-israel\/<\/a><\/p>\n<p>Pour certains historiens, le sauvetage des Juifs bulgares est consid\u00e9r\u00e9 comme un sujet de fiert\u00e9 nationale. D\u00e8s 1966, Hannah Arendt \u00e9crit \u00e0 propos de la Bulgarie : \u00ab Pas un seul Juif n\u2019a \u00e9t\u00e9 d\u00e9port\u00e9, aucun n\u2019est mort de cause autre que naturelle \u00bb.[1] Tzvetan Todorov, directeur de recherche au CNRS, de s\u2019exclamer en 1999 \u00ab Comment expliquer ce merveilleux accomplissement du bien ? \u00bb[2]<\/p>\n<p>Il est exact qu\u2019aucun des 50 000 Juifs r\u00e9sidant dans la Bulgarie des fronti\u00e8res de 1918 n\u2019a \u00e9t\u00e9 d\u00e9port\u00e9. C\u2019est oublier les 11 343 Juifs envoy\u00e9s \u00e0 la mort en 1943 de Thrace et de Mac\u00e9doine, des territoires \u00ablib\u00e9r\u00e9s par l\u2019arm\u00e9e bulgare \u00bb en 1941. Deux provinces qui faisaient partie de la Bulgarie avant 1918.<\/p>\n<p>Alli\u00e9e de l\u2019Allemagne pendant la guerre de 1914-1918, la Bulgarie a d\u00fb c\u00e9der sa province de Mac\u00e9doine \u00e0 la Serbie (qui deviendra la Yougoslavie) et celle de Thrace \u00e0 la Gr\u00e8ce. En mars 1941, La Bulgarie rejoint l\u2019Axe, l\u2019alliance militaire de l\u2019Allemagne, de l\u2019Italie et du Japon.[3] Sofia autorise les troupes allemandes \u00e0 transiter par le pays, facilitant la conqu\u00eate de la Gr\u00e8ce, de la Yougoslavie et l\u2019offensive contre l\u2019URSS. Bien que n\u2019ayant pas combattu, les troupes bulgares sont autoris\u00e9es par les Allemands \u00e0 reprendre possession de la Thrace et de la Mac\u00e9doine. Ce ne sont pas des troupes d\u2019occupation bulgares qui arrivent mais bien une arm\u00e9e de Lib\u00e9ration.<\/p>\n<p>Le 5 juin, ce retour \u00e0 la m\u00e8re patrie de deux provinces qui font partie du patrimoine ancestral bulgare est concr\u00e9tis\u00e9 par un d\u00e9cret le 5 juin 1942 : Tous les anciens citoyens yougoslaves ou grecs de ces territoires redeviennent bulgares \u00e0 l\u2019exception des personnes d\u2019origine juive.[4] Cette mesure discriminatoire antis\u00e9mite grave sera fatale. \u00a0Les Allemands ne se pr\u00e9occupent de la \u00ab solution finale \u00bb en Bulgarie qu\u2019au d\u00e9but 1943, une ann\u00e9e apr\u00e8s le d\u00e9but des d\u00e9portations en masse des Juifs dans le reste de l\u2019Europe.[5]<\/p>\n<h3>La suite de l\u2019article se trouve dans le prochain num\u00e9ro d\u2019Isra\u00ebl Magazine<\/h3>\n<p>D\u00e9couvrez un exemplaire du magazine gratuitement et cliquez ensuite sur le rebord droit<\/p>\n<p><a href=\\\"https:\/\/online.fliphtml5.com\/rjspi\/mxre\/\\\">https:\/\/online.fliphtml5.com\/rjspi\/mxre\/<\/a><\/p>\n<p>Votre magazine livr\u00e9 chez vous en toute confidentialit\u00e9 S\u2019abonner au magazine par t\u00e9l\u00e9phone ou par whats app 00972 (0) 54 254 45 20 ou au 01 86 98 27 27<\/p>\n<p>Par email\u00a0 Andredarmon21@gmail.com<\/p>\n<p>directement sur le site<\/p>\n<p><a href=\\\"https:\/\/israelmagazine.co.il\/sabonner-au-magazine\/\\\">https:\/\/israelmagazine.co.il\/sabonner-au-magazine\/<\/a><\/p>\n<p>Ou encore S\u2019abonner au magazine livr\u00e9 chez vous en toute confidentialit\u00e9. Remplir le formulaire<\/p>\n<p><a href=\\\"https:\/\/docs.google.com\/forms\/d\/e\/1FAIpQLSfPYJfb8KjEya-X17w0DGPAuBlCGvqVUdh_Is8EL810Lxw82A\/viewform?entry.1189475001=Recipient_Email\\\">https:\/\/docs.google.com\/forms\/d\/e\/1FAIpQLSfPYJfb8KjEya-X17w0DGPAuBlCGvqVUdh_Is8EL810Lxw82A\/viewform?entry.1189475001=Recipient_Email<\/a><\/p>\n<p><a href=\\\"https:\/\/www.facebook.com\/563799703686978\/posts\/3916028461797402\/\\\">https:\/\/www.facebook.com\/563799703686978\/posts\/3916028461797402\/<\/a><\/p>\n<p>&nbsp;<\/p>\n<p>&nbsp;<\/p>\n","protected":false},"excerpt":{"rendered":"<p>\u00a0 La Bulgarie a-t-elle sauv\u00e9 tous ses Juifs !\u00a0 1940-1944 \u00a0 Une r\u00e9alit\u00e9 ou une id\u00e9e re\u00e7ue ? Copyright Marc-Andr\u00e9 Chargu\u00e9raud et Isra\u00ebl Magazine. Gen\u00e8ve. 2022 https:\/\/israelmagazine.co.il\/exemption-de-visas-entre-le-maroc-et-israel\/ Pour certains historiens, le sauvetage des Juifs bulgares est consid\u00e9r\u00e9 comme un sujet de fiert\u00e9 nationale. D\u00e8s 1966, Hannah Arendt \u00e9crit \u00e0 propos de la Bulgarie : \u00ab &hellip;<\/p>\n<p class=\"read-more\"> <a class=\"\" href=\"https:\/\/israelmagazine.net\/?p=56338\"> <span class=\"screen-reader-text\">La Bulgarie a-t-elle sauv\u00e9 tous ses Juifs !\u00a0 1940-1944<\/span> Lire la suite \u00bb<\/a><\/p>\n","protected":false},"author":4,"featured_media":56339,"comment_status":"open","ping_status":"open","sticky":false,"template":"","format":"standard","meta":{"site-sidebar-layout":"default","site-content-layout":"default","ast-global-header-display":"","ast-main-header-display":"","ast-hfb-above-header-display":"","ast-hfb-below-header-display":"","ast-hfb-mobile-header-display":"","site-post-title":"","ast-breadcrumbs-content":"","ast-featured-img":"","footer-sml-layout":"","theme-transparent-header-meta":"","adv-header-id-meta":"","stick-header-meta":"","header-above-stick-meta":"","header-main-stick-meta":"","header-below-stick-meta":""},"categories":[84,814,1642,1673,811],"tags":[825,1739,3012,289,810,845,2699,1474,1628,815,937,383,2569,2124],"sujet":[],"_links":{"self":[{"href":"https:\/\/israelmagazine.net\/index.php?rest_route=\/wp\/v2\/posts\/56338"}],"collection":[{"href":"https:\/\/israelmagazine.net\/index.php?rest_route=\/wp\/v2\/posts"}],"about":[{"href":"https:\/\/israelmagazine.net\/index.php?rest_route=\/wp\/v2\/types\/post"}],"author":[{"embeddable":true,"href":"https:\/\/israelmagazine.net\/index.php?rest_route=\/wp\/v2\/users\/4"}],"replies":[{"embeddable":true,"href":"https:\/\/israelmagazine.net\/index.php?rest_route=%2Fwp%2Fv2%2Fcomments&post=56338"}],"version-history":[{"count":0,"href":"https:\/\/israelmagazine.net\/index.php?rest_route=\/wp\/v2\/posts\/56338\/revisions"}],"wp:featuredmedia":[{"embeddable":true,"href":"https:\/\/israelmagazine.net\/index.php?rest_route=\/"}],"wp:attachment":[{"href":"https:\/\/israelmagazine.net\/index.php?rest_route=%2Fwp%2Fv2%2Fmedia&parent=56338"}],"wp:term":[{"taxonomy":"category","embeddable":true,"href":"https:\/\/israelmagazine.net\/index.php?rest_route=%2Fwp%2Fv2%2Fcategories&post=56338"},{"taxonomy":"post_tag","embeddable":true,"href":"https:\/\/israelmagazine.net\/index.php?rest_route=%2Fwp%2Fv2%2Ftags&post=56338"},{"taxonomy":"sujet","embeddable":true,"href":"https:\/\/israelmagazine.net\/index.php?rest_route=%2Fwp%2Fv2%2Fsujet&post=56338"}],"curies":[{"name":"wp","href":"https:\/\/api.w.org\/{rel}","templated":true}]}}