{"id":56484,"date":"2022-02-07T08:17:52","date_gmt":"2022-02-07T06:17:52","guid":{"rendered":"https:\/\/israelmagazine.net\/?p=56484"},"modified":"2022-02-07T08:17:52","modified_gmt":"2022-02-07T06:17:52","slug":"la-communaute-juive-dorleans","status":"publish","type":"post","link":"https:\/\/israelmagazine.net\/?p=56484","title":{"rendered":"La Communaut\u00e9 juive d\u2019ORL\u00c9ANS"},"content":{"rendered":"<h3>La Communaut\u00e9 juive d\u2019ORL\u00c9ANS<\/h3>\n<p>La guerre, la Shoah et la rumeur<\/p>\n<p>par Genevi\u00e8ve Wittmann<\/p>\n<p><img class=\\\"alignnone size-full wp-image-56452\\\" src=\\\"https:\/\/israelmagazine.co.il\/wp-content\/uploads\/2022\/02\/ban-abo-im254.jpg\\\" alt=\\\"\\\" width=\\\"300\\\" height=\\\"250\\\" \/><\/p>\n<p>&nbsp;<\/p>\n<p>J\u2019ai rendez-vous ce matin de janvier \u00e0 la petite synagogue d\u2019Orl\u00e9ans. Le froid est mordant. Les tours \u00e9l\u00e9gantes de la cath\u00e9drale \u00e9mergent \u00e0 peine d\u2019un \u00e9pais brouillard, le pav\u00e9 est glissant. Il bruine une sorte de gr\u00e9sil fin et glacial. Au chevet de la cath\u00e9drale, s\u2019\u00e9tendent les jardins de l\u2019\u00c9v\u00each\u00e9, fa\u00e7ades aust\u00e8res du XVIIIe. \u00a0\u00c0 l\u2019entr\u00e9e se dresse le b\u00e2timent qui depuis 1970 est la synagogue d\u2019Orl\u00e9ans. Le pignon au toit pointu est agr\u00e9ment\u00e9 d\u2019un vitrail surmont\u00e9 d\u2019une \u00e9toile de David. On p\u00e9n\u00e8tre par une petite porte blanche dans la muraille, orn\u00e9e des tables de la Loi. Une vol\u00e9e de marches et nous voici au c\u0153ur de la communaut\u00e9. Il y fait bon, l\u2019odeur d\u2019un caf\u00e9 chaud et le sourire radieux du jeune rabbin, Ari\u00e9 Engelberg, ach\u00e8vent de me r\u00e9chauffer. Un des anciens de la communaut\u00e9 est l\u00e0, lui aussi. \u00a0Jacob Oliel, instituteur dans le Sahara dans les ann\u00e9es 60, est f\u00e9ru d\u2019Histoire. Il a tenu \u00e0 m\u2019accueillir pour me raconter anecdotes et autres r\u00e9cits \u00e0 propos des Juifs de l\u2019Orl\u00e9anais. Et des histoires, il y en a ! Le rabbin, Ari\u00e9 Engelberg, a 30 ans. Il a repris les r\u00eanes de la communaut\u00e9 en ao\u00fbt 2018, apportant avec son \u00e9pouse, \u00e9nergie, Foi et amour du juda\u00efsme au service de la cit\u00e9. Ari\u00e9 a \u00e9t\u00e9 \u00e9lev\u00e9 dans la tradition Loubavitch qui n\u2019a de cesse de r\u00e9insuffler le Rouach l\u00e0 o\u00f9 les forces vives du juda\u00efsme se sont essouffl\u00e9es voire \u00e9teintes. Leurs efforts sont ici r\u00e9compens\u00e9s. Le Talmud Torah, le club des ados, la distribution des \u2018hallot \u00e0 Shabbat, les vivres apport\u00e9es aux anciens, les repas pris ensemble, les f\u00eates c\u00e9l\u00e9br\u00e9es dans les jardins de l\u2019\u00e9v\u00each\u00e9 o\u00f9 les autorit\u00e9s locales se joignent volontiers pour d\u00e9couvrir la Soucca ou allumer la hanoukia. Pour dynamiser le groupe de jeunes, Ari\u00e9 Engelberg les emm\u00e8ne chaque ann\u00e9e \u00e0 New-York s\u2019immerger dans la f\u00eate organis\u00e9e \u00e0 Times Square privatis\u00e9e\u2026<\/p>\n<p><a href=\\\"https:\/\/israelmagazine.co.il\/scandale-conspiration-policiere-contre-bibi-demontree\/\\\">https:\/\/israelmagazine.co.il\/scandale-conspiration-policiere-contre-bibi-demontree\/<\/a><\/p>\n<h3>La suite de l\u2019article se trouve dans le prochain num\u00e9ro d\u2019Isra\u00ebl Magazine<\/h3>\n<p>D\u00e9couvrez un exemplaire du magazine gratuitement et cliquez ensuite sur le rebord droit<\/p>\n<p><a href=\\\"https:\/\/israelmagazine.co.il\/israel-flambee-des-prix-et-des-gros-benefices-de-lalimentation-et-des-banques\/\\\">https:\/\/israelmagazine.co.il\/israel-flambee-des-prix-et-des-gros-benefices-de-lalimentation-et-des-banques\/<\/a><\/p>\n<p><a href=\\\"https:\/\/online.fliphtml5.com\/rjspi\/mxre\/\\\">https:\/\/online.fliphtml5.com\/rjspi\/mxre\/<\/a><\/p>\n<p>Votre magazine livr\u00e9 chez vous en toute confidentialit\u00e9 S\u2019abonner au magazine par t\u00e9l\u00e9phone ou par whats app 00972 (0) 54 254 45 20 ou au 01 86 98 27 27<\/p>\n<p>Par email\u00a0 Andredarmon21@gmail.com<\/p>\n<p>directement sur le site<\/p>\n<p><a href=\\\"https:\/\/israelmagazine.co.il\/sabonner-au-magazine\/\\\">https:\/\/israelmagazine.co.il\/sabonner-au-magazine\/<\/a><\/p>\n<p>Ou encore S\u2019abonner au magazine livr\u00e9 chez vous en toute confidentialit\u00e9. Remplir le formulaire<\/p>\n<p><a href=\\\"https:\/\/docs.google.com\/forms\/d\/e\/1FAIpQLSfPYJfb8KjEya-X17w0DGPAuBlCGvqVUdh_Is8EL810Lxw82A\/viewform?entry.1189475001=Recipient_Email\\\">https:\/\/docs.google.com\/forms\/d\/e\/1FAIpQLSfPYJfb8KjEya-X17w0DGPAuBlCGvqVUdh_Is8EL810Lxw82A\/viewform?entry.1189475001=Recipient_Email<\/a><\/p>\n<p><a href=\\\"https:\/\/www.facebook.com\/563799703686978\/posts\/3916028461797402\/\\\">https:\/\/www.facebook.com\/563799703686978\/posts\/3916028461797402\/<\/a><\/p>\n<p>&nbsp;<\/p>\n","protected":false},"excerpt":{"rendered":"<p>La Communaut\u00e9 juive d\u2019ORL\u00c9ANS La guerre, la Shoah et la rumeur par Genevi\u00e8ve Wittmann &nbsp; J\u2019ai rendez-vous ce matin de janvier \u00e0 la petite synagogue d\u2019Orl\u00e9ans. Le froid est mordant. Les tours \u00e9l\u00e9gantes de la cath\u00e9drale \u00e9mergent \u00e0 peine d\u2019un \u00e9pais brouillard, le pav\u00e9 est glissant. Il bruine une sorte de gr\u00e9sil fin et glacial. &hellip;<\/p>\n<p class=\"read-more\"> <a class=\"\" href=\"https:\/\/israelmagazine.net\/?p=56484\"> <span class=\"screen-reader-text\">La Communaut\u00e9 juive d\u2019ORL\u00c9ANS<\/span> Lire la suite \u00bb<\/a><\/p>\n","protected":false},"author":4,"featured_media":56452,"comment_status":"open","ping_status":"open","sticky":false,"template":"","format":"standard","meta":{"site-sidebar-layout":"default","site-content-layout":"default","ast-global-header-display":"","ast-main-header-display":"","ast-hfb-above-header-display":"","ast-hfb-below-header-display":"","ast-hfb-mobile-header-display":"","site-post-title":"","ast-breadcrumbs-content":"","ast-featured-img":"","footer-sml-layout":"","theme-transparent-header-meta":"","adv-header-id-meta":"","stick-header-meta":"","header-above-stick-meta":"","header-main-stick-meta":"","header-below-stick-meta":""},"categories":[84,1613,1673,811],"tags":[1063,825,2131,810,2699,881,955,815,1105,3031,2124,1644,821],"sujet":[],"_links":{"self":[{"href":"https:\/\/israelmagazine.net\/index.php?rest_route=\/wp\/v2\/posts\/56484"}],"collection":[{"href":"https:\/\/israelmagazine.net\/index.php?rest_route=\/wp\/v2\/posts"}],"about":[{"href":"https:\/\/israelmagazine.net\/index.php?rest_route=\/wp\/v2\/types\/post"}],"author":[{"embeddable":true,"href":"https:\/\/israelmagazine.net\/index.php?rest_route=\/wp\/v2\/users\/4"}],"replies":[{"embeddable":true,"href":"https:\/\/israelmagazine.net\/index.php?rest_route=%2Fwp%2Fv2%2Fcomments&post=56484"}],"version-history":[{"count":0,"href":"https:\/\/israelmagazine.net\/index.php?rest_route=\/wp\/v2\/posts\/56484\/revisions"}],"wp:featuredmedia":[{"embeddable":true,"href":"https:\/\/israelmagazine.net\/index.php?rest_route=\/"}],"wp:attachment":[{"href":"https:\/\/israelmagazine.net\/index.php?rest_route=%2Fwp%2Fv2%2Fmedia&parent=56484"}],"wp:term":[{"taxonomy":"category","embeddable":true,"href":"https:\/\/israelmagazine.net\/index.php?rest_route=%2Fwp%2Fv2%2Fcategories&post=56484"},{"taxonomy":"post_tag","embeddable":true,"href":"https:\/\/israelmagazine.net\/index.php?rest_route=%2Fwp%2Fv2%2Ftags&post=56484"},{"taxonomy":"sujet","embeddable":true,"href":"https:\/\/israelmagazine.net\/index.php?rest_route=%2Fwp%2Fv2%2Fsujet&post=56484"}],"curies":[{"name":"wp","href":"https:\/\/api.w.org\/{rel}","templated":true}]}}