{"id":56541,"date":"2022-02-15T10:27:56","date_gmt":"2022-02-15T08:27:56","guid":{"rendered":"https:\/\/israelmagazine.net\/?p=56541"},"modified":"2022-02-15T10:27:56","modified_gmt":"2022-02-15T08:27:56","slug":"laffaire-des-sous-marins-la-verite","status":"publish","type":"post","link":"https:\/\/israelmagazine.net\/?p=56541","title":{"rendered":"L\\&rsquo;Affaire des sous-marins: La verite: Exclusif"},"content":{"rendered":"<h3>L\\&rsquo;\u00abaffaire des sous-marins \u00bb secoue Isra\u00ebl depuis plus de cinq ans maintenant.<\/h3>\n<img class=\\\"size-medium wp-image-56542\\\" src=\\\"https:\/\/israelmagazine.co.il\/wp-content\/uploads\/2022\/02\/thumbs_b_c_19c3d00e7fede24eda6f0b08db898330-300x169.jpg\\\" alt=\\\"sous-marins\\\" width=\\\"300\\\" height=\\\"169\\\" \/>\n<p>D\u00e9mod\u00e9e tardivement, cette affaire des sous-marins est sur le point d\\&rsquo;\u00eatre examin\u00e9e par une commission nationale d\\&rsquo;enqu\u00eate. Mais m\u00eame la simple d\u00e9cision du gouvernement de cr\u00e9er ce comit\u00e9 t\u00e9moigne de la confusion que cette affaire a suscit\u00e9e.<\/p>\n<p>Le Premier ministre Naftali Bennett s\\&rsquo;est abstenu, tandis que la ministre de l\\&rsquo;Int\u00e9rieur Ayelet Shaked s\\&rsquo;est oppos\u00e9e \u00e0 la d\u00e9cision. Beaucoup dans la sph\u00e8re publique, y compris certains anciens membres tr\u00e8s haut plac\u00e9s de l\\&rsquo;establishment de la D\u00e9fense, croient de tout c\u0153ur qu\\&rsquo;il s\\&rsquo;agit de l\\&rsquo;affaire de corruption la plus grave de l\\&rsquo;histoire de l\\&rsquo;\u00c9tat d\\&rsquo;Isra\u00ebl &#8211; alors que tout autant sont convaincus qu\\&rsquo;il s\\&rsquo;agit d\\&rsquo;une enqu\u00eate politique.<\/p>\n<h3>\u00a0Une chose est s\u00fbre : c\\&rsquo;est une affaire incroyablement complexe.<\/h3>\n<p>En son c\u0153ur, on trouve des achats de d\u00e9fense dont certains de ses composants sont top secrets ; des relations internationales d\u00e9licates avec des pays comme l\\&rsquo;Allemagne, la Cor\u00e9e du Sud et l\\&rsquo;\u00c9gypte ; des milliers de documents ; et d\\&rsquo;innombrables r\u00e9unions formelles et discussions non document\u00e9es. Le journalisme d\\&rsquo;investigation, les recours devant la Cour supr\u00eame d\\&rsquo;Isra\u00ebl et les fuites intentionnelles des enqu\u00eates n\\&rsquo;ont pas n\u00e9cessairement contribu\u00e9 \u00e0 dissiper le brouillard. Les campagnes \u00e9lectorales \u00e9puisantes non plus. En fait, le contraire est probablement vrai.<\/p>\n<p>Sous-marins: ou\u00a0est la v\u00e9rit\u00e9?<\/p>\n<p>En tant qu\\&rsquo;analyste de longue date, connaissant de pr\u00e8s le syst\u00e8me de d\u00e9fense isra\u00e9lien, j\\&rsquo;ai estim\u00e9 d\u00e8s le d\u00e9part que la v\u00e9ritable histoire a aussi \u00e0 voir avec les aspirations personnelles, ainsi que celles des divers corps de Tsahal<\/p>\n<h3>La suite de l\u2019article se trouve dans le prochain num\u00e9ro d\u2019Isra\u00ebl Magazine<\/h3>\n<p>D\u00e9couvrez un exemplaire du magazine gratuitement et cliquez ensuite sur le rebord droit<\/p>\n<p><a href=\\\"https:\/\/online.fliphtml5.com\/rjspi\/mxre\/\\\">https:\/\/online.fliphtml5.com\/rjspi\/mxre\/<\/a><\/p>\n<p>Votre magazine livr\u00e9 chez vous en toute confidentialit\u00e9 S\u2019abonner au magazine par t\u00e9l\u00e9phone ou par whats app 00972 (0) 54 254 45 20 ou au 01 86 98 27 27<\/p>\n<p>Par email\u00a0 Andredarmon21@gmail.com<\/p>\n<p>directement sur le site<\/p>\n<p><a href=\\\"https:\/\/israelmagazine.co.il\/sabonner-au-magazine\/\\\">https:\/\/israelmagazine.co.il\/sabonner-au-magazine\/<\/a><\/p>\n<p>Ou encore S\u2019abonner au magazine livr\u00e9 chez vous en toute confidentialit\u00e9. Remplir le formulaire<\/p>\n<p><a href=\\\"https:\/\/docs.google.com\/forms\/d\/e\/1FAIpQLSfPYJfb8KjEya-X17w0DGPAuBlCGvqVUdh_Is8EL810Lxw82A\/viewform?entry.1189475001=Recipient_Email\\\">https:\/\/docs.google.com\/forms\/d\/e\/1FAIpQLSfPYJfb8KjEya-X17w0DGPAuBlCGvqVUdh_Is8EL810Lxw82A\/viewform?entry.1189475001=Recipient_Email<\/a><\/p>\n<p><a href=\\\"https:\/\/www.facebook.com\/563799703686978\/posts\/3916028461797402\/\\\">https:\/\/www.facebook.com\/563799703686978\/posts\/3916028461797402\/<\/a><\/p>\n","protected":false},"excerpt":{"rendered":"<p>L\\&rsquo;\u00abaffaire des sous-marins \u00bb secoue Isra\u00ebl depuis plus de cinq ans maintenant. D\u00e9mod\u00e9e tardivement, cette affaire des sous-marins est sur le point d\\&rsquo;\u00eatre examin\u00e9e par une commission nationale d\\&rsquo;enqu\u00eate. Mais m\u00eame la simple d\u00e9cision du gouvernement de cr\u00e9er ce comit\u00e9 t\u00e9moigne de la confusion que cette affaire a suscit\u00e9e. Le Premier ministre Naftali Bennett s\\&rsquo;est &hellip;<\/p>\n<p class=\"read-more\"> <a class=\"\" href=\"https:\/\/israelmagazine.net\/?p=56541\"> <span class=\"screen-reader-text\">L\\&rsquo;Affaire des sous-marins: La verite: Exclusif<\/span> Lire la suite \u00bb<\/a><\/p>\n","protected":false},"author":4,"featured_media":56542,"comment_status":"open","ping_status":"open","sticky":false,"template":"","format":"standard","meta":{"site-sidebar-layout":"default","site-content-layout":"default","ast-global-header-display":"","ast-main-header-display":"","ast-hfb-above-header-display":"","ast-hfb-below-header-display":"","ast-hfb-mobile-header-display":"","site-post-title":"","ast-breadcrumbs-content":"","ast-featured-img":"","footer-sml-layout":"","theme-transparent-header-meta":"","adv-header-id-meta":"","stick-header-meta":"","header-above-stick-meta":"","header-main-stick-meta":"","header-below-stick-meta":""},"categories":[41],"tags":[825,2291,1739,1782,1635,810,815,1700,937,383,2569,3027,1638],"sujet":[],"_links":{"self":[{"href":"https:\/\/israelmagazine.net\/index.php?rest_route=\/wp\/v2\/posts\/56541"}],"collection":[{"href":"https:\/\/israelmagazine.net\/index.php?rest_route=\/wp\/v2\/posts"}],"about":[{"href":"https:\/\/israelmagazine.net\/index.php?rest_route=\/wp\/v2\/types\/post"}],"author":[{"embeddable":true,"href":"https:\/\/israelmagazine.net\/index.php?rest_route=\/wp\/v2\/users\/4"}],"replies":[{"embeddable":true,"href":"https:\/\/israelmagazine.net\/index.php?rest_route=%2Fwp%2Fv2%2Fcomments&post=56541"}],"version-history":[{"count":0,"href":"https:\/\/israelmagazine.net\/index.php?rest_route=\/wp\/v2\/posts\/56541\/revisions"}],"wp:featuredmedia":[{"embeddable":true,"href":"https:\/\/israelmagazine.net\/index.php?rest_route=\/"}],"wp:attachment":[{"href":"https:\/\/israelmagazine.net\/index.php?rest_route=%2Fwp%2Fv2%2Fmedia&parent=56541"}],"wp:term":[{"taxonomy":"category","embeddable":true,"href":"https:\/\/israelmagazine.net\/index.php?rest_route=%2Fwp%2Fv2%2Fcategories&post=56541"},{"taxonomy":"post_tag","embeddable":true,"href":"https:\/\/israelmagazine.net\/index.php?rest_route=%2Fwp%2Fv2%2Ftags&post=56541"},{"taxonomy":"sujet","embeddable":true,"href":"https:\/\/israelmagazine.net\/index.php?rest_route=%2Fwp%2Fv2%2Fsujet&post=56541"}],"curies":[{"name":"wp","href":"https:\/\/api.w.org\/{rel}","templated":true}]}}