{"id":56560,"date":"2022-02-17T10:40:53","date_gmt":"2022-02-17T08:40:53","guid":{"rendered":"https:\/\/israelmagazine.net\/?p=56560"},"modified":"2022-02-17T10:40:53","modified_gmt":"2022-02-17T08:40:53","slug":"lenvolee-prix-poudre-perlimpinpin-de-libermann","status":"publish","type":"post","link":"https:\/\/israelmagazine.net\/?p=56560","title":{"rendered":"Face \u00e0 l\\&rsquo;envol\u00e9e de prix, la Poudre de Perlimpinpin de Libermann !"},"content":{"rendered":"<p align=\\\"center\\\"><span lang=\\\"FR\\\"><b><i>\u00a0 \u00a0Face \u00e0 l\\&rsquo;envol\u00e9e de prix, la Poudre de Perlimpinpin de Libermann!\u00a0 \u00a0 \u00a0 \u00a0 \u00a0 \u00a0 \u00a0 \u00a0 \u00a0 \u00a0 \u00a0 \u00a0 \u00a0 \u00a0 \u00a0 \u00a0 \u00a0 \u00a0 \u00a0 \u00a0 \u00a0 \u00a0 \u00a0 \u00a0 \u00a0 \u00a0 \u00a0 \u00a0 \u00a0 \u00a0 \u00a0 \u00a0 \u00a0 \u00a0 \u00a0 \u00a0 \u00a0 \u00a0 \u00a0 \u00a0 \u00a0 \u00a0 \u00a0 \u00a0 \u00a0 \u00a0 \u00a0 \u00a0 \u00a0 \u00a0 \u00a0 \u00a0 \u00a0 \u00a0 \u00a0 \u00a0 \u00a0 \u00a0 \u00a0 \u00a0 \u00a0 \u00a0 \u00a0 \u00a0 \u00a0 \u00a0 \u00a0 \u00a0 \u00a0 \u00a0 \u00a0 \u00a0 \u00a0 \u00a0 \u00a0 \u00a0 \u00a0 \u00a0 \u00a0 \u00a0 \u00a0 \u00a0 \u00a0 \u00a0 \u00a0 \u00a0 \u00a0 \u00a0 \u00a0 \u00a0 \u00a0 \u00a0 \u00a0 \u00a0 \u00a0 \u00a0 \u00a0 \u00a0 \u00a0 \u00a0 \u00a0 \u00a0 \u00a0 \u00a0 \u00a0 \u00a0 \u00a0 \u00a0 \u00a0 \u00a0 \u00a0 \u00a0 \u00a0 \u00a0 \u00a0 \u00a0 \u00a0 \u00a0 \u00a0 \u00a0 \u00a0 \u00a0 \u00a0 \u00a0 \u00a0 \u00a0 \u00a0 \u00a0 \u00a0 \u00a0 \u00a0 \u00a0 \u00a0 \u00a0 \u00a0 \u00a0 \u00a0 \u00a0 \u00a0 \u00a0 \u00a0 \u00a0 \u00a0 \u00a0 \u00a0 \u00a0 \u00a0 \u00a0 \u00a0 \u00a0 \u00a0 \u00a0 \u00a0 \u00a0 \u00a0 \u00a0 \u00a0 \u00a0 \u00a0 \u00a0 \u00a0 \u00a0 \u00a0 \u00a0 \u00a0 \u00a0 \u00a0 \u00a0 \u00a0 \u00a0 \u00a0 \u00a0 \u00a0 \u00a0 \u00a0 \u00a0 \u00a0 \u00a0 \u00a0 \u00a0 \u00a0 \u00a0 \u00a0 \u00a0 \u00a0 \u00a0 \u00a0 \u00a0 \u00a0 \u00a0 \u00a0 \u00a0 \u00a0 \u00a0 \u00a0 \u00a0 \u00a0 \u00a0 \u00a0 \u00a0 \u00a0 \u00a0 \u00a0 \u00a0 \u00a0 \u00a0 \u00a0 \u00a0 \u00a0 \u00a0 \u00a0 \u00a0 \u00a0 \u00a0 \u00a0 \u00a0 \u00a0 \u00a0 \u00a0 \u00a0<\/i><\/b><\/span><b><i><\/i><\/b><b><i><span lang=\\\"FR\\\">Frank Khalifa\u00a0 \u00a0 \u00a0 \u00a0 \u00a0 \u00a0 \u00a0 \u00a0 \u00a0 \u00a0 \u00a0 \u00a0 \u00a0 \u00a0 \u00a0 \u00a0 \u00a0 \u00a0 \u00a0 \u00a0 \u00a0 \u00a0 \u00a0 \u00a0 \u00a0 \u00a0 \u00a0 \u00a0 \u00a0 \u00a0 \u00a0 \u00a0 \u00a0 \u00a0 \u00a0 \u00a0 \u00a0 \u00a0 \u00a0 \u00a0 \u00a0 \u00a0 \u00a0 \u00a0 \u00a0 \u00a0 \u00a0 \u00a0 \u00a0 \u00a0 \u00a0 \u00a0 \u00a0 \u00a0 \u00a0 \u00a0 \u00a0 \u00a0 \u00a0 \u00a0 \u00a0 \u00a0 \u00a0 \u00a0 \u00a0 \u00a0 \u00a0 \u00a0 \u00a0 \u00a0 \u00a0 \u00a0 \u00a0 \u00a0 \u00a0 \u00a0 \u00a0 \u00a0 \u00a0 \u00a0 \u00a0 \u00a0 \u00a0 \u00a0 \u00a0 \u00a0 \u00a0 \u00a0 \u00a0 \u00a0 \u00a0 \u00a0 \u00a0 \u00a0 \u00a0 \u00a0 \u00a0 \u00a0 \u00a0 \u00a0 \u00a0 \u00a0 \u00a0 \u00a0 \u00a0 \u00a0 \u00a0 \u00a0 \u00a0 \u00a0 \u00a0 \u00a0 \u00a0 \u00a0 \u00a0 \u00a0 \u00a0 \u00a0 \u00a0 \u00a0 \u00a0 \u00a0 \u00a0 \u00a0 \u00a0 \u00a0 \u00a0 \u00a0 \u00a0 \u00a0 \u00a0 \u00a0 \u00a0 \u00a0 \u00a0 \u00a0 \u00a0 \u00a0 \u00a0 \u00a0 \u00a0 \u00a0 \u00a0 \u00a0 \u00a0 \u00a0 \u00a0 \u00a0 \u00a0 \u00a0 \u00a0 \u00a0 \u00a0 \u00a0 \u00a0 \u00a0 \u00a0 \u00a0 \u00a0 \u00a0\u00a0<\/span><\/i><\/b><\/p>\n<img class=\\\"size-medium wp-image-56561\\\" src=\\\"https:\/\/israelmagazine.co.il\/wp-content\/uploads\/2022\/02\/BannerIsraMag255-300x250.jpg\\\" alt=\\\"LIBERMAN\\\" width=\\\"300\\\" height=\\\"250\\\" \/>\n<p align=\\\"center\\\"><b><i><span lang=\\\"FR\\\">\u00a0 \u00a0 \u00a0 \u00a0 \u00a0 \u00a0 \u00a0 \u00a0 \u00a0 \u00a0 \u00a0 \u00a0 \u00a0 \u00a0 \u00a0 \u00a0 \u00a0 \u00a0 \u00a0 \u00a0 \u00a0 \u00a0 \u00a0 \u00a0 \u00a0 \u00a0 \u00a0 \u00a0 \u00a0 \u00a0 \u00a0 \u00a0 \u00a0 \u00a0 \u00a0 \u00a0 \u00a0 \u00a0 \u00a0 \u00a0 \u00a0 \u00a0 \u00a0 \u00a0 \u00a0 \u00a0 \u00a0 \u00a0 \u00a0 \u00a0 \u00a0 \u00a0 \u00a0 \u00a0 \u00a0 \u00a0 \u00a0 \u00a0 \u00a0 \u00a0 \u00a0 \u00a0 \u00a0 \u00a0 \u00a0 \u00a0 \u00a0 \u00a0 \u00a0 \u00a0 \u00a0 \u00a0 \u00a0 \u00a0 \u00a0 \u00a0 \u00a0 \u00a0 \u00a0 \u00a0 \u00a0 \u00a0 \u00a0 \u00a0 \u00a0 \u00a0 \u00a0 \u00a0 \u00a0 \u00a0 \u00a0 \u00a0 \u00a0 \u00a0 \u00a0 \u00a0 \u00a0 \u00a0 \u00a0 \u00a0 \u00a0 \u00a0 \u00a0 \u00a0 \u00a0 \u00a0 \u00a0 \u00a0 \u00a0 \u00a0 \u00a0 \u00a0 \u00a0 \u00a0 \u00a0 \u00a0 \u00a0 \u00a0 \u00a0 \u00a0 \u00a0 \u00a0 \u00a0 \u00a0 \u00a0 \u00a0 \u00a0 \u00a0 \u00a0 \u00a0 \u00a0 \u00a0 \u00a0 \u00a0 \u00a0 \u00a0 \u00a0 \u00a0 \u00a0 \u00a0 \u00a0 \u00a0 \u00a0 \u00a0 \u00a0 \u00a0 \u00a0 \u00a0 \u00a0 \u00a0 \u00a0 \u00a0 \u00a0 \u00a0 \u00a0 \u00a0 \u00a0 \u00a0 \u00a0 \u00a0 \u00a0 \u00a0 \u00a0 \u00a0 \u00a0 \u00a0 \u00a0 \u00a0 \u00a0 \u00a0 \u00a0 \u00a0 \u00a0 \u00a0 \u00a0 \u00a0 \u00a0 \u00a0 \u00a0 \u00a0 \u00a0 \u00a0 \u00a0 \u00a0 \u00a0 \u00a0 \u00a0 \u00a0 \u00a0 \u00a0 \u00a0 \u00a0 \u00a0 \u00a0 \u00a0 \u00a0 \u00a0 \u00a0 \u00a0 \u00a0 \u00a0 \u00a0 \u00a0 \u00a0 \u00a0 \u00a0 \u00a0 \u00a0 \u00a0\u00a0<\/span><\/i><\/b><\/p>\n<p><b><span lang=\\\"FR\\\"> <i>Libermann\u00a0<\/i> \u00a0Les besoins vitaux de tout un chacun incluent les \u00e9l\u00e9ments indispensables \u00e0 la survie. Respirer, boire, manger, \u00e9liminer, se prot\u00e9ger du froid et de la chaleur, \u00eatre en s\u00e9curit\u00e9, dormir, etc. et constituent le socle vital de tout individu pour envisager une vie sereine et la satisfaction de nombreux besoins jusqu\u2019\u00e0 l\u2019accomplissement de soi. Se r\u00e9aliser, exploiter et mettre en valeur son potentiel \u00e0 tous les niveaux de la vie sociale et \u00e9conomique et donner un sens \u00e0 <span id=\\\"m_3409044932894660847m_1472246853295764847:14o.2\\\" role=\\\"menuitem\\\" aria-haspopup=\\\"true\\\"><span id=\\\"m_3409044932894660847:143.2\\\" role=\\\"menuitem\\\" aria-haspopup=\\\"true\\\">sa<\/span><\/span>\u00a0vie repose sur ce socle vital. Pour entrer dans le vif du sujet, il est des chiffres\u00a0<span id=\\\"m_3409044932894660847m_1472246853295764847:14o.3\\\" role=\\\"menuitem\\\" aria-haspopup=\\\"true\\\"><span id=\\\"m_3409044932894660847:143.3\\\" role=\\\"menuitem\\\" aria-haspopup=\\\"true\\\">qu\u2019on<\/span><\/span>\u00a0a honte de rappeler. Mais, \u00e0 un moment donn\u00e9, les tabous doivent \u00eatre lev\u00e9s.<\/span><\/b><\/p>\n<p><a href=\\\"https:\/\/israelmagazine.co.il\/un-cimetiere-de-la-fin-de-lepoque-romaine-decouvert-a-gaza\/\\\">https:\/\/israelmagazine.co.il\/un-cimetiere-de-la-fin-de-lepoque-romaine-decouvert-a-gaza\/<\/a><\/p>\n<p><span lang=\\\"FR\\\">Le gouvernement\u00a0<span id=\\\"m_3409044932894660847m_1472246853295764847:14o.4\\\" role=\\\"menuitem\\\" aria-haspopup=\\\"true\\\"><span id=\\\"m_3409044932894660847:143.4\\\" role=\\\"menuitem\\\" aria-haspopup=\\\"true\\\">Bennet<\/span><\/span>, partisan de\u00a0<span id=\\\"m_3409044932894660847m_1472246853295764847:14o.5\\\" role=\\\"menuitem\\\" aria-haspopup=\\\"true\\\"><span id=\\\"m_3409044932894660847:143.5\\\" role=\\\"menuitem\\\" aria-haspopup=\\\"true\\\">l\u2019ultra<\/span><\/span>-lib\u00e9ralisme aveugle et de cette g\u00e9n\u00e9ration vide 3.0, va-t-il donner une r\u00e9ponse \u00e0 la hauteur du probl\u00e8me que repr\u00e9sentent\u00a0<span id=\\\"m_3409044932894660847m_1472246853295764847:14o.6\\\" role=\\\"menuitem\\\" aria-haspopup=\\\"true\\\"><span id=\\\"m_3409044932894660847:143.6\\\" role=\\\"menuitem\\\" aria-haspopup=\\\"true\\\">l\u2019explosion<\/span><\/span>\u00a0des prix et la mont\u00e9e de la pauvret\u00e9 en Isra\u00ebl, aggrav\u00e9 par la crise sanitaire de la\u00a0<span id=\\\"m_3409044932894660847m_1472246853295764847:14o.7\\\" role=\\\"menuitem\\\" aria-haspopup=\\\"true\\\"><span id=\\\"m_3409044932894660847:143.7\\\" role=\\\"menuitem\\\" aria-haspopup=\\\"true\\\">Covid19<\/span><\/span> ? Quelles sont les mesures prises par Liberman\u05de pour combattre le retour <span id=\\\"m_3409044932894660847m_1472246853295764847:14o.8\\\" role=\\\"menuitem\\\" aria-haspopup=\\\"true\\\"><span id=\\\"m_3409044932894660847:143.8\\\" role=\\\"menuitem\\\" aria-haspopup=\\\"true\\\">d\u2019une<\/span><\/span>\u00a0forte inflation qui touche avant tout les produits de premi\u00e8re n\u00e9cessit\u00e9 dans le panier de la m\u00e9nag\u00e8re isra\u00e9lienne\u00a0? Il est \u00e0 craindre que non\u00a0!<br \/>\nEn effet, Bennett et Liberman ont d\u00e9cid\u00e9 de \u00ab\u00a0<span id=\\\"m_3409044932894660847m_1472246853295764847:14o.9\\\" role=\\\"menuitem\\\" aria-haspopup=\\\"true\\\"><span id=\\\"m_3409044932894660847:143.9\\\" role=\\\"menuitem\\\" aria-haspopup=\\\"true\\\">n\u2019aider<\/span><\/span>\u00a0que les familles qui travaillent : les autres peuvent continuer \u00e0 vivre dans la pauvret\u00e9\u00a0\u00bb comme si tout un chacun pouvait choisir de vivre dans\u00a0<span id=\\\"m_3409044932894660847m_1472246853295764847:14o.10\\\" role=\\\"menuitem\\\" aria-haspopup=\\\"true\\\">l\u2019opulence<\/span>\u00a0ou la pauvret\u00e9, le travail \u00e9tant la variable d\u2019ajustement de cet arbitrage. Plus pr\u00e9cis\u00e9ment, le 9 f\u00e9vrier 2022, Bennett et son ministre des Finances Lieberman ainsi que la ministre de\u00a0<span id=\\\"m_3409044932894660847m_1472246853295764847:14o.11\\\" role=\\\"menuitem\\\" aria-haspopup=\\\"true\\\"><span id=\\\"m_3409044932894660847:143.10\\\" role=\\\"menuitem\\\" aria-haspopup=\\\"true\\\">l\u2019Economie<\/span><\/span>, Orna\u00a0<span id=\\\"m_3409044932894660847m_1472246853295764847:14o.12\\\" role=\\\"menuitem\\\" aria-haspopup=\\\"true\\\"><span id=\\\"m_3409044932894660847:143.11\\\" role=\\\"menuitem\\\" aria-haspopup=\\\"true\\\">Barbibai<\/span><\/span>, ont annonc\u00e9, lors\u00a0<span id=\\\"m_3409044932894660847m_1472246853295764847:14o.13\\\" role=\\\"menuitem\\\" aria-haspopup=\\\"true\\\"><span id=\\\"m_3409044932894660847:143.12\\\" role=\\\"menuitem\\\" aria-haspopup=\\\"true\\\">d\u2019une<\/span><\/span>\u00a0conf\u00e9rence de presse, leurs mesures pour all\u00e9ger le co\u00fbt de la vie, principalement sous la forme de r\u00e9ductions\u00a0<span id=\\\"m_3409044932894660847m_1472246853295764847:14o.14\\\" role=\\\"menuitem\\\" aria-haspopup=\\\"true\\\"><span id=\\\"m_3409044932894660847:143.13\\\" role=\\\"menuitem\\\" aria-haspopup=\\\"true\\\">d\u2019imp\u00f4ts<\/span><\/span>\u00a0pour les familles de travailleurs, de baisse des prix et des taxes sur une vari\u00e9t\u00e9 de produits de consommation et de baisse du prix de\u00a0<span id=\\\"m_3409044932894660847m_1472246853295764847:14o.15\\\" role=\\\"menuitem\\\" aria-haspopup=\\\"true\\\"><span id=\\\"m_3409044932894660847:143.14\\\" role=\\\"menuitem\\\" aria-haspopup=\\\"true\\\">l\u2019\u00e9lectricit\u00e9<\/span><\/span>.<\/span><\/p>\n<p><span lang=\\\"FR\\\"><b>Structure oligopolistique du march\u00e9 et mainmise\u00a0de milliardaires sur la fixation des prix<\/b><\/span><\/p>\n<p><span lang=\\\"FR\\\">Mais, ces mesures se r\u00e9v\u00e8lent \u00eatre bien \u00e9tranges car, elles ne\u00a0<span id=\\\"m_3409044932894660847m_1472246853295764847:14o.16\\\" role=\\\"menuitem\\\" aria-haspopup=\\\"true\\\">s\u2019attaquent<\/span>\u00a0pas \u00e0 la racine du probl\u00e8me du co\u00fbt de la vie en Isra\u00ebl \u00e0 savoir, la structure oligopolistique du march\u00e9 isra\u00e9lien<\/span><\/p>\n<p><a href=\\\"https:\/\/israelmagazine.co.il\/la-communaute-israelite-de-versailles-et-sa-region\/\\\">https:\/\/israelmagazine.co.il\/la-communaute-israelite-de-versailles-et-sa-region\/<\/a><\/p>\n<p>La suite de l\u2019article se trouve dans le prochain num\u00e9ro d\u2019Isra\u00ebl Magazine<\/p>\n<p>D\u00e9couvrez un exemplaire du magazine gratuitement et cliquez ensuite sur le rebord droit<\/p>\n<p><a href=\\\"https:\/\/online.fliphtml5.com\/rjspi\/mxre\/\\\">https:\/\/online.fliphtml5.com\/rjspi\/mxre\/<\/a><\/p>\n<p>Votre magazine livr\u00e9 chez vous en toute confidentialit\u00e9 S\u2019abonner au magazine par t\u00e9l\u00e9phone ou par whats app 00972 (0) 54 254 45 20 ou au 01 86 98 27 27<\/p>\n<p>Par email\u00a0 Andredarmon21@gmail.com<\/p>\n<p>directement sur le site<\/p>\n<p><a href=\\\"https:\/\/israelmagazine.co.il\/sabonner-au-magazine\/\\\">https:\/\/israelmagazine.co.il\/sabonner-au-magazine\/<\/a><\/p>\n<p>Ou encore S\u2019abonner au magazine livr\u00e9 chez vous en toute confidentialit\u00e9. Remplir le formulaire<\/p>\n<p><a href=\\\"https:\/\/docs.google.com\/forms\/d\/e\/1FAIpQLSfPYJfb8KjEya-X17w0DGPAuBlCGvqVUdh_Is8EL810Lxw82A\/viewform?entry.1189475001=Recipient_Email\\\">https:\/\/docs.google.com\/forms\/d\/e\/1FAIpQLSfPYJfb8KjEya-X17w0DGPAuBlCGvqVUdh_Is8EL810Lxw82A\/viewform?entry.1189475001=Recipient_Email<\/a><\/p>\n<p>&nbsp;<\/p>\n<p><a href=\\\"https:\/\/www.facebook.com\/563799703686978\/posts\/3916028461797402\/\\\">https:\/\/www.facebook.com\/563799703686978\/posts\/3916028461797402\/<\/a><\/p>\n<p>&nbsp;<\/p>\n","protected":false},"excerpt":{"rendered":"<p>\u00a0 \u00a0Face \u00e0 l\\&rsquo;envol\u00e9e de prix, la Poudre de Perlimpinpin de Libermann!\u00a0 \u00a0 \u00a0 \u00a0 \u00a0 \u00a0 \u00a0 \u00a0 \u00a0 \u00a0 \u00a0 \u00a0 \u00a0 \u00a0 \u00a0 \u00a0 \u00a0 \u00a0 \u00a0 \u00a0 \u00a0 \u00a0 \u00a0 \u00a0 \u00a0 \u00a0 \u00a0 \u00a0 \u00a0 \u00a0 \u00a0 \u00a0 \u00a0 \u00a0 \u00a0 \u00a0 \u00a0 \u00a0 \u00a0 \u00a0 \u00a0 \u00a0 \u00a0 \u00a0 &hellip;<\/p>\n<p class=\"read-more\"> <a class=\"\" href=\"https:\/\/israelmagazine.net\/?p=56560\"> <span class=\"screen-reader-text\">Face \u00e0 l\\&rsquo;envol\u00e9e de prix, la Poudre de Perlimpinpin de Libermann !<\/span> Lire la suite \u00bb<\/a><\/p>\n","protected":false},"author":4,"featured_media":56561,"comment_status":"open","ping_status":"open","sticky":false,"template":"","format":"standard","meta":{"site-sidebar-layout":"default","site-content-layout":"default","ast-global-header-display":"","ast-main-header-display":"","ast-hfb-above-header-display":"","ast-hfb-below-header-display":"","ast-hfb-mobile-header-display":"","site-post-title":"","ast-breadcrumbs-content":"","ast-featured-img":"","footer-sml-layout":"","theme-transparent-header-meta":"","adv-header-id-meta":"","stick-header-meta":"","header-above-stick-meta":"","header-main-stick-meta":"","header-below-stick-meta":""},"categories":[84,1617,1613,1726,1615],"tags":[1063,289,1635,810,845,2699,881,1474,955,2013,3034,815,1700,937,383,3035,2569,1636,1761],"sujet":[],"_links":{"self":[{"href":"https:\/\/israelmagazine.net\/index.php?rest_route=\/wp\/v2\/posts\/56560"}],"collection":[{"href":"https:\/\/israelmagazine.net\/index.php?rest_route=\/wp\/v2\/posts"}],"about":[{"href":"https:\/\/israelmagazine.net\/index.php?rest_route=\/wp\/v2\/types\/post"}],"author":[{"embeddable":true,"href":"https:\/\/israelmagazine.net\/index.php?rest_route=\/wp\/v2\/users\/4"}],"replies":[{"embeddable":true,"href":"https:\/\/israelmagazine.net\/index.php?rest_route=%2Fwp%2Fv2%2Fcomments&post=56560"}],"version-history":[{"count":0,"href":"https:\/\/israelmagazine.net\/index.php?rest_route=\/wp\/v2\/posts\/56560\/revisions"}],"wp:featuredmedia":[{"embeddable":true,"href":"https:\/\/israelmagazine.net\/index.php?rest_route=\/"}],"wp:attachment":[{"href":"https:\/\/israelmagazine.net\/index.php?rest_route=%2Fwp%2Fv2%2Fmedia&parent=56560"}],"wp:term":[{"taxonomy":"category","embeddable":true,"href":"https:\/\/israelmagazine.net\/index.php?rest_route=%2Fwp%2Fv2%2Fcategories&post=56560"},{"taxonomy":"post_tag","embeddable":true,"href":"https:\/\/israelmagazine.net\/index.php?rest_route=%2Fwp%2Fv2%2Ftags&post=56560"},{"taxonomy":"sujet","embeddable":true,"href":"https:\/\/israelmagazine.net\/index.php?rest_route=%2Fwp%2Fv2%2Fsujet&post=56560"}],"curies":[{"name":"wp","href":"https:\/\/api.w.org\/{rel}","templated":true}]}}