{"id":56574,"date":"2022-02-20T09:19:09","date_gmt":"2022-02-20T07:19:09","guid":{"rendered":"https:\/\/israelmagazine.net\/?p=56574"},"modified":"2022-02-20T09:19:09","modified_gmt":"2022-02-20T07:19:09","slug":"marranes-cryptos-juifs-tribus-perdues","status":"publish","type":"post","link":"https:\/\/israelmagazine.net\/?p=56574","title":{"rendered":"Marranes, Cryptos-Juifs et tribus perdues"},"content":{"rendered":"<p><strong>Marranes, Cryptos-Juifs et tribus perdues<\/strong><\/p>\n<p><strong>De Pierre Mamou<\/strong><\/p>\n<img class=\\\"size-medium wp-image-56575\\\" src=\\\"https:\/\/israelmagazine.co.il\/wp-content\/uploads\/2022\/02\/spinoza-hp-300x209.jpg\\\" alt=\\\"spinoza\\\" width=\\\"300\\\" height=\\\"209\\\" \/>\n<p><strong><br \/>\nMarranes\u00a0 \u00a0 Depuis l\u2019origine de leur installation en Espagne jusqu\u2019\u00e0 leur derni\u00e8re expulsion en 1492, que sont devenus les Marranes Crypto-Juifs ? C\u2019est le sujet trait\u00e9 dans le livre de Pierre Mamou : Marranes, Crypto-Juifs et tribus perdues. <\/strong><\/p>\n<p>Certains historiens ont affirm\u00e9 qu\u2019il \u00e9tait fort possible que les premiers H\u00e9breux se soient install\u00e9s en Espagne dans le sillage des conqu\u00eates ph\u00e9niciennes, 1000 ans avant l\u2019\u00e8re vulgaire, \u00e0 l\u2019\u00e9poque du roi Salomon, ami du roi Hiram de Ph\u00e9nicie (Liban actuel) qui fournit le bois de c\u00e8dre qui servit \u00e0 la construction du 1er Temple de J\u00e9rusalem. Des membres de la tribu de Zabulon, grands navigateurs, auraient suivi les Ph\u00e9niciens d\u00e8s la fondation de Carthage et des comptoirs Ph\u00e9niciens en Espagne trois si\u00e8cles plus tard. Il est attest\u00e9 aussi de la proximit\u00e9 linguistique et commerciale entre Ph\u00e9niciens et H\u00e9breux de l\u2019\u00e9poque. Les preuves de la pr\u00e9sence Juive en Espagne sont plus s\u00fbres \u00e0 l\u2019\u00e9poque de la destruction du 1er Temple et certaines apr\u00e8s la destruction du 2\u00e8me temple avec l\u2019arriv\u00e9e d\u2019esclaves juifs d\u00e9port\u00e9s par les Romains et dispers\u00e9s dans tout l\u2019Empire romain. La preuve incontestable de la pr\u00e9sence de communaut\u00e9s juives en Espagne date du 4\u00e8me si\u00e8cle apr\u00e8s l\u2019\u00e8re vulgaire et les d\u00e9crets du concile d\u2019Elvire en 305 et les interdictions faites aux Juifs concurrents des premiers Chr\u00e9tiens qui pers\u00e9cut\u00e8rent les Juifs.<\/p>\n<p><a href=\\\"https:\/\/israelmagazine.co.il\/matrix-et-la-question-juive\/\\\">https:\/\/israelmagazine.co.il\/matrix-et-la-question-juive\/<\/a><br \/>\nPuis l\u2019invasion des Wisigoths venus du nord de l\u2019Europe offrit aux Juifs un court r\u00e9pit pendant lequel leur statut fut am\u00e9lior\u00e9 jusqu\u2019\u00e0 la conversion au Christianisme d\u2019une partie de ces Wisigoths. A la suit du Concile de Tol\u00e8de en 589, les Juifs furent \u00e0 nouveau pers\u00e9cut\u00e9s et beaucoup d\u2019entre eux furent contraints de se convertir de force ou de quitter l\u2019Espagne ; mais sous le r\u00e8gne du souverain Swinthila (621-631) les convertis revinrent au Juda\u00efsme et les exil\u00e9s regagn\u00e8rent l\u2019Espagne.<\/p>\n<p><a href=\\\"https:\/\/israelmagazine.co.il\/qui-est-simon-leviev-shimon-yehouda-hayout-larnaqueur-de-tinder\/\\\">https:\/\/israelmagazine.co.il\/qui-est-simon-leviev-shimon-yehouda-hayout-larnaqueur-de-tinder\/<\/a><\/p>\n<p>La suite de l\u2019article se trouve dans le prochain num\u00e9ro d\u2019Isra\u00ebl Magazine<\/p>\n<p>D\u00e9couvrez un exemplaire du magazine gratuitement et cliquez ensuite sur le rebord droit<\/p>\n<p><a href=\\\"https:\/\/online.fliphtml5.com\/rjspi\/mxre\/\\\">https:\/\/online.fliphtml5.com\/rjspi\/mxre\/<\/a><\/p>\n<p>Votre magazine livr\u00e9 chez vous en toute confidentialit\u00e9 S\u2019abonner au magazine par t\u00e9l\u00e9phone ou par whats app 00972 (0) 54 254 45 20 ou au 01 86 98 27 27<\/p>\n<p>Par email\u00a0 Andredarmon21@gmail.com<\/p>\n<p>directement sur le site<\/p>\n<p><a href=\\\"https:\/\/israelmagazine.co.il\/sabonner-au-magazine\/\\\">https:\/\/israelmagazine.co.il\/sabonner-au-magazine\/<\/a><\/p>\n<p>Ou encore S\u2019abonner au magazine livr\u00e9 chez vous en toute confidentialit\u00e9. Remplir le formulaire<\/p>\n<p><a href=\\\"https:\/\/docs.google.com\/forms\/d\/e\/1FAIpQLSfPYJfb8KjEya-X17w0DGPAuBlCGvqVUdh_Is8EL810Lxw82A\/viewform?entry.1189475001=Recipient_Email\\\">https:\/\/docs.google.com\/forms\/d\/e\/1FAIpQLSfPYJfb8KjEya-X17w0DGPAuBlCGvqVUdh_Is8EL810Lxw82A\/viewform?entry.1189475001=Recipient_Email<\/a><\/p>\n<p><a href=\\\"https:\/\/www.facebook.com\/563799703686978\/posts\/3916028461797402\/\\\">https:\/\/www.facebook.com\/563799703686978\/posts\/3916028461797402\/<\/a><\/p>\n<p>&nbsp;<\/p>\n","protected":false},"excerpt":{"rendered":"<p>Marranes, Cryptos-Juifs et tribus perdues De Pierre Mamou Marranes\u00a0 \u00a0 Depuis l\u2019origine de leur installation en Espagne jusqu\u2019\u00e0 leur derni\u00e8re expulsion en 1492, que sont devenus les Marranes Crypto-Juifs ? C\u2019est le sujet trait\u00e9 dans le livre de Pierre Mamou : Marranes, Crypto-Juifs et tribus perdues. Certains historiens ont affirm\u00e9 qu\u2019il \u00e9tait fort possible que &hellip;<\/p>\n<p class=\"read-more\"> <a class=\"\" href=\"https:\/\/israelmagazine.net\/?p=56574\"> <span class=\"screen-reader-text\">Marranes, Cryptos-Juifs et tribus perdues<\/span> Lire la suite \u00bb<\/a><\/p>\n","protected":false},"author":4,"featured_media":56575,"comment_status":"open","ping_status":"open","sticky":false,"template":"","format":"standard","meta":{"site-sidebar-layout":"default","site-content-layout":"default","ast-global-header-display":"","ast-main-header-display":"","ast-hfb-above-header-display":"","ast-hfb-below-header-display":"","ast-hfb-mobile-header-display":"","site-post-title":"","ast-breadcrumbs-content":"","ast-featured-img":"","footer-sml-layout":"","theme-transparent-header-meta":"","adv-header-id-meta":"","stick-header-meta":"","header-above-stick-meta":"","header-main-stick-meta":"","header-below-stick-meta":""},"categories":[84,814,1613,1665,1615],"tags":[825,1635,1628,383,3040,1636,3041],"sujet":[],"_links":{"self":[{"href":"https:\/\/israelmagazine.net\/index.php?rest_route=\/wp\/v2\/posts\/56574"}],"collection":[{"href":"https:\/\/israelmagazine.net\/index.php?rest_route=\/wp\/v2\/posts"}],"about":[{"href":"https:\/\/israelmagazine.net\/index.php?rest_route=\/wp\/v2\/types\/post"}],"author":[{"embeddable":true,"href":"https:\/\/israelmagazine.net\/index.php?rest_route=\/wp\/v2\/users\/4"}],"replies":[{"embeddable":true,"href":"https:\/\/israelmagazine.net\/index.php?rest_route=%2Fwp%2Fv2%2Fcomments&post=56574"}],"version-history":[{"count":0,"href":"https:\/\/israelmagazine.net\/index.php?rest_route=\/wp\/v2\/posts\/56574\/revisions"}],"wp:featuredmedia":[{"embeddable":true,"href":"https:\/\/israelmagazine.net\/index.php?rest_route=\/"}],"wp:attachment":[{"href":"https:\/\/israelmagazine.net\/index.php?rest_route=%2Fwp%2Fv2%2Fmedia&parent=56574"}],"wp:term":[{"taxonomy":"category","embeddable":true,"href":"https:\/\/israelmagazine.net\/index.php?rest_route=%2Fwp%2Fv2%2Fcategories&post=56574"},{"taxonomy":"post_tag","embeddable":true,"href":"https:\/\/israelmagazine.net\/index.php?rest_route=%2Fwp%2Fv2%2Ftags&post=56574"},{"taxonomy":"sujet","embeddable":true,"href":"https:\/\/israelmagazine.net\/index.php?rest_route=%2Fwp%2Fv2%2Fsujet&post=56574"}],"curies":[{"name":"wp","href":"https:\/\/api.w.org\/{rel}","templated":true}]}}