{"id":56639,"date":"2022-03-02T09:55:41","date_gmt":"2022-03-02T07:55:41","guid":{"rendered":"https:\/\/israelmagazine.net\/?p=56639"},"modified":"2022-03-02T09:55:41","modified_gmt":"2022-03-02T07:55:41","slug":"jaccuse-leditorial-d-andre-darmon","status":"publish","type":"post","link":"https:\/\/israelmagazine.net\/?p=56639","title":{"rendered":"J\u2019accuse l\u2019Editorial d\u2019Andr\u00e9 Darmon"},"content":{"rendered":"<h3>J\u2019accuse l\u2019Editorial d\u2019Andre Darmon<\/h3>\n<p><img class=\\\"alignnone size-full wp-image-56628\\\" src=\\\"https:\/\/israelmagazine.co.il\/wp-content\/uploads\/2022\/03\/ban-abo-im255.jpg\\\" alt=\\\"\\\" width=\\\"300\\\" height=\\\"250\\\" \/><\/p>\n<p>J\u2019accuse<\/p>\n<p>J\u2019accuse\u00a0le gouvernement isra\u00e9lien d\u2019avoir budg\u00e9t\u00e9 53 milliards de shekels pour la population arabe sous la pression d\u2019un parti arabe \u2018isra\u00e9lien\u2019 affili\u00e9 au Hamas. \u00a0Alors que nous sortions \u00e0 peine de la crise et d\u2019un d\u00e9ficit de 160 milliards de sh.<\/p>\n<p>J\u2019accuse le gouvernement d\u2019avoir par contre abandonn\u00e9 \u00e0 eux-m\u00eames et de m\u00e9priser les Ind\u00e9pendants et les petites entreprises qui ne re\u00e7oivent rien alors que la situation pour eux est encore bien plus p\u00e9nible qu\u2019il y un an ou deux. Confinement de fait, baisse radicale des chiffres d\u2019affaires.<\/p>\n<p>J\u2019accuse le gouvernement d\u2019avoir fait voter une LOI Electricit\u00e9 qui raccorde des milliers de maisons arabes construites ill\u00e9galement sur des terres appartenant \u00e0 l\u2019Etat.<\/p>\n<p><a href=\\\"https:\/\/israelmagazine.co.il\/la-communaute-juive-de-la-rochelle\/\\\">https:\/\/israelmagazine.co.il\/la-communaute-juive-de-la-rochelle\/<\/a><\/p>\n<p>J\u2019accuse le gouvernement Bennett d\u2019avoir m\u00e9pris\u00e9 les Implantations de jeunes pionniers juifs, de les faire \u00e9vacuer ou encore de leur refuser la m\u00eame Loi-Electricit\u00e9 en Jud\u00e9e Samarie.<\/p>\n<p>J\u2019accuse le gouvernement Bennet d\u2019avoir, dans un premier temps, voulu faire voter une loi qui l\u00e9galisait et \u00e9tendait le regroupement de familles palestiniennes au sein d\u2019Isra\u00ebl. En somme de l\u00e9galiser la loi du retour\u2026 mais pour nos ennemis.<\/p>\n<p>J\u2019accuse le gouvernement d\u2019ill\u00e9gitimit\u00e9 car en ne poss\u00e9dant 6 si\u00e8ges \u00e0 la Knesset, Bennett se trouve \u00e0 la merci quotidienne des exigences de la gauche anti juda\u00efque et des partis arabes anti-isra\u00e9liens sous peine de dislocation de ce gouvernement<\/p>\n<p>J\u2019accuse un ministre du Gouvernement Ya\u00efr Golan, d\u2019avoir insult\u00e9 les habitants juifs des Implantations en les traitant comme le faisaient si bien les nazis pour les juifs et les tsiganes, de sous-hommes<\/p>\n<p><a href=\\\"https:\/\/israelmagazine.co.il\/qui-est-simon-leviev-shimon-yehouda-hayout-larnaqueur-de-tinder\/\\\">https:\/\/israelmagazine.co.il\/qui-est-simon-leviev-shimon-yehouda-hayout-larnaqueur-de-tinder\/<\/a><\/p>\n<h3>La suite de l\u2019article se trouve dans le prochain num\u00e9ro d\u2019Isra\u00ebl Magazine<\/h3>\n<p>D\u00e9couvrez un exemplaire du magazine gratuitement et cliquez ensuite sur le rebord droit<\/p>\n<p><a href=\\\"https:\/\/online.fliphtml5.com\/rjspi\/mxre\/\\\">https:\/\/online.fliphtml5.com\/rjspi\/mxre\/<\/a><\/p>\n<p>Votre magazine livr\u00e9 chez vous en toute confidentialit\u00e9 S\u2019abonner au magazine par t\u00e9l\u00e9phone ou par whats app 00972 (0) 54 254 45 20 ou au 01 86 98 27 27<\/p>\n<p>Par email\u00a0 Andredarmon21@gmail.com<\/p>\n<p>directement sur le site<\/p>\n<p><a href=\\\"https:\/\/israelmagazine.co.il\/sabonner-au-magazine\/\\\">https:\/\/israelmagazine.co.il\/sabonner-au-magazine\/<\/a><\/p>\n<p>Ou encore S\u2019abonner au magazine livr\u00e9 chez vous en toute confidentialit\u00e9. Remplir le formulaire<\/p>\n<p><a href=\\\"https:\/\/docs.google.com\/forms\/d\/e\/1FAIpQLSfPYJfb8KjEya-X17w0DGPAuBlCGvqVUdh_Is8EL810Lxw82A\/viewform?entry.1189475001=Recipient_Email\\\">https:\/\/docs.google.com\/forms\/d\/e\/1FAIpQLSfPYJfb8KjEya-X17w0DGPAuBlCGvqVUdh_Is8EL810Lxw82A\/viewform?entry.1189475001=Recipient_Email<\/a><\/p>\n<p>&nbsp;<\/p>\n<p><a href=\\\"https:\/\/www.facebook.com\/563799703686978\/posts\/3916028461797402\/\\\">https:\/\/www.facebook.com\/563799703686978\/posts\/3916028461797402\/<\/a><\/p>\n","protected":false},"excerpt":{"rendered":"<p>J\u2019accuse l\u2019Editorial d\u2019Andre Darmon J\u2019accuse J\u2019accuse\u00a0le gouvernement isra\u00e9lien d\u2019avoir budg\u00e9t\u00e9 53 milliards de shekels pour la population arabe sous la pression d\u2019un parti arabe \u2018isra\u00e9lien\u2019 affili\u00e9 au Hamas. \u00a0Alors que nous sortions \u00e0 peine de la crise et d\u2019un d\u00e9ficit de 160 milliards de sh. J\u2019accuse le gouvernement d\u2019avoir par contre abandonn\u00e9 \u00e0 eux-m\u00eames et &hellip;<\/p>\n<p class=\"read-more\"> <a class=\"\" href=\"https:\/\/israelmagazine.net\/?p=56639\"> <span class=\"screen-reader-text\">J\u2019accuse l\u2019Editorial d\u2019Andr\u00e9 Darmon<\/span> Lire la suite \u00bb<\/a><\/p>\n","protected":false},"author":4,"featured_media":56628,"comment_status":"open","ping_status":"open","sticky":false,"template":"","format":"standard","meta":{"site-sidebar-layout":"default","site-content-layout":"default","ast-global-header-display":"","ast-main-header-display":"","ast-hfb-above-header-display":"","ast-hfb-below-header-display":"","ast-hfb-mobile-header-display":"","site-post-title":"","ast-breadcrumbs-content":"","ast-featured-img":"","footer-sml-layout":"","theme-transparent-header-meta":"","adv-header-id-meta":"","stick-header-meta":"","header-above-stick-meta":"","header-main-stick-meta":"","header-below-stick-meta":""},"categories":[84,1617,1613,2932,1191,1615],"tags":[1063,1739,2346,289,1635,810,845,881,2013,1628,815,3053,383,2569,1761,1638],"sujet":[],"_links":{"self":[{"href":"https:\/\/israelmagazine.net\/index.php?rest_route=\/wp\/v2\/posts\/56639"}],"collection":[{"href":"https:\/\/israelmagazine.net\/index.php?rest_route=\/wp\/v2\/posts"}],"about":[{"href":"https:\/\/israelmagazine.net\/index.php?rest_route=\/wp\/v2\/types\/post"}],"author":[{"embeddable":true,"href":"https:\/\/israelmagazine.net\/index.php?rest_route=\/wp\/v2\/users\/4"}],"replies":[{"embeddable":true,"href":"https:\/\/israelmagazine.net\/index.php?rest_route=%2Fwp%2Fv2%2Fcomments&post=56639"}],"version-history":[{"count":0,"href":"https:\/\/israelmagazine.net\/index.php?rest_route=\/wp\/v2\/posts\/56639\/revisions"}],"wp:featuredmedia":[{"embeddable":true,"href":"https:\/\/israelmagazine.net\/index.php?rest_route=\/"}],"wp:attachment":[{"href":"https:\/\/israelmagazine.net\/index.php?rest_route=%2Fwp%2Fv2%2Fmedia&parent=56639"}],"wp:term":[{"taxonomy":"category","embeddable":true,"href":"https:\/\/israelmagazine.net\/index.php?rest_route=%2Fwp%2Fv2%2Fcategories&post=56639"},{"taxonomy":"post_tag","embeddable":true,"href":"https:\/\/israelmagazine.net\/index.php?rest_route=%2Fwp%2Fv2%2Ftags&post=56639"},{"taxonomy":"sujet","embeddable":true,"href":"https:\/\/israelmagazine.net\/index.php?rest_route=%2Fwp%2Fv2%2Fsujet&post=56639"}],"curies":[{"name":"wp","href":"https:\/\/api.w.org\/{rel}","templated":true}]}}