{"id":56700,"date":"2022-03-22T08:04:52","date_gmt":"2022-03-22T06:04:52","guid":{"rendered":"https:\/\/israelmagazine.net\/?p=56700"},"modified":"2022-03-22T08:04:52","modified_gmt":"2022-03-22T06:04:52","slug":"soldats-victimes-dattentats-ou-dagressions","status":"publish","type":"post","link":"https:\/\/israelmagazine.net\/?p=56700","title":{"rendered":"Soldats, Victimes d\u2019attentats ou d\u2019agressions"},"content":{"rendered":"<p style=\\\"font-weight: 400;\\\"><strong>Soldats, Victimes d\u2019attentats ou d\u2019agressions<\/strong><\/p>\n<p style=\\\"font-weight: 400;\\\"><strong>\u00a0L\u2019\u00e9tat de Stress post traumatique.\u00a0 Archives 2015\u00a0 article entier<\/strong><\/p>\n<img class=\\\"size-full wp-image-55448\\\" src=\\\"https:\/\/israelmagazine.co.il\/wp-content\/uploads\/2021\/04\/IsraMag245.jpg\\\" alt=\\\"Knesset\\\" width=\\\"300\\\" height=\\\"250\\\" \/>\n<p><b>Yaacov BEN DENOUN<\/b><\/p>\n<p style=\\\"font-weight: 400;\\\"><strong>Ido \u00e9tait un soldat Golani du 51\u00e8me bataillon. Il a \u00e9t\u00e9 bless\u00e9 gravement lors d\u2019une op\u00e9ration militaire \u00e0 Gaza en 2007. \u00ab Qui reconnait mes blessures ? O\u00f9 est le comit\u00e9 et qui sont les personnes cens\u00e9es m\u2019affecter \u00e0 l\u2019unit\u00e9 qui s\u2019occupe des victimes de guerre, pour que je puisse b\u00e9n\u00e9ficier de mes droits? Vous m\u2019avez abandonn\u00e9, vous n\u2019avez rien fait \u00bb. a-t-il dit.<\/strong><\/p>\n<p style=\\\"font-weight: 400;\\\">\u00ab J\u2019ai tu\u00e9 pour vous, de mes propres mains, plus de 40 hommes, j\u2019ai fait couler leur sang. Neuf ans apr\u00e8s je n\u2019ai rien re\u00e7u. Ma m\u00e8re doit tout payer pour moi, des centaines de milliers de shekels\u2026Personne ne s\u2019occupe de moi ! Je souffre, je crie et je mouille mon lit la nuit \u00e0 cause du stress post traumatique. Ils me viennent en r\u00eave et me disent : \u00ab Pourquoi m\u2019as-tu tu\u00e9 ? \u00bb Comment peut-on continuer \u00e0 vivre apr\u00e8s cela ? Comment peut-on manger ? Comment peut-on r\u00e9ussir dans la vie ?&#8230; \u00bb<\/p>\n<p style=\\\"font-weight: 400;\\\">Gal Rozen, devenu Ido apr\u00e8s son incorporation est intervenu \u00e0 la Knesset pour d\u00e9noncer avec \u00e9motion, sinc\u00e9rit\u00e9 et v\u00e9h\u00e9mence les d\u00e9r\u00e8glements dont il est l\u2019objet : \u00ab le syst\u00e8me a \u00e9chou\u00e9. Comment se fait-il qu\u2019un terroriste re\u00e7oive de l\u2019argent et des soins et pas moi ? C\u2019est en larmes qu\u2019Ido a affront\u00e9 la bureaucratie isra\u00e9lienne.\u00a0 Cela est d\u2019autant plus p\u00e9nible que durant l\u2019assaut, il a tu\u00e9 son ami Ben Koubani. La culpabilit\u00e9 le hante. Durant huit mois apr\u00e8s sa lib\u00e9ration, Ido est rest\u00e9 prostr\u00e9, insensible \u00e0 ce qui se passait autour de lui, candidat au suicide,\u00a0 se rem\u00e9morant ces \u00e9v\u00e8nements dramatiques et la mort de son fr\u00e8re d\u2019armes.<br \/>\n<em>\u00a0\u00ab J\u2019ai divorc\u00e9 et suis retourn\u00e9 chez mes parents, la situation a empir\u00e9\u2026, J\u2019\u00e9tais persuad\u00e9 que toute ma famille et mes amis \u00e9taient contre moi et que personne ne me comprenait \u00bb<\/em>. Les m\u00e9dias se sont empar\u00e9s de son histoire devenue le fer de lance d\u2019un combat jamais \u00e9t\u00e9 men\u00e9 pour la reconnaissance du stress post traumatique, de son incidence psychologique, sociale et financi\u00e8re.<br \/>\nIdo veut cr\u00e9er un lieu de r\u00e9habilitation des combattants et des soldats bless\u00e9s, capable de leur porter assistance, de soigner leurs plaies et leurs esprits. Il veut chasser ses d\u00e9mons.\u00a0Qui peut appr\u00e9hender les douleurs psychologiques qui accompagnent ces \u00e9v\u00e8nements ? Il faut d\u00e9crire, d\u00e9montrer. Ces cons\u00e9quences sur le psychisme sont regroup\u00e9es sous la d\u00e9signation d\u2019Etat de Stress Post Traumatique (ESPT) (PTSD en anglais).<\/p>\n<p style=\\\"font-weight: 400;\\\"><strong>Toutes les guerres d\u2019Isra\u00ebl ont cr\u00e9\u00e9 des d\u00e9sordres innombrables<\/strong>.<\/p>\n<p style=\\\"font-weight: 400;\\\">Le film \u00ab Valse avec Bachir \u00bb, d\u2019Ari Folman, en 2008, sur fond de premi\u00e8re guerre du Liban, \u00e9voque des cas de n\u00e9vrose post-traumatique. Karmi et Boaz portent tous les stigmates de ce syndrome. Avant d\u2019entrer dans un Kfar arabe, Karmi \u00e9tait charg\u00e9 d\u2019\u00e9liminer les chiens au passage des soldats de Tsahal,\u00a0 afin qu\u2019ils n\u2019aboient et \u00e9veillent les soup\u00e7ons d\u2019incursion. Chaque nuit, vingt ans apr\u00e8s, Karmi voit toujours dans un cauchemar, ces chiens traverser les rues d\u2019une ville, les crocs ac\u00e9r\u00e9s, \u00e9cumants.<br \/>\nShani Winter a surv\u00e9cu \u00e0 un\u00a0 attentat en 1997, dans le caf\u00e9 Apropo, boulevard Ben Gourion \u00e0 Tel-Aviv. Elle n\u2019avait que six mois. Un terroriste du Hamas est entr\u00e9 dans le caf\u00e9 et a actionn\u00e9 sa ceinture d\u2019explosifs. La m\u00e8re de Shani, Anath, est morte sur le coup en prot\u00e9geant sa fille.<br \/>\nShani n\u2019a pas v\u00e9cu de traumatisme direct, mais les\u00a0difficiles conditions du drame ne l\u2019ont pas tir\u00e9e vers la d\u00e9pression dont on ne remonte que rarement. Au contraire, elle a voulu exorciser sa souffrance. Sa m\u00e8re \u00e9tait morte en la prot\u00e9geant, elle se devait de faire un acte signifiant. Plus de 17 ans apr\u00e8s le drame, Shani int\u00e8gre les rangs de Tsahal, fi\u00e8rement.\u00a0\u00a0<em>\u00ab Je suis excit\u00e9e de cette nouvelle voie que j\u2019empreinte et des d\u00e9fis qui m\u2019attendent\u2026 \u00bb<\/em>.<br \/>\nLes attentats, depuis un cinquantaine d\u2019ann\u00e9es, ont fait de nombreuses victimes en Isra\u00ebl. Deux Intifada, explosions dans les bus, dans les march\u00e9s, les caf\u00e9s, les restaurants, ont caus\u00e9 des dommages irr\u00e9versibles. Les morts ont \u00e9t\u00e9 identifi\u00e9s, les bless\u00e9s physiques pris en charge, mais tel n\u2019a pas \u00e9t\u00e9 le cas pour la souffrance. L\u2019effet de souffle a envahi tous les consciences, mais aucune r\u00e9ponse durable n\u2019a \u00e9t\u00e9 apport\u00e9e aux t\u00e9moins qui revivent le calvaire d\u2019une belle journ\u00e9e qui avait si bien commenc\u00e9e. Les images sont envahissantes, les craintes sont permanentes, et chaque bruit est une fracture de plus, un \u00e9reintement.<\/p>\n<p style=\\\"font-weight: 400;\\\">Les v\u00e9t\u00e9rans de la guerre du Vietnam, ont connu de tels traumatismes et ont souvent sombr\u00e9 dans la d\u00e9pression et la drogue. Plus de 500 000 soldats am\u00e9ricains qui ont servi en Afghanistan ou en Irak depuis 2001 souffrent de syndrome de stress post-traumatique. Le gouvernement am\u00e9ricain a publi\u00e9 un rapport sid\u00e9rant attestant qu\u2019il y avait davantage de victimes par suicide d\\&rsquo;anciens combattants que de combattants tu\u00e9s au combat. Plus de 20% de ces soldats am\u00e9ricains souffrent d\u2019ESPT.\u00a0 En Isra\u00ebl les traumatismes touchent \u00e0 la fois des soldats (jeunes, peu exp\u00e9riment\u00e9s) et des civils devenus cibles.. Les handicap\u00e9s physiques b\u00e9n\u00e9ficient d\u2019un suivi, d\u2019une aide mat\u00e9rielle, de conditions d\u2019hospitalisation et d\u2019appareillage privil\u00e9gi\u00e9es. Mais ceux qui sont victimes de cet \u00e9tat de stress, sont un peu les parents pauvres de la prise en charge des dommages psychologiques.<\/p>\n<p style=\\\"font-weight: 400;\\\"><strong>Les traces ind\u00e9l\u00e9biles des attentats de janvier 2015 en France.<\/strong><\/p>\n<p style=\\\"font-weight: 400;\\\">No\u00e9mie, prisonni\u00e8re dans la chambre froide de l\u2019Hypercacher de la porte de Vincennes, revit encore, un an apr\u00e8s, la violence de l\u2019\u00e9v\u00e8nement :\u00a0<em>\u00ab J\u2019ai des flashbacks occasionnels, \u00e7a peut surgir sans pr\u00e9venir, surtout dans des endroits \u00e0 risque comme des magasins. J\u2019imagine que quelqu\u2019un entre et tire \u00bb.\u00a0<\/em>\u00a0Que dire aussi des familles qui ont \u00e9t\u00e9 confront\u00e9s \u00e0 la douleur, \u00e0 l\u2019absence, \u00e0 la lente dissipation d\u2019une \u00e9nergie vitale remise en question. Que dire des familles Monsonego, Sandler, Braham, Saada, Hattab, Cohen, des dommages \u00abcollat\u00e9raux \u00bb et des blessures \u00e0 l\u2019\u00e2me.<\/p>\n<p style=\\\"font-weight: 400;\\\">Les manchettes de presse, font \u00e9tat des personnes disparues, assassin\u00e9es, atteintes par des explosions, des crimes de sang, par la terreur. Ceux qui souffrent d\u2019un handicap, d\u2019une blessure qui affecte leurs membres ou une autre partie de leurs corps font parfois l\u2019objet d\u2019un entrefilet, d\u2019un article sensible qui nous ram\u00e8ne \u00e0 notre condition d\u2019\u00eatres en sursis. La guerre, les op\u00e9rations militaires d\u2019envergure, les attaques au couteau, \u00e0 la voiture b\u00e9lier, aux armes \u00e0 feu font que\u00a0 les blessures corporelles sont hi\u00e9rarchis\u00e9es, d\u00e9finies en fonction du caract\u00e8re de gravit\u00e9, du pronostic de vie.\u00a0<strong>Ad\u00e8le Bitton<\/strong>, victime d\u2019un jet de pierres pr\u00e8s de la localit\u00e9 d\u2019Ariel en Samarie, n\u2019a pas eu cette chance. Apr\u00e8s deux ann\u00e9es de traumatismes, d\u2019op\u00e9rations, d\u2019angoisses, de renoncements, elle est d\u00e9c\u00e9d\u00e9e d\u2019une pneumonie, \u00e0 l\u2019H\u00f4pital pour enfants Schneider de\u00a0 Petah Tikva. Elle avait 4 ans.<\/p>\n<p style=\\\"font-weight: 400;\\\">\n<p style=\\\"font-weight: 400;\\\"><strong>encadre<\/strong><\/p>\n<p style=\\\"font-weight: 400;\\\">Akhikam Simantov<\/p>\n<p style=\\\"font-weight: 400;\\\">En mai 1990, lors de la premi\u00e8re Intifadala voiture de la famille Simantov est la cible de jets de pierres \u00e0 Ofrah qui traversent la lunette arri\u00e8re, percutant la t\u00eate d\u2019Akhikam, \u00e2g\u00e9 de 7 mois. Sa m\u00e8re Edna : \u00ab Akhikam s\u2019est mis \u00e0 pleurer. Sa t\u00eate enflait. Nous avons retir\u00e9 tous les morceaux de verre \u00bb. Aucune ambulance n\u2019\u00e9tant disponible, les parents sont retourn\u00e9s \u00e0 J\u00e9rusalem, en pleine nuit, emmener leur b\u00e9b\u00e9 \u00e0 l\u2019h\u00f4pital. Akhikam a perdu connaissance durant le trajet. Les m\u00e9decins, peu pessimistes, ont diagnostiqu\u00e9 une h\u00e9morragie interne, et le pronostic vital \u00e9tait engag\u00e9.\u00a0 Akhikam a surv\u00e9cu, le cerveau atteint irr\u00e9versiblement. Les troubles se sont accentu\u00e9s, les crises d\u2019\u00e9pilepsie sont devenues fr\u00e9quentes. Les parents se sont tourn\u00e9s vers la chirurgie et se sont rendus \u00e0 l\u2019Institut neurologique de Montr\u00e9al, ou Akhikam a subi une chirurgie lourde, \u00e0 16 ans. Les crises d\u2019\u00e9pilepsies ont disparu mais les dommages restent permanents et le handicap est presque total.\u00a0<em>\u00ab Je ne peux ni lire ni \u00e9crire, je ne pourrai jamais servir dans l\u2019arm\u00e9e ou obtenir mon permis de conduire \u00bb\u00a0<\/em>avoue Akhikam.\u00a0<em>\u00ab Je devrai toujours \u00eatre d\u00e9pendant des autres, et quelque chose d\u2019aussi simple que d\u2019envoyer un sms sera toujours compliqu\u00e9 pour moi\u2026Je me dis souvent : pourquoi moi ? \u00bb\u00a0<\/em>Sa m\u00e8re\u00a0: \u00ab Monfils boite, a des probl\u00e8mes de dos, ne sent pas sa main droite. Il fait de la physioth\u00e9rapie trois fois par semaine\u2026C\u2019est une trag\u00e9die qui se poursuit pour Akhikam et pour toute notre famille. \u00bb<br \/>\nCette ann\u00e9e Akhikam f\u00eate ses 26 ans et conduit des chevaux qui ont assur\u00e9 une partie de sa th\u00e9rapie. Akhikam porte en lui tous les stigmates de l\u2019\u00e9tat de stress post traumatique, mais il poss\u00e8de un grand app\u00e9tit de vivre.<\/p>\n<p style=\\\"font-weight: 400;\\\">\n<p style=\\\"font-weight: 400;\\\"><strong>Que savons-nous de ce Syndrome des soldats ?<\/strong><\/p>\n<p style=\\\"font-weight: 400;\\\">Oppenheim en 1889 a d\u00e9crit les sympt\u00f4mes qui touchaient les accident\u00e9s de la construction, utilisant le terme de \u00abn\u00e9vrose traumatique\u00bb. Charcot, De La Tourette, et Freud (qui parla de n\u00e9vrose hyst\u00e9rique) ont d\u00e9crit des \u00e9l\u00e9ments analogues affectant le comportement de patients soumis \u00e0 des stimuli agressifs cons\u00e9cutifs \u00e0 des \u00e9v\u00e8nements traumatiques.<br \/>\nLa\u00a01\u00e8re Guerre mondiale d\u00e9clenchera une prise en compte de ces processus, l\u2019int\u00e9r\u00eat\u00a0 pour le \u00ab choc des tranch\u00e9es \u00bb, caus\u00e9 par la terreur des bombardements d\\&rsquo;artillerie et l\\&rsquo;\u00abhorreur de la boucherie des corps disloqu\u00e9s \u00bb. \u00ab L\u2019\u00e9tat de stress post-traumatique se caract\u00e9rise par le d\u00e9veloppement de sympt\u00f4mes sp\u00e9cifiques suite \u00e0 l\\&rsquo;exposition \u00e0 un \u00e9v\u00e9nement traumatique\u00a0 morbide, de menaces de mort, de blessures graves, d\u2019agression sexuelle. \u00bbDes personnes expos\u00e9es diff\u00e9remment, d\u00e9veloppent des sympt\u00f4mes du m\u00eame type, plus ou moins durables dans le temps: les acteurs d\u2019un drame, les t\u00e9moins, les proches ou amis sont soudainement expos\u00e9s.\u00a0 L\u2019ESPT\u00a0 survient \u00e0 tout \u00e2ge et les cons\u00e9quences n\u00e9gatives apparaissent les 3 premiers mois qui suivent l\u2019\u00e9v\u00e9nement traumatique, perdurant variablement d\u2019un individu \u00e0 un autre. 25 \u00e0 50 % des victimes d\u2019un \u00e9v\u00e9nement traumatique majeur (combats militaires, g\u00e9nocides, attaques terroristes, viols) d\u00e9veloppent un \u00e9tat de stress post-traumatique. Il\u00a0 peut s\u2019agir de peur foudroyante, d\u2019un sentiment d\u2019impuissance ou d\\&rsquo;horreur, de cauchemars, de flashs visuels agressifs, d\u2019hyperr\u00e9activit\u00e9 (un bouchon de champagne qui saute, un p\u00e9tard, des cris, peuvent r\u00e9veiller une peur enfouie). Il peut s\u2019agir encore de d\u00e9ni, de mise \u00e0 l\u2019\u00e9cart de la r\u00e9alit\u00e9, et le sujet ne veut pas se souvenir, aborder certains lieux, fr\u00e9quenter certaines personnes\u2026\u00a0 La m\u00e9moire se fait vacillante, le doute augmente. La personne se fait des reproches, ressent col\u00e8re et culpabilit\u00e9. Les rescap\u00e9s de la Shoah ont connu cela et avaient honte d\u2019avoir surv\u00e9cu \u00e0 la place d\u2019autres d\u00e9port\u00e9s. L\u2019imaginaire est au pouvoir et dompte tous les sentiments.<\/p>\n<p style=\\\"font-weight: 400;\\\">Ceux qui sont atteints d\u2019ESPT perdent l\u2019int\u00e9r\u00eat d\u2019entreprendre, se d\u00e9tachent des autres, se refusant \u00e0 toute joie. Pris en otage par leur propre perception du r\u00e9el, ils peuvent tenter de pr\u00e9cipiter leur fin, sont irritables, imprudents. Difficult\u00e9s de concentration, de sommeil, sursautant \u00e0 tout propos, ils per\u00e7oivent ces alt\u00e9rations puisqu\u2019elles annihilent leurs vies professionnelles, sociales, amoureuses ou affectives.<br \/>\nLa Th\u00e9rapie d\\&rsquo;approche cognitivo-comportementale est une psycho\u00e9ducation\u00a0 qui consiste \u00e0 fournir de l\u2019information \u00e0 la personne pr\u00e9sentant un ESPT, concernant ses r\u00e9actions post-traumatiques. La compr\u00e9hension du ph\u00e9nom\u00e8ne par le malade est essentielle et favorise une diminution de l\u2019anxi\u00e9t\u00e9, augmentant le sentiment de contr\u00f4le, favorisant la gestion de l\u2019anxi\u00e9t\u00e9.<br \/>\nLa TCC identifie et modifie les pens\u00e9es irrationnelles ou non qui engendrent de la d\u00e9tresse et de l\u2019anxi\u00e9t\u00e9. On apprend ainsi \u00e0 g\u00e9rer ses sentiments, \u00e0 les positiver. Des traitements sont pr\u00e9conis\u00e9s mais il ne faut pas n\u00e9gliger l\u2019aide des proches, famille, amis, relations. La douleur doit \u00eatre verbalis\u00e9e, expuls\u00e9e. Le sujet doit pouvoir exprimer ses craintes, \u00e9voquer les images qui l\u2019assaillent, afin de tenter de d\u00e9dramatiser l\u2019\u00e9v\u00e8nement traumatisant, et d\u2019\u00e9baucher des solutions.\u00a0 Et lorsque la douleur parvient \u00e0 s\u2019estomper, \u00e0 se mettre en sommeil, chaque \u00e9clat, chaque agression, proche ou lointaine, peut r\u00e9activer le processus et faire remonter la souffrance \u00e0 la surface.<\/p>\n<p>\u00a0soldats La suite de l\u2019article se trouve dans le prochain num\u00e9ro d\u2019Isra\u00ebl Magazine<\/p>\n<p>D\u00e9couvrez un exemplaire du magazine gratuitement et cliquez ensuite sur le rebord droit<\/p>\n<p><a href=\\\"https:\/\/online.fliphtml5.com\/rjspi\/ypmm\/#p=1\\\">https:\/\/online.fliphtml5.com\/rjspi\/ypmm\/#p=1<\/a><\/p>\n<p>Votre magazine est livr\u00e9 chez vous en toute confidentialit\u00e9<br \/>\nS\u2019abonner au magazine par t\u00e9l\u00e9phone ou par whats app 00972 (0) 54 254 45 20 ou au 01 86 98 27 27<\/p>\n<p>Par email\u00a0 <a href=\\\"mailto:Andredarmon21@gmail.com\\\">Andredarmon21@gmail.com<\/a>\u00a0 pay pal<\/p>\n<p>Ou directement sur le site<\/p>\n<img class=\\\"size-full wp-image-55448\\\" src=\\\"https:\/\/israelmagazine.co.il\/wp-content\/uploads\/2021\/04\/IsraMag245.jpg\\\" alt=\\\"Knesset\\\" width=\\\"300\\\" height=\\\"250\\\" \/>\n<p><a href=\\\"https:\/\/israelmagazine.co.il\/sabonner-au-magazine\/\\\">https:\/\/israelmagazine.co.il\/sabonner-au-magazine\/<\/a><\/p>\n<p>Ou encore S\u2019abonner au magazine livr\u00e9 chez vous en toute confidentialit\u00e9. Remplir le formulaire<\/p>\n<p><a href=\\\"https:\/\/docs.google.com\/forms\/d\/e\/1FAIpQLSfPYJfb8KjEya-X17w0DGPAuBlCGvqVUdh_Is8EL810Lxw82A\/viewform?entry.1189475001=Recipient_Email\\\">https:\/\/docs.google.com\/forms\/d\/e\/1FAIpQLSfPYJfb8KjEya-X17w0DGPAuBlCGvqVUdh_Is8EL810Lxw82A\/viewform?entry.1189475001=Recipient_Email<\/a><\/p>\n","protected":false},"excerpt":{"rendered":"<p>Soldats, Victimes d\u2019attentats ou d\u2019agressions \u00a0L\u2019\u00e9tat de Stress post traumatique.\u00a0 Archives 2015\u00a0 article entier Yaacov BEN DENOUN Ido \u00e9tait un soldat Golani du 51\u00e8me bataillon. Il a \u00e9t\u00e9 bless\u00e9 gravement lors d\u2019une op\u00e9ration militaire \u00e0 Gaza en 2007. \u00ab Qui reconnait mes blessures ? O\u00f9 est le comit\u00e9 et qui sont les personnes cens\u00e9es m\u2019affecter &hellip;<\/p>\n<p class=\"read-more\"> <a class=\"\" href=\"https:\/\/israelmagazine.net\/?p=56700\"> <span class=\"screen-reader-text\">Soldats, Victimes d\u2019attentats ou d\u2019agressions<\/span> Lire la suite \u00bb<\/a><\/p>\n","protected":false},"author":4,"featured_media":55448,"comment_status":"open","ping_status":"open","sticky":false,"template":"","format":"standard","meta":{"site-sidebar-layout":"default","site-content-layout":"default","ast-global-header-display":"","ast-main-header-display":"","ast-hfb-above-header-display":"","ast-hfb-below-header-display":"","ast-hfb-mobile-header-display":"","site-post-title":"","ast-breadcrumbs-content":"","ast-featured-img":"","footer-sml-layout":"","theme-transparent-header-meta":"","adv-header-id-meta":"","stick-header-meta":"","header-above-stick-meta":"","header-main-stick-meta":"","header-below-stick-meta":""},"categories":[84,1612,1616,1624],"tags":[825,881,2569,2515,3062,742],"sujet":[],"_links":{"self":[{"href":"https:\/\/israelmagazine.net\/index.php?rest_route=\/wp\/v2\/posts\/56700"}],"collection":[{"href":"https:\/\/israelmagazine.net\/index.php?rest_route=\/wp\/v2\/posts"}],"about":[{"href":"https:\/\/israelmagazine.net\/index.php?rest_route=\/wp\/v2\/types\/post"}],"author":[{"embeddable":true,"href":"https:\/\/israelmagazine.net\/index.php?rest_route=\/wp\/v2\/users\/4"}],"replies":[{"embeddable":true,"href":"https:\/\/israelmagazine.net\/index.php?rest_route=%2Fwp%2Fv2%2Fcomments&post=56700"}],"version-history":[{"count":0,"href":"https:\/\/israelmagazine.net\/index.php?rest_route=\/wp\/v2\/posts\/56700\/revisions"}],"wp:featuredmedia":[{"embeddable":true,"href":"https:\/\/israelmagazine.net\/index.php?rest_route=\/"}],"wp:attachment":[{"href":"https:\/\/israelmagazine.net\/index.php?rest_route=%2Fwp%2Fv2%2Fmedia&parent=56700"}],"wp:term":[{"taxonomy":"category","embeddable":true,"href":"https:\/\/israelmagazine.net\/index.php?rest_route=%2Fwp%2Fv2%2Fcategories&post=56700"},{"taxonomy":"post_tag","embeddable":true,"href":"https:\/\/israelmagazine.net\/index.php?rest_route=%2Fwp%2Fv2%2Ftags&post=56700"},{"taxonomy":"sujet","embeddable":true,"href":"https:\/\/israelmagazine.net\/index.php?rest_route=%2Fwp%2Fv2%2Fsujet&post=56700"}],"curies":[{"name":"wp","href":"https:\/\/api.w.org\/{rel}","templated":true}]}}