{"id":56774,"date":"2022-04-10T08:22:46","date_gmt":"2022-04-10T05:22:46","guid":{"rendered":"https:\/\/israelmagazine.net\/?p=56774"},"modified":"2022-04-10T08:22:46","modified_gmt":"2022-04-10T05:22:46","slug":"israel-un-terroriste-palestinien-tue-par-dans-des-affrontements-en-judee-samarie","status":"publish","type":"post","link":"https:\/\/israelmagazine.net\/?p=56774","title":{"rendered":"Isra\u00ebl: Un terroriste palestinien tu\u00e9 dans des affrontements en Jud\u00e9e Samarie"},"content":{"rendered":"<h3>Isra\u00ebl: Un terroriste palestinien tu\u00e9 dans des affrontements en Jud\u00e9e Samarie<\/h3>\n<img class=\\\"size-medium wp-image-56775\\\" src=\\\"https:\/\/israelmagazine.co.il\/wp-content\/uploads\/2022\/04\/1649567720182-300x225.jpg\\\" alt=\\\"Dizengoff, le lendemain de la tuerie\\\" width=\\\"300\\\" height=\\\"225\\\" \/>\n<p>Lors d\\&rsquo;un raid dans la ville natale de l\\&rsquo;auteur de la fusillade de jeudi \u00e0 Tel Aviv, Tsahal a indiqu\u00e9 que ses soldats menaient une op\u00e9ration antiterroriste dans la r\u00e9gion de J\u00e9nine et qu\\&rsquo;ils avaient ouvert le feu sur des terroristes apr\u00e8s avoir \u00e9t\u00e9 la cible de tirs. Un terroriste palestinien a \u00e9t\u00e9 tu\u00e9 dans ces affrontements<\/p>\n<p>Le minist\u00e8re palestinien de la Sant\u00e9 a fait savoir que 13 personnes avaient \u00e9t\u00e9 bless\u00e9es dans l\\&rsquo;\u00e9change de tirs de samedi dans la ville de J\u00e9nine. Le Jihad islamique a dit que le terroriste tu\u00e9 par l\\&rsquo;arm\u00e9e \u00e9tait un membre du groupe terroriste. Des habitants de J\u00e9nine ont d\u00e9clar\u00e9 que les troupes isra\u00e9liennes avaient encercl\u00e9 la maison de l\\&rsquo;homme qui a Assassine trois jeunes Isra\u00e9liens hommes jeudi soir dans un bar de Tel-Aviv . Il a \u00e9t\u00e9 abattu quelques heures plus tard a Yaffo. L\u2019attaque de Tel-Aviv avait \u00e9t\u00e9 salu\u00e9e par le Jihad islamique et le Hamas, mais condamn\u00e9e du bout des l\u00e8vres par le pr\u00e9sident palestinien, Mahmoud Abbas, qui est aussi le chef du Fatah.<\/p>\n<p>Les forces de s\u00e9curit\u00e9 isra\u00e9liennes avaient annonc\u00e9 vendredi avoir abattu l\\&rsquo;homme, auteur de l\\&rsquo;attaque. La ville de J\u00e9nine est ainsi consid\u00e9r\u00e9e comme l\u2019un des principaux bastions des groupes arm\u00e9s palestiniens mais aussi le bastion du commerce interdit de toutes sortes d\u2019armes et Isra\u00ebl y a men\u00e9 plusieurs op\u00e9rations au cours de deux derni\u00e8res semaines.<\/p>\n<p>Le Premier ministre, Naftali Bennett, avait donn\u00e9 carte blanche vendredi aux forces de s\u00e9curit\u00e9 pour \u00abvaincre \u00bb une nouvelle vague de \u00ab terreur \u00bb en Isra\u00ebl. lI y a \u00a0vingt ans, apr\u00e8s des attentats meurtriers contre des civils isra\u00e9liens, l\u2019arm\u00e9e avait lanc\u00e9 une offensive de grande envergure \u00e0 J\u00e9nine, au cours de laquelle 53 Palestiniens, et 23 soldats isra\u00e9liens avaient \u00e9t\u00e9 tu\u00e9s durant dix jours d\u2019intenses combats.<\/p>\n<h3>La suite de l\u2019article se trouve dans le prochain num\u00e9ro d\u2019Isra\u00ebl Magazine<\/h3>\n<p>D\u00e9couvrez un exemplaire du magazine gratuitement et cliquez ensuite sur le rebord droit<\/p>\n<p><a href=\\\"https:\/\/online.fliphtml5.com\/rjspi\/ypmm\/#p=1\\\">https:\/\/online.fliphtml5.com\/rjspi\/ypmm\/#p=1<\/a><\/p>\n<p>Votre magazine est livr\u00e9 chez vous en toute confidentialit\u00e9<br \/>\nS\u2019abonner au magazine par t\u00e9l\u00e9phone ou par whats app 00972 (0) 54 254 45 20 ou au 01 86 98 27 27<\/p>\n<p>Par email\u00a0 <a href=\\\"mailto:Andredarmon21@gmail.com\\\">Andredarmon21@gmail.com<\/a>\u00a0 pay pal<\/p>\n<p>Ou directement sur le site<\/p>\n<p><a href=\\\"https:\/\/israelmagazine.co.il\/sabonner-au-magazine\/\\\">https:\/\/israelmagazine.co.il\/sabonner-au-magazine\/<\/a><\/p>\n<p>Ou encore S\u2019abonner au magazine livr\u00e9 chez vous en toute confidentialit\u00e9. Remplir le formulaire<\/p>\n<p><a href=\\\"https:\/\/docs.google.com\/forms\/d\/e\/1FAIpQLSfPYJfb8KjEya-X17w0DGPAuBlCGvqVUdh_Is8EL810Lxw82A\/viewform?entry.1189475001=Recipient_Email\\\">https:\/\/docs.google.com\/forms\/d\/e\/1FAIpQLSfPYJfb8KjEya-X17w0DGPAuBlCGvqVUdh_Is8EL810Lxw82A\/viewform?entry.1189475001=Recipient_Email<\/a><\/p>\n<p>&nbsp;<\/p>\n<p><a href=\\\"https:\/\/www.facebook.com\/563799703686978\/posts\/3916028461797402\/\\\">https:\/\/www.facebook.com\/563799703686978\/posts\/3916028461797402\/<\/a><\/p>\n<p>&nbsp;<\/p>\n<p>https:\/\/www.ovh.com\/fr\/cgi-bin\/fr\/procedure\/procedureChangeEmail.cgi<\/p>\n<p>&nbsp;<\/p>\n<p>&nbsp;<\/p>\n<p>&nbsp;<\/p>\n<p>&nbsp;<\/p>\n","protected":false},"excerpt":{"rendered":"<p>Isra\u00ebl: Un terroriste palestinien tu\u00e9 dans des affrontements en Jud\u00e9e Samarie Lors d\\&rsquo;un raid dans la ville natale de l\\&rsquo;auteur de la fusillade de jeudi \u00e0 Tel Aviv, Tsahal a indiqu\u00e9 que ses soldats menaient une op\u00e9ration antiterroriste dans la r\u00e9gion de J\u00e9nine et qu\\&rsquo;ils avaient ouvert le feu sur des terroristes apr\u00e8s avoir \u00e9t\u00e9 &hellip;<\/p>\n<p class=\"read-more\"> <a class=\"\" href=\"https:\/\/israelmagazine.net\/?p=56774\"> <span class=\"screen-reader-text\">Isra\u00ebl: Un terroriste palestinien tu\u00e9 dans des affrontements en Jud\u00e9e Samarie<\/span> Lire la suite \u00bb<\/a><\/p>\n","protected":false},"author":4,"featured_media":56775,"comment_status":"open","ping_status":"open","sticky":false,"template":"","format":"standard","meta":{"site-sidebar-layout":"default","site-content-layout":"default","ast-global-header-display":"","ast-main-header-display":"","ast-hfb-above-header-display":"","ast-hfb-below-header-display":"","ast-hfb-mobile-header-display":"","site-post-title":"","ast-breadcrumbs-content":"","ast-featured-img":"","footer-sml-layout":"","theme-transparent-header-meta":"","adv-header-id-meta":"","stick-header-meta":"","header-above-stick-meta":"","header-main-stick-meta":"","header-below-stick-meta":""},"categories":[84,1612,1613,1615,1616],"tags":[881,1474,823,955,2013,931,1628,1700,937,383,2569,1636,877,1986],"sujet":[],"_links":{"self":[{"href":"https:\/\/israelmagazine.net\/index.php?rest_route=\/wp\/v2\/posts\/56774"}],"collection":[{"href":"https:\/\/israelmagazine.net\/index.php?rest_route=\/wp\/v2\/posts"}],"about":[{"href":"https:\/\/israelmagazine.net\/index.php?rest_route=\/wp\/v2\/types\/post"}],"author":[{"embeddable":true,"href":"https:\/\/israelmagazine.net\/index.php?rest_route=\/wp\/v2\/users\/4"}],"replies":[{"embeddable":true,"href":"https:\/\/israelmagazine.net\/index.php?rest_route=%2Fwp%2Fv2%2Fcomments&post=56774"}],"version-history":[{"count":0,"href":"https:\/\/israelmagazine.net\/index.php?rest_route=\/wp\/v2\/posts\/56774\/revisions"}],"wp:featuredmedia":[{"embeddable":true,"href":"https:\/\/israelmagazine.net\/index.php?rest_route=\/"}],"wp:attachment":[{"href":"https:\/\/israelmagazine.net\/index.php?rest_route=%2Fwp%2Fv2%2Fmedia&parent=56774"}],"wp:term":[{"taxonomy":"category","embeddable":true,"href":"https:\/\/israelmagazine.net\/index.php?rest_route=%2Fwp%2Fv2%2Fcategories&post=56774"},{"taxonomy":"post_tag","embeddable":true,"href":"https:\/\/israelmagazine.net\/index.php?rest_route=%2Fwp%2Fv2%2Ftags&post=56774"},{"taxonomy":"sujet","embeddable":true,"href":"https:\/\/israelmagazine.net\/index.php?rest_route=%2Fwp%2Fv2%2Fsujet&post=56774"}],"curies":[{"name":"wp","href":"https:\/\/api.w.org\/{rel}","templated":true}]}}