{"id":56873,"date":"2022-04-28T08:17:36","date_gmt":"2022-04-28T05:17:36","guid":{"rendered":"https:\/\/israelmagazine.net\/?p=56873"},"modified":"2022-04-28T08:17:36","modified_gmt":"2022-04-28T05:17:36","slug":"la-coalition-bennet-sur-le-fil-du-rasoir","status":"publish","type":"post","link":"https:\/\/israelmagazine.net\/?p=56873","title":{"rendered":"La Coalition Bennet sur le fil du rasoir\u2026"},"content":{"rendered":"<h3 style=\\\"font-weight: 400;\\\"><strong><u>Affaires Silman et Chikli, effervescence terroriste arabe tous azimuts :<\/u><\/strong><\/h3>\n<p style=\\\"font-weight: 400;\\\"><strong><em>La Coalition Bennet sur le fil du rasoir\u2026<\/em><\/strong><\/p>\n<p style=\\\"font-weight: 400;\\\"><strong>RICHARD DARMON<\/strong><\/p>\n<img class=\\\"size-medium wp-image-56874\\\" src=\\\"https:\/\/israelmagazine.co.il\/wp-content\/uploads\/2022\/04\/000_1WI4PV_0_0-300x200.jpg\\\" alt=\\\"Bennett\\\" width=\\\"300\\\" height=\\\"200\\\" \/>\n<p style=\\\"font-weight: 400;\\\"><strong>\u00a0<\/strong><strong>Dix mois apr\u00e8s sa laborieuse mise sur pied, le cabinet Bennet-Lapid est au bord de l\u2019effondrement puisqu\u2019au lieu de la tr\u00e8s courte majorit\u00e9 parlementaire de 61 si\u00e8ges sur 120. Elle le soutenait jusque-l\u00e0 de justesse \u00e0 la Knesset, et ne dispose que de l\u2019appui \u2013 tout th\u00e9orique \u2013 de 60 (dont les quatre voix probl\u00e9matiques du parti islamiste de Mansour Abbas). Et ceci apr\u00e8s la d\u00e9mission d\u2019Idit Silman de son poste de chef de la coalition et son ralliement id\u00e9ologique \u00e0 l\u2019opposition en vue de former un gouvernement de droite men\u00e9 par le Likoud. Le tout sur fond de graves tensions s\u00e9curitaires et de recrudescence des attentats terroristes et d\u2019une reprise des \u00e9meutes arabo-palestiniennes un peu partout dans le pays, dans le N\u00e9guev comme \u00e0 J\u00e9rusalem.<\/strong><\/p>\n<h3 style=\\\"font-weight: 400;\\\">des Accords d\u2019Abraham avec les pays arabes sunnites dit \u00ab mod\u00e9r\u00e9s<\/h3>\n<p style=\\\"font-weight: 400;\\\"><strong><em>\u00a0<\/em><\/strong>Quand, \u00e0 la mi-mars derni\u00e8re, un proche conseiller du Premier ministre Bennet fut interrog\u00e9 \u00e0 la t\u00e9l\u00e9vision pour savoir pourquoi son chef n\u2019\u00e9tait alors engag\u00e9 dans aucune activit\u00e9 de politique int\u00e9rieure notamment en vue de consolider son parti Yamina, il r\u00e9pondit qu\u2019il en \u00e9tait ainsi\u00a0<em>\u00ab\u00a0tout simplement parce que Bennet est trop occup\u00e9 \u00e0 autre chose\u2026\u00a0\u00bb.<\/em>\u00a0A savoir, entre autres, la p\u00e9rilleuse tentative de m\u00e9diation isra\u00e9lienne dans la guerre Russie-Ukraine, la campagne de J\u00e9rusalem aupr\u00e8s de Washington pour limiter les d\u00e9g\u00e2ts strat\u00e9giques d\u2019un \u00e9ventuel nouvel accord nucl\u00e9aire des grandes puissances avec l\u2019Iran, le renforcement des Accords d\u2019Abraham avec les pays arabes sunnites dit \u00ab\u00a0mod\u00e9r\u00e9s\u00a0\u00bb, etc\u2026<\/p>\n<h3>La suite de l\u2019article se trouve dans le prochain num\u00e9ro d\u2019Isra\u00ebl Magazine<\/h3>\n<p>D\u00e9couvrez un exemplaire du magazine gratuitement et cliquez ensuite sur le rebord droit d<\/p>\n<p><a href=\\\"https:\/\/fr.calameo.com\/read\/001096500c7f116363325\\\">https:\/\/fr.calameo.com\/read\/001096500c7f116363325<\/a><\/p>\n<p>Votre magazine livr\u00e9 chez vous en toute confidentialit\u00e9 S\u2019abonner au magazine par t\u00e9l\u00e9phone ou par whats app 00972 (0) 54 254 45 20 ou au 01 86 98 27 27<\/p>\n<p>Par email\u00a0 Andredarmon21@gmail.com<\/p>\n<p>directement sur le site<\/p>\n<p><a href=\\\"https:\/\/israelmagazine.co.il\/sabonner-au-magazine\/\\\">https:\/\/israelmagazine.co.il\/sabonner-au-magazine\/<\/a><\/p>\n<p style=\\\"font-weight: 400;\\\"><strong><em>\u00a0<\/em><\/strong><\/p>\n","protected":false},"excerpt":{"rendered":"<p>Affaires Silman et Chikli, effervescence terroriste arabe tous azimuts : La Coalition Bennet sur le fil du rasoir\u2026 RICHARD DARMON \u00a0Dix mois apr\u00e8s sa laborieuse mise sur pied, le cabinet Bennet-Lapid est au bord de l\u2019effondrement puisqu\u2019au lieu de la tr\u00e8s courte majorit\u00e9 parlementaire de 61 si\u00e8ges sur 120. Elle le soutenait jusque-l\u00e0 de justesse &hellip;<\/p>\n<p class=\"read-more\"> <a class=\"\" href=\"https:\/\/israelmagazine.net\/?p=56873\"> <span class=\"screen-reader-text\">La Coalition Bennet sur le fil du rasoir\u2026<\/span> Lire la suite \u00bb<\/a><\/p>\n","protected":false},"author":4,"featured_media":56874,"comment_status":"open","ping_status":"open","sticky":false,"template":"","format":"standard","meta":{"site-sidebar-layout":"default","site-content-layout":"default","ast-global-header-display":"","ast-main-header-display":"","ast-hfb-above-header-display":"","ast-hfb-below-header-display":"","ast-hfb-mobile-header-display":"","site-post-title":"","ast-breadcrumbs-content":"","ast-featured-img":"","footer-sml-layout":"","theme-transparent-header-meta":"","adv-header-id-meta":"","stick-header-meta":"","header-above-stick-meta":"","header-main-stick-meta":"","header-below-stick-meta":""},"categories":[84,1612,1613,1623,1615,1616],"tags":[825,3087,1739,2131,810,955,2013,815],"sujet":[],"_links":{"self":[{"href":"https:\/\/israelmagazine.net\/index.php?rest_route=\/wp\/v2\/posts\/56873"}],"collection":[{"href":"https:\/\/israelmagazine.net\/index.php?rest_route=\/wp\/v2\/posts"}],"about":[{"href":"https:\/\/israelmagazine.net\/index.php?rest_route=\/wp\/v2\/types\/post"}],"author":[{"embeddable":true,"href":"https:\/\/israelmagazine.net\/index.php?rest_route=\/wp\/v2\/users\/4"}],"replies":[{"embeddable":true,"href":"https:\/\/israelmagazine.net\/index.php?rest_route=%2Fwp%2Fv2%2Fcomments&post=56873"}],"version-history":[{"count":0,"href":"https:\/\/israelmagazine.net\/index.php?rest_route=\/wp\/v2\/posts\/56873\/revisions"}],"wp:featuredmedia":[{"embeddable":true,"href":"https:\/\/israelmagazine.net\/index.php?rest_route=\/"}],"wp:attachment":[{"href":"https:\/\/israelmagazine.net\/index.php?rest_route=%2Fwp%2Fv2%2Fmedia&parent=56873"}],"wp:term":[{"taxonomy":"category","embeddable":true,"href":"https:\/\/israelmagazine.net\/index.php?rest_route=%2Fwp%2Fv2%2Fcategories&post=56873"},{"taxonomy":"post_tag","embeddable":true,"href":"https:\/\/israelmagazine.net\/index.php?rest_route=%2Fwp%2Fv2%2Ftags&post=56873"},{"taxonomy":"sujet","embeddable":true,"href":"https:\/\/israelmagazine.net\/index.php?rest_route=%2Fwp%2Fv2%2Fsujet&post=56873"}],"curies":[{"name":"wp","href":"https:\/\/api.w.org\/{rel}","templated":true}]}}