{"id":56922,"date":"2022-05-16T07:56:44","date_gmt":"2022-05-16T04:56:44","guid":{"rendered":"https:\/\/israelmagazine.net\/?p=56922"},"modified":"2022-05-16T07:56:44","modified_gmt":"2022-05-16T04:56:44","slug":"israel-la-flambee-des-prix-en-israel-aura-t-elle-une-fin","status":"publish","type":"post","link":"https:\/\/israelmagazine.net\/?p=56922","title":{"rendered":"Isra\u00ebl : La Flamb\u00e9e des prix en Isra\u00ebl aura-t-elle une fin ?"},"content":{"rendered":"<h3 style=\\\"font-weight: 400;\\\"><strong>Isra\u00ebl : La Flamb\u00e9e des prix en Isra\u00ebl aura-t-elle une fin ?<\/strong><\/h3>\n<p style=\\\"font-weight: 400;\\\"><strong>par Sarah Cohen<\/strong><\/p>\n<p><img class=\\\"size-full wp-image-56877\\\" src=\\\"https:\/\/israelmagazine.co.il\/wp-content\/uploads\/2022\/04\/ban-abo-im257.jpg\\\" alt=\\\"Jud\u00e9e-Samarie\\\" width=\\\"300\\\" height=\\\"250\\\" \/><\/p>\n<p style=\\\"font-weight: 400;\\\"><b>Flamb\u00e9e<\/b><strong style=\\\"font-weight: 400;\\\">. Ces derniers mois, dans les all\u00e9es des enseignes isra\u00e9liennes, les prix affich\u00e9s changent r\u00e9guli\u00e8rement\u2026 Ils vont en augmentant, \u00e0 l\u2019image des c\u00e9l\u00e8bres paquets de p\u00e2tes de la marque Osem autrefois vendus 5,90 shekels (1,61 euro) contre 6,90 shekels (1,88 euro) aujourd\u2019hui. Au cours du mois de mars 2022, le co\u00fbt des biens de consommation a augment\u00e9 de 0,6 %, selon les donn\u00e9es publi\u00e9es le 15 avril dernier par le Bureau central des statistiques. Depuis le d\u00e9but de l\\&rsquo;ann\u00e9e 2022, une hausse de 1,5 % a \u00e9t\u00e9 observ\u00e9e. Elle concerne toutes sortes de produits tels que les v\u00eatements (+4,6 %), les loisirs (+2,1 %) et les transports (+1,6 % selon le Bureau central des statistiques). L\u2019immobilier <span aria-haspopup=\\\"true\\\">n\u2019y<\/span>\u00a0\u00e9chappe pas. Les prix des appartements ont augment\u00e9 de 1,8 % entre janvier et f\u00e9vrier 2022, portant \u00e0 15,2 % la hausse observ\u00e9e ces 12 derniers mois par rapport \u00e0 la p\u00e9riode pr\u00e9c\u00e9dente.<\/strong><\/p>\n<h3>Les consommateurs restent impuissants\u2026 et les victimes se multiplient.<\/h3>\n<p style=\\\"font-weight: 400;\\\">Une \u00e9volution qui pourrait se poursuivre&#8230; En janvier dernier, certains des principaux fournisseurs de produits alimentaires ont annonc\u00e9 vouloir augmenter leurs prix apr\u00e8s la P\u00e2que juive. Mais pour le moment, aucune \u00e9volution en ce sens\u00a0<span aria-haspopup=\\\"true\\\">n\u2019a<\/span>\u00a0\u00e9t\u00e9 confirm\u00e9e. Peut-\u00eatre suivront-elles l\\&rsquo;exemple de la soci\u00e9t\u00e9 Osem qui a annonc\u00e9 y renoncer.\u00a0\u00a0En attendant, les consommateurs restent impuissants\u2026 et les victimes se multiplient.<\/p>\n<p style=\\\"font-weight: 400;\\\">\u00ab Depuis le d\u00e9but de l\u2019\u00e9pid\u00e9mie du Covid-19, le nombre de demandes de renseignements a augment\u00e9 de 30 %. La flamb\u00e9e des prix en est <span aria-haspopup=\\\"true\\\">l\u2019une<\/span>\u00a0des causes \u00bb, nous explique Tamir Haas, porte-parole de Hasdei Naomi. Malgr\u00e9 ses 20 000 b\u00e9n\u00e9voles, cette association,\u00a0<span aria-haspopup=\\\"true\\\">l\u2019une<\/span>\u00a0des plus importantes d\u2019Isra\u00ebl, peine \u00e0 r\u00e9pondre aux demandes des plus d\u00e9munis qui viennent la voir. \u00ab Nous voyons d\u00e9filer toutes sortes de profils\u2026 Des personnes \u00e2g\u00e9es, des familles monoparentales, des \u00e9tudiants, des entrepreneurs qui ont fait faillite \u2026 Ces derni\u00e8res ann\u00e9es, la pauvret\u00e9 a augment\u00e9 de fa\u00e7on spectaculaire \u00bb, ajoute Tamir Haas.<\/p>\n<h3 style=\\\"font-weight: 400;\\\">Tel-Aviv est devenue trop ch\u00e8re<br \/>\nDans la rue, m\u00eame constat\u2026 \u00ab Il y a plus de SDF\u00a0<span aria-haspopup=\\\"true\\\">qu\u2019avant<\/span>\u00a0\u00bb, constate une habitante de Tel-Aviv venue faire ses courses au March\u00e9 Hatikva, avant d\\&rsquo;ajouter : \u00ab Je fais plus attention \u00e0 mes d\u00e9penses\u00a0\u00bb. \u00ab\u00a0Je pense d\u00e9m\u00e9nager, Tel-Aviv est devenue trop ch\u00e8re \u00bb, ajoute Noa, actrice et professeure\u00a0<span aria-haspopup=\\\"true\\\">d\u2019h\u00e9breu<\/span>\u00a0<span aria-haspopup=\\\"true\\\">d\u2019une<\/span>\u00a0\u00e9cole de langues de la ville blanche. \u00c2g\u00e9e\u00a0<span aria-haspopup=\\\"true\\\">d\u2019une<\/span>\u00a0trentaine\u00a0<span aria-haspopup=\\\"true\\\">d\u2019ann\u00e9es<\/span>, elle, qui a toujours habit\u00e9 la ville, ne voit pas\u00a0<span aria-haspopup=\\\"true\\\">d\u2019autre<\/span>\u00a0solution. \u00ab Aussit\u00f4t que\u00a0<span aria-haspopup=\\\"true\\\">j\u2019aurais<\/span>\u00a0pass\u00e9 le pas de ma porte, quelqu\u2019un aura d\u00e9j\u00e0 pos\u00e9 ses valises \u00bb, ajoute-t-elle, expliquant qu\u2019\u00e0 Tel-Aviv, plus\u00a0<span aria-haspopup=\\\"true\\\">qu\u2019ailleurs<\/span>, les locataires se succ\u00e8dent ind\u00e9finiment quel que soit le prix.<\/h3>\n<h3 style=\\\"font-weight: 400;\\\"><b style=\\\"font-weight: 400;\\\">Des faits alarmants et pourtant, les protestations sont rares contre cette <\/b>flamb\u00e9e<b style=\\\"font-weight: 400;\\\">.<\/b><\/h3>\n<p style=\\\"font-weight: 400;\\\">En Isra\u00ebl, la libert\u00e9 de manifestation est un droit fondamental. Toute personne a le droit d\\&rsquo;organiser ou de participer \u00e0 une manifestation. Pourtant, m\u00eame si beaucoup souffrent de cette flamb\u00e9e des prix, tr\u00e8s peu sortent dans les rues s\u2019en plaindre\u2026 La majorit\u00e9 se contente de se lamenter sur les r\u00e9seaux sociaux. La manifestation organis\u00e9e place Habima \u00e0 Tel-Aviv le 16 f\u00e9vrier dernier est <span aria-haspopup=\\\"true\\\">l\u2019une<\/span>\u00a0des seules \u00e0 avoir f\u00e9d\u00e9r\u00e9. \u00a0\u00ab Les Isra\u00e9liens n\u2019ont pas la culture de manifestation et n\u2019ont pas \u00e9t\u00e9 \u00e9duqu\u00e9s \u00e0 surveiller les prix et les d\u00e9penses \u00bb, nous expliquait Amir, un manifestant\u00a0<span aria-haspopup=\\\"true\\\">d\u2019une<\/span>\u00a0vingtaine\u00a0<span aria-haspopup=\\\"true\\\">d\u2019ann\u00e9es<\/span>\u00a0crois\u00e9 ce soir-l\u00e0. \u00ab La hausse des prix a \u00e9t\u00e9 facilit\u00e9e par l\u2019\u00e9pid\u00e9mie\u2026 Les regards \u00e9taient tourn\u00e9s vers elle \u00bb, ajoutait\u00a0<span aria-haspopup=\\\"true\\\">l\u2019une<\/span>\u00a0des amies. Pourtant, manifester pourrait porter ses fruits. En 2011, une manifestation de consommateurs avait fait chuter et geler les prix du fromage cottage pendant plusieurs ann\u00e9es. \u00ab Il est temps que les consommateurs votent avec leur portefeuille et punissent les importateurs. Le public devrait boycotter les marques ch\u00e8res et ne pas se contenter de pleurer sur les r\u00e9seaux sociaux \u00bb, a d\u00e9clar\u00e9 Linor Deutsch, directeur de Lobby 99, le lobby public.<\/p>\n<h3>La suite de l\u2019article se trouve dans le prochain num\u00e9ro d\u2019Isra\u00ebl Magazine<\/h3>\n<p>D\u00e9couvrez un exemplaire du magazine gratuitement et cliquez ensuite sur le rebord droit<\/p>\n<p><a href=\\\"https:\/\/online.fliphtml5.com\/rjspi\/ypmm\/#p=1\\\">https:\/\/online.fliphtml5.com\/rjspi\/ypmm\/#p=1<\/a><\/p>\n<p>Votre magazine est livr\u00e9 chez vous en toute confidentialit\u00e9<br \/>\nS\u2019abonner au magazine par t\u00e9l\u00e9phone ou par whats app 00972 (0) 54 254 45 20 ou au 01 86 98 27 27<\/p>\n<p>Par email\u00a0 <a href=\\\"mailto:Andredarmon21@gmail.com\\\">Andredarmon21@gmail.com<\/a>\u00a0 pay pal<\/p>\n<p>Ou directement sur le site<\/p>\n<p><a href=\\\"https:\/\/israelmagazine.co.il\/sabonner-au-magazine\/\\\">https:\/\/israelmagazine.co.il\/sabonner-au-magazine\/<\/a><\/p>\n<p>Ou encore S\u2019abonner au magazine livr\u00e9 chez vous en toute confidentialit\u00e9. Remplir le formulaire<\/p>\n<p><a href=\\\"https:\/\/docs.google.com\/forms\/d\/e\/1FAIpQLSfPYJfb8KjEya-X17w0DGPAuBlCGvqVUdh_Is8EL810Lxw82A\/viewform?entry.1189475001=Recipient_Email\\\">https:\/\/docs.google.com\/forms\/d\/e\/1FAIpQLSfPYJfb8KjEya-X17w0DGPAuBlCGvqVUdh_Is8EL810Lxw82A\/viewform?entry.1189475001=Recipient_Email<\/a><\/p>\n","protected":false},"excerpt":{"rendered":"<p>Isra\u00ebl : La Flamb\u00e9e des prix en Isra\u00ebl aura-t-elle une fin ? par Sarah Cohen Flamb\u00e9e. Ces derniers mois, dans les all\u00e9es des enseignes isra\u00e9liennes, les prix affich\u00e9s changent r\u00e9guli\u00e8rement\u2026 Ils vont en augmentant, \u00e0 l\u2019image des c\u00e9l\u00e8bres paquets de p\u00e2tes de la marque Osem autrefois vendus 5,90 shekels (1,61 euro) contre 6,90 shekels (1,88 &hellip;<\/p>\n<p class=\"read-more\"> <a class=\"\" href=\"https:\/\/israelmagazine.net\/?p=56922\"> <span class=\"screen-reader-text\">Isra\u00ebl : La Flamb\u00e9e des prix en Isra\u00ebl aura-t-elle une fin ?<\/span> Lire la suite \u00bb<\/a><\/p>\n","protected":false},"author":4,"featured_media":56771,"comment_status":"open","ping_status":"open","sticky":false,"template":"","format":"standard","meta":{"site-sidebar-layout":"default","site-content-layout":"default","ast-global-header-display":"","ast-main-header-display":"","ast-hfb-above-header-display":"","ast-hfb-below-header-display":"","ast-hfb-mobile-header-display":"","site-post-title":"","ast-breadcrumbs-content":"","ast-featured-img":"","footer-sml-layout":"","theme-transparent-header-meta":"","adv-header-id-meta":"","stick-header-meta":"","header-above-stick-meta":"","header-main-stick-meta":"","header-below-stick-meta":""},"categories":[84,1617,1613,1615],"tags":[1063,2549,825,2291,386,2119,289,810,3089,2013,1628,815,937,3090],"sujet":[],"_links":{"self":[{"href":"https:\/\/israelmagazine.net\/index.php?rest_route=\/wp\/v2\/posts\/56922"}],"collection":[{"href":"https:\/\/israelmagazine.net\/index.php?rest_route=\/wp\/v2\/posts"}],"about":[{"href":"https:\/\/israelmagazine.net\/index.php?rest_route=\/wp\/v2\/types\/post"}],"author":[{"embeddable":true,"href":"https:\/\/israelmagazine.net\/index.php?rest_route=\/wp\/v2\/users\/4"}],"replies":[{"embeddable":true,"href":"https:\/\/israelmagazine.net\/index.php?rest_route=%2Fwp%2Fv2%2Fcomments&post=56922"}],"version-history":[{"count":0,"href":"https:\/\/israelmagazine.net\/index.php?rest_route=\/wp\/v2\/posts\/56922\/revisions"}],"wp:featuredmedia":[{"embeddable":true,"href":"https:\/\/israelmagazine.net\/index.php?rest_route=\/"}],"wp:attachment":[{"href":"https:\/\/israelmagazine.net\/index.php?rest_route=%2Fwp%2Fv2%2Fmedia&parent=56922"}],"wp:term":[{"taxonomy":"category","embeddable":true,"href":"https:\/\/israelmagazine.net\/index.php?rest_route=%2Fwp%2Fv2%2Fcategories&post=56922"},{"taxonomy":"post_tag","embeddable":true,"href":"https:\/\/israelmagazine.net\/index.php?rest_route=%2Fwp%2Fv2%2Ftags&post=56922"},{"taxonomy":"sujet","embeddable":true,"href":"https:\/\/israelmagazine.net\/index.php?rest_route=%2Fwp%2Fv2%2Fsujet&post=56922"}],"curies":[{"name":"wp","href":"https:\/\/api.w.org\/{rel}","templated":true}]}}