{"id":56927,"date":"2022-05-17T07:35:54","date_gmt":"2022-05-17T04:35:54","guid":{"rendered":"https:\/\/israelmagazine.net\/?p=56927"},"modified":"2022-05-17T07:35:54","modified_gmt":"2022-05-17T04:35:54","slug":"itineraire-dun-enfant-juif-de-casablanca","status":"publish","type":"post","link":"https:\/\/israelmagazine.net\/?p=56927","title":{"rendered":"Itin\u00e9raire d\u2019un Enfant juif de Casablanca"},"content":{"rendered":"<h3>Itin\u00e9raire d\u2019un Enfant juif de Casablanca<\/h3>\n<p>Par Genevi\u00e8ve Wittmann<\/p>\n<img class=\\\"size-medium wp-image-56928\\\" src=\\\"https:\/\/israelmagazine.co.il\/wp-content\/uploads\/2022\/05\/Jean-Ouaknine-et-Gen-300x225.jpg\\\" alt=\\\"Casablanca\\\" width=\\\"300\\\" height=\\\"225\\\" \/>\n<p>Aux confins du pays d\u2019Auge en Normandie, entre Pont-l\u2019\u00c9v\u00eaque et Honfleur, il y a un bourg paisible aux maisons de briques et colombages sagement align\u00e9es autour de la place du march\u00e9. En ces premiers jours de Printemps, les jardinets se parent de myosotis altern\u00e9s de blanches guirlandes d\u2019ib\u00e9ris et de primev\u00e8res multicolores. Les lilas lourds de grappes mauves, embaument alentour et les m\u00e9sanges piaffent d\u2019impatience, jetant dans l\u2019air frais du matin leurs cris stridents. C\u2019est pr\u00e9cis\u00e9ment \u00e0 cette \u00e9poque, lors de l\u2019une de ces matin\u00e9es lumineuses d\u2019avril toute emperl\u00e9e de ros\u00e9e que j\u2019ai rencontr\u00e9 Jean. Il s\u2019affairait \u00e0 d\u00e9sherber son jardin. Je me suis pr\u00e9sent\u00e9e, il m\u2019explique que sa femme et lui \u00e9levaient des chevaux en Sologne. L\u2019\u00e2ge avan\u00e7ant, il leur a paru plus sage de revendre et de venir s\u2019installer dans cette adorable maison aux volets bleus voisine de la mienne. De haute stature, les cheveux blancs, des yeux immenses, noirs, un sourire \u00e9clatant, la peau mat. On devinait qu\u2019il \u00e9tait n\u00e9 dans un pays du soleil. C\u2019\u00e9tait le cas.<\/p>\n<h3><strong>Le gardien du cimeti\u00e8re juif de Casablanca<\/strong><\/h3>\n<p>Et petit \u00e0 petit je d\u00e9couvris le parcours inou\u00ef de cet enfant orphelin Juif, de Casablanca. Jean est n\u00e9 en 1945 dans le mellah de Casablanca, deuxi\u00e8me enfant d\u2019une fratrie qui en comptera bient\u00f4t 5. Le mot mellah, lui-m\u00eame serait une r\u00e9f\u00e9rence au commerce du sel exerc\u00e9 par les Juifs au Maroc ou bien plus simplement \u00e0 la circoncision. L\u2019appartement o\u00f9 vit la petite famille en ce milieu du si\u00e8cle, est mis\u00e9rable.<\/p>\n<h3>La suite de l\u2019article se trouve dans le prochain num\u00e9ro d\u2019Isra\u00ebl Magazine<\/h3>\n<p>D\u00e9couvrez un exemplaire du magazine gratuitement et cliquez ensuite sur le rebord droit<\/p>\n<p><a href=\\\"https:\/\/online.fliphtml5.com\/rjspi\/ypmm\/#p=1\\\">https:\/\/online.fliphtml5.com\/rjspi\/ypmm\/#p=1<\/a><\/p>\n<p>Votre magazine est livr\u00e9 chez vous en toute confidentialit\u00e9<br \/>\nS\u2019abonner au magazine par t\u00e9l\u00e9phone ou par whats app 00972 (0) 54 254 45 20 ou au 01 86 98 27 27<\/p>\n<p>Par email\u00a0 <a href=\\\"mailto:Andredarmon21@gmail.com\\\">Andredarmon21@gmail.com<\/a>\u00a0 pay pal<\/p>\n<p>Ou directement sur le site<\/p>\n<p><a href=\\\"https:\/\/israelmagazine.co.il\/sabonner-au-magazine\/\\\">https:\/\/israelmagazine.co.il\/sabonner-au-magazine\/<\/a><\/p>\n<p>Ou encore S\u2019abonner au magazine livr\u00e9 chez vous en toute confidentialit\u00e9. Remplir le formulaire<\/p>\n<p><a href=\\\"https:\/\/docs.google.com\/forms\/d\/e\/1FAIpQLSfPYJfb8KjEya-X17w0DGPAuBlCGvqVUdh_Is8EL810Lxw82A\/viewform?entry.1189475001=Recipient_Email\\\">https:\/\/docs.google.com\/forms\/d\/e\/1FAIpQLSfPYJfb8KjEya-X17w0DGPAuBlCGvqVUdh_Is8EL810Lxw82A\/viewform?entry.1189475001=Recipient_Email<\/a><\/p>\n","protected":false},"excerpt":{"rendered":"<p>Itin\u00e9raire d\u2019un Enfant juif de Casablanca Par Genevi\u00e8ve Wittmann Aux confins du pays d\u2019Auge en Normandie, entre Pont-l\u2019\u00c9v\u00eaque et Honfleur, il y a un bourg paisible aux maisons de briques et colombages sagement align\u00e9es autour de la place du march\u00e9. En ces premiers jours de Printemps, les jardinets se parent de myosotis altern\u00e9s de blanches &hellip;<\/p>\n<p class=\"read-more\"> <a class=\"\" href=\"https:\/\/israelmagazine.net\/?p=56927\"> <span class=\"screen-reader-text\">Itin\u00e9raire d\u2019un Enfant juif de Casablanca<\/span> Lire la suite \u00bb<\/a><\/p>\n","protected":false},"author":4,"featured_media":56928,"comment_status":"open","ping_status":"open","sticky":false,"template":"","format":"standard","meta":{"site-sidebar-layout":"default","site-content-layout":"default","ast-global-header-display":"","ast-main-header-display":"","ast-hfb-above-header-display":"","ast-hfb-below-header-display":"","ast-hfb-mobile-header-display":"","site-post-title":"","ast-breadcrumbs-content":"","ast-featured-img":"","footer-sml-layout":"","theme-transparent-header-meta":"","adv-header-id-meta":"","stick-header-meta":"","header-above-stick-meta":"","header-main-stick-meta":"","header-below-stick-meta":""},"categories":[84,1821,814,1609,1767,1674],"tags":[1063,825,1739,3091,2346,845,881,3092,383,1636],"sujet":[],"_links":{"self":[{"href":"https:\/\/israelmagazine.net\/index.php?rest_route=\/wp\/v2\/posts\/56927"}],"collection":[{"href":"https:\/\/israelmagazine.net\/index.php?rest_route=\/wp\/v2\/posts"}],"about":[{"href":"https:\/\/israelmagazine.net\/index.php?rest_route=\/wp\/v2\/types\/post"}],"author":[{"embeddable":true,"href":"https:\/\/israelmagazine.net\/index.php?rest_route=\/wp\/v2\/users\/4"}],"replies":[{"embeddable":true,"href":"https:\/\/israelmagazine.net\/index.php?rest_route=%2Fwp%2Fv2%2Fcomments&post=56927"}],"version-history":[{"count":0,"href":"https:\/\/israelmagazine.net\/index.php?rest_route=\/wp\/v2\/posts\/56927\/revisions"}],"wp:featuredmedia":[{"embeddable":true,"href":"https:\/\/israelmagazine.net\/index.php?rest_route=\/"}],"wp:attachment":[{"href":"https:\/\/israelmagazine.net\/index.php?rest_route=%2Fwp%2Fv2%2Fmedia&parent=56927"}],"wp:term":[{"taxonomy":"category","embeddable":true,"href":"https:\/\/israelmagazine.net\/index.php?rest_route=%2Fwp%2Fv2%2Fcategories&post=56927"},{"taxonomy":"post_tag","embeddable":true,"href":"https:\/\/israelmagazine.net\/index.php?rest_route=%2Fwp%2Fv2%2Ftags&post=56927"},{"taxonomy":"sujet","embeddable":true,"href":"https:\/\/israelmagazine.net\/index.php?rest_route=%2Fwp%2Fv2%2Fsujet&post=56927"}],"curies":[{"name":"wp","href":"https:\/\/api.w.org\/{rel}","templated":true}]}}