{"id":57014,"date":"2022-06-01T09:31:32","date_gmt":"2022-06-01T06:31:32","guid":{"rendered":"https:\/\/israelmagazine.net\/?p=57014"},"modified":"2022-06-01T09:31:32","modified_gmt":"2022-06-01T06:31:32","slug":"a-jerusalem-est-la-justice-israelienne-feu-vert-au-telepherique","status":"publish","type":"post","link":"https:\/\/israelmagazine.net\/?p=57014","title":{"rendered":"A J\u00e9rusalem-Est, la justice isra\u00e9lienne: feu vert au t\u00e9l\u00e9ph\u00e9rique"},"content":{"rendered":"<p style=\\\"font-weight: 400;\\\"><strong>A J\u00e9rusalem-Est, la justice isra\u00e9lienne donne son feu vert au t\u00e9l\u00e9ph\u00e9rique<\/strong><\/p>\n<p>&nbsp;<\/p>\n<p><img class=\\\"alignnone size-medium wp-image-57017\\\" src=\\\"https:\/\/israelmagazine.co.il\/wp-content\/uploads\/2022\/06\/kedem-300x196.jpg\\\" alt=\\\"\\\" width=\\\"300\\\" height=\\\"196\\\" \/><\/p>\n<p style=\\\"font-weight: 400;\\\">La Cour supr\u00eame a rejet\u00e9 quatre p\u00e9titions d\u2019habitants palestiniens de Silwan, de commer\u00e7ants du quartier musulman de la Vieille Ville, de repr\u00e9sentants religieux et d\u2019ONG isra\u00e9liennes, ouvrant la voie \u00e0 la construction d\u2019un t\u00e9l\u00e9ph\u00e9rique \u00e0 c\u00f4t\u00e9 des remparts. Le parcours de 1,4 kilom\u00e8tre pr\u00e9voit pour l\u2019instant trois stations avec un d\u00e9part de l\u2019ancienne gare de J\u00e9rusalem, puis le mont Sion pour terminer \u00e0 Silwan, au futur centre Kedem. La t\u00e9l\u00e9cabine devrait notamment survoler un cimeti\u00e8re de la communaut\u00e9 kara\u00efte, qui clame que le projet va d\u00e9sacraliser le site, le condamnant \u00e0 l\u2019abandon.\u00a0 Les petites cabines du t\u00e9l\u00e9ph\u00e9rique auquel \u00e9tait attribu\u00e9 un budget de 200 millions de shekels soit 55 millions d\u2019euros, d\u00e9sengorgeront les alentours de la Vieille Ville, en transportant 3 000 passagers par heure.Le centre Kedem, un complexe touristique de 16 000 m\u00e8tres carr\u00e9s jouxtera la Cit\u00e9 de David qui appartiennent tous deux \u00e0 l\u2019organisation nationaliste Elad qui a pour objectif de promouvoir la Juda\u00efsation de J\u00e9rusalem-Est.<\/p>\n<p style=\\\"font-weight: 400;\\\"><strong>Isra\u00ebl : cinq ans de prison pour les \u00e9vad\u00e9s palestiniens du p\u00e9nitencier de Gilboa<\/strong><\/p>\n<p style=\\\"font-weight: 400;\\\">Un tribunal isra\u00e9lien a condamn\u00e9, dimanche, six d\u00e9tenus palestiniens \u00e0 cinq ans de prison. Ils avaient r\u00e9ussi, l\\&rsquo;ann\u00e9e derni\u00e8re, \u00e0 creuser un tunnel pour s\\&rsquo;\u00e9vader d\\&rsquo;un \u00e9tablissement p\u00e9nitentiaire de haute s\u00e9curit\u00e9. Ils avaient \u00e9t\u00e9 appr\u00e9hend\u00e9s quelques jours plus tard.\u00a0 Le tribunal a \u00e9galement condamn\u00e9 les six prisonniers \u00e0 une amende de 5 000 shekels (1 500 dollars), a d\u00e9clar\u00e9 dans un communiqu\u00e9 la Commission des affaires des d\u00e9tenus et anciens d\u00e9tenus, relevant de l\u2019OLP. Cinq des d\u00e9tenus sont membres du Djihad islamique, tandis que le sixi\u00e8me est membre du mouvement Fatah de Mahmoud Abbas.<\/p>\n<p>La suite de l\u2019article se trouve dans le prochain num\u00e9ro d\u2019Isra\u00ebl Magazine<\/p>\n<p>D\u00e9couvrez un exemplaire du magazine gratuitement et cliquez ensuite sur le rebord droit<\/p>\n<p><a href=\\\"https:\/\/online.fliphtml5.com\/rjspi\/ypmm\/#p=1\\\">https:\/\/online.fliphtml5.com\/rjspi\/ypmm\/#p=1<\/a><\/p>\n<p>Votre magazine est livr\u00e9 chez vous en toute confidentialit\u00e9<br \/>\nS\u2019abonner au magazine par t\u00e9l\u00e9phone ou par whats app 00972 (0) 54 254 45 20 ou au 01 86 98 27 27<\/p>\n<p>Par email\u00a0 <a href=\\\"mailto:Andredarmon21@gmail.com\\\">Andredarmon21@gmail.com<\/a>\u00a0 pay pal<\/p>\n<p>Ou directement sur le site<\/p>\n<p><a href=\\\"https:\/\/israelmagazine.co.il\/sabonner-au-magazine\/\\\">https:\/\/israelmagazine.co.il\/sabonner-au-magazine\/<\/a><\/p>\n<p>Ou encore S\u2019abonner au magazine livr\u00e9 chez vous en toute confidentialit\u00e9. Remplir le formulaire<\/p>\n<p><a href=\\\"https:\/\/docs.google.com\/forms\/d\/e\/1FAIpQLSfPYJfb8KjEya-X17w0DGPAuBlCGvqVUdh_Is8EL810Lxw82A\/viewform?entry.1189475001=Recipient_Email\\\">https:\/\/docs.google.com\/forms\/d\/e\/1FAIpQLSfPYJfb8KjEya-X17w0DGPAuBlCGvqVUdh_Is8EL810Lxw82A\/viewform?entry.1189475001=Recipient_Email<\/a><\/p>\n","protected":false},"excerpt":{"rendered":"<p>A J\u00e9rusalem-Est, la justice isra\u00e9lienne donne son feu vert au t\u00e9l\u00e9ph\u00e9rique &nbsp; La Cour supr\u00eame a rejet\u00e9 quatre p\u00e9titions d\u2019habitants palestiniens de Silwan, de commer\u00e7ants du quartier musulman de la Vieille Ville, de repr\u00e9sentants religieux et d\u2019ONG isra\u00e9liennes, ouvrant la voie \u00e0 la construction d\u2019un t\u00e9l\u00e9ph\u00e9rique \u00e0 c\u00f4t\u00e9 des remparts. Le parcours de 1,4 kilom\u00e8tre &hellip;<\/p>\n<p class=\"read-more\"> <a class=\"\" href=\"https:\/\/israelmagazine.net\/?p=57014\"> <span class=\"screen-reader-text\">A J\u00e9rusalem-Est, la justice isra\u00e9lienne: feu vert au t\u00e9l\u00e9ph\u00e9rique<\/span> Lire la suite \u00bb<\/a><\/p>\n","protected":false},"author":4,"featured_media":57017,"comment_status":"open","ping_status":"open","sticky":false,"template":"","format":"standard","meta":{"site-sidebar-layout":"default","site-content-layout":"default","ast-global-header-display":"","ast-main-header-display":"","ast-hfb-above-header-display":"","ast-hfb-below-header-display":"","ast-hfb-mobile-header-display":"","site-post-title":"","ast-breadcrumbs-content":"","ast-featured-img":"","footer-sml-layout":"","theme-transparent-header-meta":"","adv-header-id-meta":"","stick-header-meta":"","header-above-stick-meta":"","header-main-stick-meta":"","header-below-stick-meta":""},"categories":[84,1612,1613,1665],"tags":[825,1739,2131,845,2699,881,1474,955,815,1709,937,1989,1761],"sujet":[],"_links":{"self":[{"href":"https:\/\/israelmagazine.net\/index.php?rest_route=\/wp\/v2\/posts\/57014"}],"collection":[{"href":"https:\/\/israelmagazine.net\/index.php?rest_route=\/wp\/v2\/posts"}],"about":[{"href":"https:\/\/israelmagazine.net\/index.php?rest_route=\/wp\/v2\/types\/post"}],"author":[{"embeddable":true,"href":"https:\/\/israelmagazine.net\/index.php?rest_route=\/wp\/v2\/users\/4"}],"replies":[{"embeddable":true,"href":"https:\/\/israelmagazine.net\/index.php?rest_route=%2Fwp%2Fv2%2Fcomments&post=57014"}],"version-history":[{"count":0,"href":"https:\/\/israelmagazine.net\/index.php?rest_route=\/wp\/v2\/posts\/57014\/revisions"}],"wp:featuredmedia":[{"embeddable":true,"href":"https:\/\/israelmagazine.net\/index.php?rest_route=\/"}],"wp:attachment":[{"href":"https:\/\/israelmagazine.net\/index.php?rest_route=%2Fwp%2Fv2%2Fmedia&parent=57014"}],"wp:term":[{"taxonomy":"category","embeddable":true,"href":"https:\/\/israelmagazine.net\/index.php?rest_route=%2Fwp%2Fv2%2Fcategories&post=57014"},{"taxonomy":"post_tag","embeddable":true,"href":"https:\/\/israelmagazine.net\/index.php?rest_route=%2Fwp%2Fv2%2Ftags&post=57014"},{"taxonomy":"sujet","embeddable":true,"href":"https:\/\/israelmagazine.net\/index.php?rest_route=%2Fwp%2Fv2%2Fsujet&post=57014"}],"curies":[{"name":"wp","href":"https:\/\/api.w.org\/{rel}","templated":true}]}}