{"id":57026,"date":"2022-06-06T08:38:10","date_gmt":"2022-06-06T05:38:10","guid":{"rendered":"https:\/\/israelmagazine.net\/?p=57026"},"modified":"2022-06-06T08:38:10","modified_gmt":"2022-06-06T05:38:10","slug":"elections-legislatives-la-percee-de-deborah-abisror","status":"publish","type":"post","link":"https:\/\/israelmagazine.net\/?p=57026","title":{"rendered":"Elections l\u00e9gislatives: la perc\u00e9e de Deborah Abisror"},"content":{"rendered":"<div class=\\\"kvgmc6g5 cxmmr5t8 oygrvhab hcukyx3x c1et5uql ii04i59q\\\">\n<h3 dir=\\\"auto\\\">Elections: la perc\u00e9e de Deborah Abisror<\/h3>\n<\/div>\n<img class=\\\"size-medium wp-image-57027\\\" src=\\\"https:\/\/israelmagazine.co.il\/wp-content\/uploads\/2022\/06\/deborah-3-300x300.jpg\\\" alt=\\\"Deborah\\\" width=\\\"300\\\" height=\\\"300\\\" \/>\n<div class=\\\"kvgmc6g5 cxmmr5t8 oygrvhab hcukyx3x c1et5uql ii04i59q\\\">\n<div dir=\\\"auto\\\">R\u00e9sultats du 1 tour des \u00e9lections l\u00e9gislatives des d\u00e9put\u00e9s de l\u2019\u00e9tranger<\/div>\n<div dir=\\\"auto\\\">Retrouvez aussi son interview dans sa globalit\u00e9 ici m\u00eame<\/div>\n<\/div>\n<div class=\\\"cxmmr5t8 oygrvhab hcukyx3x c1et5uql o9v6fnle ii04i59q\\\">\n<div dir=\\\"auto\\\">R\u00e9sultats<\/div>\n<div dir=\\\"auto\\\">MEYER HABIB 40,14%<\/div>\n<div dir=\\\"auto\\\">DEBORAH ABISROR 36.35%<\/div>\n<div dir=\\\"auto\\\">Cette \u00e9lection \u00e9t\u00e9 marqu\u00e9e par l\u2019inattendue perc\u00e9e de Deborah Abisko, candidate nomm\u00e9e personnellement par Emmanuel Macron et soutenue pour les 3 derniers Premiers ministres et Christian Estrosi, entre autres. Retrouvez ci son interview dans sa globalit\u00e9 ici m\u00eame .Elle est parue dans le num\u00e9ro 258 d\u2019 Isra\u00ebl Magazine. Deborah Abisror est arriv\u00e9e tr\u00e8s largement en t\u00eate en Italie et seconde en Isra\u00ebl.<\/div>\n<div dir=\\\"auto\\\"><strong>L\u2019interview<\/strong><\/div>\n<h3 dir=\\\"auto\\\">Deborah De Lieme* Abisror, une Energie nouvelle au service des Fran\u00e7ais de l\u2019Etranger<\/h3>\n<div dir=\\\"auto\\\">Par Andr\u00e9 Darmon<\/div>\n<div dir=\\\"auto\\\">Le 5 et le 17 juin se d\u00e9rouleront les \u00e9lections l\u00e9gislatives et les Fran\u00e7ais de l\u2019\u00e9tranger seront encore concern\u00e9s cette ann\u00e9e. Deborah De Lieme Abisror, qui se pr\u00e9sente sous les couleurs d\u2019Emmanuel Macron, n\u2019est pas du tout une inconnue pour moi. Son p\u00e8re, Jo\u00ebl, est un ami d\u2019adolescence, une amiti\u00e9 qui date et dure depuis le Lyc\u00e9e de J\u00e9rusalem dans les ann\u00e9es 70. C\u2019est dire qu\u2019on ne refuse rien \u00e0 un ami m\u00eame lorsque l\u2019on n\u2019a pas vraiment envie de s\u2019impliquer dans la vie politique fran\u00e7aise ou tout simplement \u00e9lectorale. Mais le jeu (l\u2019interview) en vaut vraiment la chandelle. La jeune Deborah vient ainsi d\u2019affronter 2 ans intense de pand\u00e9mie comme chef de cabinet d\u2019Olivier V\u00e9ran, le d\u00e9sormais ancien ministre fran\u00e7ais de la Sant\u00e9. C\u2019est dire si elle est endurcie contre les difficult\u00e9s en tout genre, les entourloupes et les lenteurs bureaucratiques. Deborah d\u00e9borde toujours de cette m\u00eame \u00e9nergie, celle que je lui ai connait depuis 20 qns, celle qui la portait quand elle \u00e9tait une ardente et sioniste Pr\u00e9sidente des \u00e9tudiants juifs d\u2019Europe (elle \u00e9tait partie s\u2019enchainer devant la maison d\u2019un ancien nazi \u00e0 Budapest, Laslo Cetari) ou encore lorsqu\u2019elle fut directrice du B\u2019nai B\u2019rith Europe. De plus, ce r\u00e9cent et ardu passage dans les cabinets minist\u00e9riels a fait qu\u2019elle conna\u00eet parfaitement tous les rouages parlementaires, fr\u00e9quentent tous les ministres et, ce qui n\u2019est pour d\u00e9plaire \u00e0 personne, Elisabeth Borne, la toute nouvelle Premier ministre, avec laquelle elle a travaill\u00e9 un an au minist\u00e8re de la transition \u00e9cologique et dont elle dit le plus grand bien. Emmanuel Macron, en personne, l\u2019aura ainsi d\u00e9sign\u00e9e pour repr\u00e9senter son parti, En Marche, dans ces l\u00e9gislatives qui peuvent s\u2019av\u00e9rer serr\u00e9es. Emmanuel Macron ; qu\u2019elle estime ; me dira-t-elle et en lequel elle a trouv\u00e9 une \u00e9nergie similaire \u00e0 la sienne, une d\u00e9termination comparable.<\/div>\n<div dir=\\\"auto\\\"><strong>Mes contacts au plus niveau aideront \u00e0 faire avancer les dossiers, des dossiers qui dorment depuis des ann\u00e9es.<\/strong><\/div>\n<div dir=\\\"auto\\\">Deborah n\u2019a jamais eu de plan de carri\u00e8re mais elle poss\u00e8de cependant cette envie irr\u00e9pressible de faire avancer les choses dans une communaut\u00e9 franco-isra\u00e9lienne qu\u2019elle connait bien pour en faire partie et pour avoir v\u00e9cu pr\u00e8s de 10 ans en Isra\u00ebl mais aussi en Gr\u00e8ce. (Elle insistera pour me dire qu\u2019il n\u2019est pas question d\u2019oublier les autres communaut\u00e9s fran\u00e7aises de sa circonscription). Ce qui l\u2019a pouss\u00e9 \u00e0 se pr\u00e9senter pour ces l\u00e9gislatives avec la b\u00e9n\u00e9diction et l\u2019onction du Pr\u00e9sident fran\u00e7ais, Emmanuel Macron lui-m\u00eame. Cette m\u00e8re de famille, cette ex-chef d\u2019entreprise, veut apporter ses capacit\u00e9s et ses comp\u00e9tences venues de la soci\u00e9t\u00e9 civile, son exp\u00e9rience minist\u00e9rielle, quand le mot bureaucratie est absent du dictionnaire personnel. Quand on a particip\u00e9 au rapatriement de 337 000 fran\u00e7ais pendant une pand\u00e9mie exceptionnelle avec les probl\u00e8mes et les r\u00e8gles inh\u00e9rents \u00e0 chaque pays, on peut tout affronter me dira Deborah. Nous sommes le seul pays au monde \u00e0 avoir mis \u00e0 disposition des vaccins pour nos expatri\u00e9s. Tout en parlant avec elle je ressens cette surexcitation a l\u2019id\u00e9e de venir apporter ses comp\u00e9tences, ses relais, mais aussi une honn\u00eatet\u00e9 intellectuelle \u00e0 toute \u00e9preuve et rare dans ce milieu.<\/div>\n<\/div>\n<div class=\\\"cxmmr5t8 oygrvhab hcukyx3x c1et5uql o9v6fnle ii04i59q\\\">\n<div dir=\\\"auto\\\"><strong>Deborah, quelles sont tes priorit\u00e9s ?<\/strong><\/div>\n<div dir=\\\"auto\\\">Andr\u00e9, Il faut d\u2019abord comprendre que si la communaut\u00e9 fran\u00e7aise en Isra\u00ebl est la plus importante en termes d\u2019inscrits, elle ne l\u2019est pas en termes de votants et d\u2019influence \u00e0 cause de la forte abstention locale. Ce sont les Fran\u00e7ais d\u2019Italie qui d\u00e9crochent la palme avec une participation importante. \u2018Mon grand projet est d\u2019ouvrir une permanence hebdomadaire dans chaque pays de ma circonscription afin d\u2019avoir un rapport direct avec les citoyens fran\u00e7ais et de ne pas avoir \u00e0 les rencontrer seulement une fois tous les cinq ans au moment de \u00e9lections. (\u00c0 bon entendeur salut). Je me battrais ainsi pour faire entrer enfin Isra\u00ebl dans la Francophonie m\u00eame si je dois me rendre au Liban pour les faire changer d\u2019avis.<\/div>\n<div dir=\\\"auto\\\">J\u2019aimerais surtout ramener cette fonction \u00e0 sa fonction originelle, traiter les probl\u00e8mes de retraite, de d\u00e9lai de carence pour les droits sociaux, de double imposition, d\u2019\u00e9quivalence de dipl\u00f4mes, d\u2019\u00e9ducation car les Fran\u00e7ais, ce sont aussi des expatri\u00e9s, et pas forc\u00e9ment toujours des doubles nationaux.<\/div>\n<h3 dir=\\\"auto\\\">\u2018Je veux pouvoir d\u00e9fendre Isra\u00ebl et le sionisme et combattre l\u2019antis\u00e9mitisme<\/h3>\n<p dir=\\\"auto\\\">ce qui a mes yeux est tr\u00e8s importants. \u2018Mais Deborah, l\u2019antisionisme du quai d\u2019Orsay a l\u2019air d\u2019avoir infus\u00e9 tout le pays, y compris le gouvernement. \u2018Emmanuel Macron est profond\u00e9ment pro-isra\u00e9lien, je le sais pour avoir eu une longue discussion avec lui. Il voit bien l\u2019int\u00e9r\u00eat \u00e9conomique global mais aussi le besoin d\u2019assurer la s\u00e9curit\u00e9 de l\u2019Etat H\u00e9breu. Il a \u00e9t\u00e9 le premier pr\u00e9sident \u00e0 faire entrer l\u2019antisionisme dans le cadre de la loi fran\u00e7aise. Ma connaissance de l\u2019administration m\u2019a \u00e9galement appris comment anticiper les r\u00e9solutions anti-isra\u00e9liennes, si elles se pr\u00e9sentent. C\u2019est avant qu\u2019elles ne jaillissent qu\u2019il faut les combattre, pas une fois qu\u2019elles sont vot\u00e9es.<\/p>\n<div dir=\\\"auto\\\">A-t-elle peur ainsi d\u2019\u00eatre catalogu\u00e9e comme d\u00e9put\u00e9 isra\u00e9lienne plut\u00f4t que comme d\u00e9put\u00e9 fran\u00e7ais comme l\u2019a \u00e9t\u00e9 \u00e0 juste raison le d\u00e9put\u00e9 sortant. Non, me r\u00e9pondra-t-elle sans ciller, je ne craindrais jamais d\u2019\u00eatre catalogu\u00e9e avec mes convictions sionistes. \u2018Toutes les associations juives, la communaut\u00e9, ont pu m\u2019appeler pendant la pand\u00e9mie afin de les aider mais d\u2019aider aussi les Juifs ukrainiens qui sont arriv\u00e9s en France \u00e0 cause de la guerre\u2019. Mais je serais avant tout une d\u00e9put\u00e9e fran\u00e7aise d\u00e9fendant mes concitoyens fran\u00e7ais. Non, Deborah ne craint pas non plus de se retrouver face \u00e0 un candidat sortant qui a recours syst\u00e9matiquement au m\u00eame&#8230; attach\u00e9 de presse, et ce tous les 4 ans, notre ancien Premier ministre, Benjamin Netanyahou.<\/div>\n<div dir=\\\"auto\\\">En conclusion, j\u2019aurais tendance \u00e0 rappeler que les hommes et les femmes politiques font des promesses qui n\u2019engagent finalement que ceux qui les \u00e9coutent. La diff\u00e9rence notable avec Deborah dont j\u2019observe l\u2019exceptionnel parcours depuis 15 ans au sein de toutes les institutions o\u00f9 elle a \u0153uvr\u00e9, c\u2019est que sa philosophie de vie consiste \u00e0 respecter la parole donn\u00e9e, l\u2019engagement. On ferait peut-\u00eatre bien de s\u2019arr\u00eater un instant pour l\u2019\u00e9couter et pour la regarder dans les yeux.<\/div>\n<\/div>\n<div class=\\\"cxmmr5t8 oygrvhab hcukyx3x c1et5uql o9v6fnle ii04i59q\\\">\n<div dir=\\\"auto\\\">*De Lieme est un nom de famille dont l\u2019origine remonte \u00e0 l\u2019installation de familles juives qui habitaient au Portugal sur les bords du fleuve Lima qui traverse le Portugal et l\u2019Espagne. En 1492, apr\u00e8s l\u2019expulsion des Juifs d\u2019Espagne, ces familles ont \u00e9migr\u00e9 en Hollande et \u2026De Lima est ainsi devenu De Lieme.<\/div>\n<\/div>\n","protected":false},"excerpt":{"rendered":"<p>Elections: la perc\u00e9e de Deborah Abisror R\u00e9sultats du 1 tour des \u00e9lections l\u00e9gislatives des d\u00e9put\u00e9s de l\u2019\u00e9tranger Retrouvez aussi son interview dans sa globalit\u00e9 ici m\u00eame R\u00e9sultats MEYER HABIB 40,14% DEBORAH ABISROR 36.35% Cette \u00e9lection \u00e9t\u00e9 marqu\u00e9e par l\u2019inattendue perc\u00e9e de Deborah Abisko, candidate nomm\u00e9e personnellement par Emmanuel Macron et soutenue pour les 3 derniers &hellip;<\/p>\n<p class=\"read-more\"> <a class=\"\" href=\"https:\/\/israelmagazine.net\/?p=57026\"> <span class=\"screen-reader-text\">Elections l\u00e9gislatives: la perc\u00e9e de Deborah Abisror<\/span> Lire la suite \u00bb<\/a><\/p>\n","protected":false},"author":4,"featured_media":57027,"comment_status":"open","ping_status":"open","sticky":false,"template":"","format":"standard","meta":{"site-sidebar-layout":"default","site-content-layout":"default","ast-global-header-display":"","ast-main-header-display":"","ast-hfb-above-header-display":"","ast-hfb-below-header-display":"","ast-hfb-mobile-header-display":"","site-post-title":"","ast-breadcrumbs-content":"","ast-featured-img":"","footer-sml-layout":"","theme-transparent-header-meta":"","adv-header-id-meta":"","stick-header-meta":"","header-above-stick-meta":"","header-main-stick-meta":"","header-below-stick-meta":""},"categories":[41],"tags":[692],"sujet":[],"_links":{"self":[{"href":"https:\/\/israelmagazine.net\/index.php?rest_route=\/wp\/v2\/posts\/57026"}],"collection":[{"href":"https:\/\/israelmagazine.net\/index.php?rest_route=\/wp\/v2\/posts"}],"about":[{"href":"https:\/\/israelmagazine.net\/index.php?rest_route=\/wp\/v2\/types\/post"}],"author":[{"embeddable":true,"href":"https:\/\/israelmagazine.net\/index.php?rest_route=\/wp\/v2\/users\/4"}],"replies":[{"embeddable":true,"href":"https:\/\/israelmagazine.net\/index.php?rest_route=%2Fwp%2Fv2%2Fcomments&post=57026"}],"version-history":[{"count":0,"href":"https:\/\/israelmagazine.net\/index.php?rest_route=\/wp\/v2\/posts\/57026\/revisions"}],"wp:featuredmedia":[{"embeddable":true,"href":"https:\/\/israelmagazine.net\/index.php?rest_route=\/"}],"wp:attachment":[{"href":"https:\/\/israelmagazine.net\/index.php?rest_route=%2Fwp%2Fv2%2Fmedia&parent=57026"}],"wp:term":[{"taxonomy":"category","embeddable":true,"href":"https:\/\/israelmagazine.net\/index.php?rest_route=%2Fwp%2Fv2%2Fcategories&post=57026"},{"taxonomy":"post_tag","embeddable":true,"href":"https:\/\/israelmagazine.net\/index.php?rest_route=%2Fwp%2Fv2%2Ftags&post=57026"},{"taxonomy":"sujet","embeddable":true,"href":"https:\/\/israelmagazine.net\/index.php?rest_route=%2Fwp%2Fv2%2Fsujet&post=57026"}],"curies":[{"name":"wp","href":"https:\/\/api.w.org\/{rel}","templated":true}]}}