{"id":57074,"date":"2022-06-13T06:44:13","date_gmt":"2022-06-13T03:44:13","guid":{"rendered":"https:\/\/israelmagazine.net\/?p=57074"},"modified":"2022-06-13T06:44:13","modified_gmt":"2022-06-13T03:44:13","slug":"norvege-etiqueter-produits-fabriques-en-judee-samarie","status":"publish","type":"post","link":"https:\/\/israelmagazine.net\/?p=57074","title":{"rendered":"La Norv\u00e8ge va \u00e9tiqueter les produits fabriqu\u00e9s en Jud\u00e9e-Samarie"},"content":{"rendered":"<h3><strong>La Norv\u00e8ge va \u00e9tiqueter les produits fabriqu\u00e9s en Jud\u00e9e-Samarie<\/strong><\/h3>\n<img class=\\\"size-medium wp-image-57075\\\" src=\\\"https:\/\/israelmagazine.co.il\/wp-content\/uploads\/2022\/06\/benjamin-netanyahu-devant-une-carte-de-la-cisjordanie-86b03c-0@1x-300x202.jpeg\\\" alt=\\\"Norv\u00e8ge\\\" width=\\\"300\\\" height=\\\"202\\\" \/>\n<p>Le minist\u00e8re des Affaires \u00e9trang\u00e8res en Isra\u00ebl a condamn\u00e9 la d\u00e9cision de la Norv\u00e8ge qui veut \u00e9tiqueter les produits fabriqu\u00e9s en Jud\u00e9e-Samarie. En mai 2020 , le Parlement norv\u00e9gien avait d\u00e9j\u00e0 rejet\u00e9 un projet de loi analogue . \u00ab Les denr\u00e9es alimentaires originaires des zones \u2018occup\u00e9es\u2019 ( les guillemets sont de la r\u00e9daction du magazine\u2019) par Isra\u00ebl doivent \u00eatre rep\u00e9r\u00e9es. Cela inclut comprend les hauteurs du Golan, la bande de Gaza et la Jud\u00e9e Samarie \u2013 y compris J\u00e9rusalem-Est. \u00ab C\u2019est une d\u00e9cision qui ne concourra pas \u00e0 l\u2019am\u00e9lioration des relations isra\u00e9lo-palestiniennes, et qui envenimera les relations isra\u00e9lo-norv\u00e9giennes. \u00bb<\/p>\n<h3>D\u00e9cision partiale qui mettra en danger les revenus des Palestiniens eux-m\u00eames.<\/h3>\n<p>La Norv\u00e8ge mentionne la d\u00e9cision de la Cour europ\u00e9enne de justice de 2019, qui affirme que \u00ab les informations de l\u2019UE sur la r\u00e9glementation alimentaire \u00bb doivent \u00eatre traduites comme exigeant l\u2019\u00e9tiquetage des produits alimentaires provenant des zones occup\u00e9es par Isra\u00ebl \u00bb. La d\u00e9cision met un accent particulier sur le rep\u00e9rage des produits agricoles issus de Jud\u00e9e-Samarie. Huile d\u2019olive, fruits, l\u00e9gumes et pommes de terre seornt marqu\u00e9s. \u00ab La Norv\u00e8ge consid\u00e8re que les colonies isra\u00e9liennes dans les territoires occup\u00e9s sont contraires au droit international. \u00bb Par ailleurs ce genre de d\u00e9cision comme nous l\\&rsquo;avions connu avec la soci\u00e9t\u00e9 Sodastream est une d\u00e9cision intelligente qui mettra en danger les revenus des Palestiniens eux-m\u00eames.<\/p>\n<h3>La suite de l\u2019article se trouve dans le prochain num\u00e9ro d\u2019Isra\u00ebl Magazine<\/h3>\n<p>D\u00e9couvrez un exemplaire du magazine gratuitement et cliquez ensuite sur le rebord droit<\/p>\n<p><a href=\\\"https:\/\/online.fliphtml5.com\/rjspi\/ypmm\/#p=1\\\">https:\/\/online.fliphtml5.com\/rjspi\/ypmm\/#p=1<\/a><\/p>\n<p>Votre magazine est livr\u00e9 chez vous en toute confidentialit\u00e9<br \/>\nS\u2019abonner au magazine par t\u00e9l\u00e9phone ou par whats app 00972 (0) 54 254 45 20 ou au 01 86 98 27 27<\/p>\n<p>Par email\u00a0 <a href=\\\"mailto:Andredarmon21@gmail.com\\\">Andredarmon21@gmail.com<\/a>\u00a0 pay pal<\/p>\n<p>Ou directement sur le site<\/p>\n<p><a href=\\\"https:\/\/israelmagazine.co.il\/sabonner-au-magazine\/\\\">https:\/\/israelmagazine.co.il\/sabonner-au-magazine\/<\/a><\/p>\n<p>Ou encore S\u2019abonner au magazine livr\u00e9 chez vous en toute confidentialit\u00e9. Remplir le formulaire<\/p>\n<p><a href=\\\"https:\/\/docs.google.com\/forms\/d\/e\/1FAIpQLSfPYJfb8KjEya-X17w0DGPAuBlCGvqVUdh_Is8EL810Lxw82A\/viewform?entry.1189475001=Recipient_Email\\\">https:\/\/docs.google.com\/forms\/d\/e\/1FAIpQLSfPYJfb8KjEya-X17w0DGPAuBlCGvqVUdh_Is8EL810Lxw82A\/viewform?entry.1189475001=Recipient_Email<\/a><\/p>\n","protected":false},"excerpt":{"rendered":"<p>La Norv\u00e8ge va \u00e9tiqueter les produits fabriqu\u00e9s en Jud\u00e9e-Samarie Le minist\u00e8re des Affaires \u00e9trang\u00e8res en Isra\u00ebl a condamn\u00e9 la d\u00e9cision de la Norv\u00e8ge qui veut \u00e9tiqueter les produits fabriqu\u00e9s en Jud\u00e9e-Samarie. En mai 2020 , le Parlement norv\u00e9gien avait d\u00e9j\u00e0 rejet\u00e9 un projet de loi analogue . \u00ab Les denr\u00e9es alimentaires originaires des zones \u2018occup\u00e9es\u2019 &hellip;<\/p>\n<p class=\"read-more\"> <a class=\"\" href=\"https:\/\/israelmagazine.net\/?p=57074\"> <span class=\"screen-reader-text\">La Norv\u00e8ge va \u00e9tiqueter les produits fabriqu\u00e9s en Jud\u00e9e-Samarie<\/span> Lire la suite \u00bb<\/a><\/p>\n","protected":false},"author":4,"featured_media":57075,"comment_status":"open","ping_status":"open","sticky":false,"template":"","format":"standard","meta":{"site-sidebar-layout":"default","site-content-layout":"default","ast-global-header-display":"","ast-main-header-display":"","ast-hfb-above-header-display":"","ast-hfb-below-header-display":"","ast-hfb-mobile-header-display":"","site-post-title":"","ast-breadcrumbs-content":"","ast-featured-img":"","footer-sml-layout":"","theme-transparent-header-meta":"","adv-header-id-meta":"","stick-header-meta":"","header-above-stick-meta":"","header-main-stick-meta":"","header-below-stick-meta":""},"categories":[84,1612,1617,1623,1615],"tags":[2131,1635,810,845,881,1474,2013,1700,383,2569,3109],"sujet":[],"_links":{"self":[{"href":"https:\/\/israelmagazine.net\/index.php?rest_route=\/wp\/v2\/posts\/57074"}],"collection":[{"href":"https:\/\/israelmagazine.net\/index.php?rest_route=\/wp\/v2\/posts"}],"about":[{"href":"https:\/\/israelmagazine.net\/index.php?rest_route=\/wp\/v2\/types\/post"}],"author":[{"embeddable":true,"href":"https:\/\/israelmagazine.net\/index.php?rest_route=\/wp\/v2\/users\/4"}],"replies":[{"embeddable":true,"href":"https:\/\/israelmagazine.net\/index.php?rest_route=%2Fwp%2Fv2%2Fcomments&post=57074"}],"version-history":[{"count":0,"href":"https:\/\/israelmagazine.net\/index.php?rest_route=\/wp\/v2\/posts\/57074\/revisions"}],"wp:featuredmedia":[{"embeddable":true,"href":"https:\/\/israelmagazine.net\/index.php?rest_route=\/"}],"wp:attachment":[{"href":"https:\/\/israelmagazine.net\/index.php?rest_route=%2Fwp%2Fv2%2Fmedia&parent=57074"}],"wp:term":[{"taxonomy":"category","embeddable":true,"href":"https:\/\/israelmagazine.net\/index.php?rest_route=%2Fwp%2Fv2%2Fcategories&post=57074"},{"taxonomy":"post_tag","embeddable":true,"href":"https:\/\/israelmagazine.net\/index.php?rest_route=%2Fwp%2Fv2%2Ftags&post=57074"},{"taxonomy":"sujet","embeddable":true,"href":"https:\/\/israelmagazine.net\/index.php?rest_route=%2Fwp%2Fv2%2Fsujet&post=57074"}],"curies":[{"name":"wp","href":"https:\/\/api.w.org\/{rel}","templated":true}]}}