{"id":57149,"date":"2022-07-07T05:44:37","date_gmt":"2022-07-07T02:44:37","guid":{"rendered":"https:\/\/israelmagazine.net\/?p=57149"},"modified":"2022-07-07T05:44:37","modified_gmt":"2022-07-07T02:44:37","slug":"tour-de-france-israel-premier-a-letape","status":"publish","type":"post","link":"https:\/\/israelmagazine.net\/?p=57149","title":{"rendered":"Tour de France: Isra\u00ebl premier de l\\&rsquo;\u00e9tape"},"content":{"rendered":"<h3>Isra\u00ebl-Premier Tech remporte sa premi\u00e8re victoire<br \/>\nd\u2019\u00e9tape, avec l\u2019Australien Simon Clarke\u2026<\/h3>\n<p>&nbsp;<\/p>\n<img class=\\\"size-medium wp-image-57151\\\" src=\\\"https:\/\/israelmagazine.co.il\/wp-content\/uploads\/2022\/07\/EgmYO5cWkAE8Buj-2-300x225.jpeg\\\" alt=\\\" Tour de France\\\" width=\\\"300\\\" height=\\\"225\\\" \/>\n<p>Simon Clarke, Australien de 35 ans, remporte la premi\u00e8re victoire pour l\u2019\u00e9quipe<br \/>\nisra\u00e9lienne dans le Tour de France, sur la 5 \u00e8me \u00e9tape et la plus rude des voies pav\u00e9es<\/p>\n<p>Tout \u00e0 coup, les langues se sont d\u00e9li\u00e9es et tout le public du Tour parle de cette<br \/>\n\u00e9quipe, comme surgie de nulle part. Derri\u00e8re cet exploit, toute l\u2019\u00e9quipe se d\u00e9m\u00e8ne<br \/>\npour \u00eatre \u00e0 la hauteur du d\u00e9fi, alors que son manager, le philanthrope Sylvan Adams<br \/>\nse r\u00e9jouit des bons retours qu\u2019il re\u00e7oit du public.<\/p>\n<p>Au-del\u00e0 m\u00eame de la comp\u00e9tition, Isra\u00ebl-Premier Tech s\u2019est lanc\u00e9 un autre d\u00e9fi d\u2019une<br \/>\nampleur aussi colossale\u00a0: courir avec un \u00e9quipement sp\u00e9cial, dont l\u2019objectif est<br \/>\nd\u2019am\u00e9liorer les conditions de vie de milliers d\u2019enfants et d\u2019adolescents au Rwanda.<\/p>\n<p>Chaque victoire est un pas de plus dans la sensibilisation du public \u00e0 sa cause\u00a0: une<br \/>\ncollecte de fonds qu\u2019elle veut porter au niveau mondial, en faveur d\u2019un soutien \u00e0 la<br \/>\njeunesse rwandaise.<br \/>\nLe projet consistera en l\u2019\u00e9dification d\u2019un centre pour l\u2019apprentissage du cyclisme,<br \/>\nappel\u00e9 \u00ab\u00a0Le Champ des R\u00eaves\u00a0\u00bb et, \u00e0 travers cette exp\u00e9rience, de toutes les autres<br \/>\ncomp\u00e9tences qu\u2019on d\u00e9couvrira chez ces jeunes Rwandais. Ce sera une acad\u00e9mie de<br \/>\ncyclisme construite sur 16 acres de terrain, dans une partie du district de Bugesera,<br \/>\nau Rwanda.<br \/>\nCe complexe offrira \u00e0 120.000 \u00e9tudiants, entre 6 et 18 ans, du d\u00e9partement de<br \/>\nBugesera, la possibilit\u00e9 de d\u00e9velopper leurs aptitudes dans le cyclisme, mais aussi<br \/>\ndans tous les autres domaines, pour r\u00e9ussir et s\u2019\u00e9panouir, le v\u00e9lo n\u2019\u00e9tant que le<br \/>\nmoyen d\u2019y parvenir.<br \/>\nPour toute l\u2019\u00e9quipe, c\u2019est le prochain pas de g\u00e9ant \u00e0 r\u00e9aliser, dans le cadre de ce<br \/>\nprojet \u00ab\u00a0Courir pour le Changement\u00a0\u00bb, qu\u2019elle s\u2019est fix\u00e9e, d\u00e8s qu\u2019elle a adopt\u00e9 la<br \/>\nseule \u00e9quipe f\u00e9minine existante au Rwanda, tout en lan\u00e7ant un programme social<br \/>\nd\u2019\u00e9quitation pour les enfants de la r\u00e9gion.<\/p>\n<p>Pour Sylvan Adams, son propri\u00e9taire, Isra\u00ebl-Premier Tech est plus qu\u2019une simple<br \/>\n\u00e9quipe cycliste. \u00ab\u00a0Nous observons l\u2019antique imp\u00e9ratif juif du Tikkoun Olam, \u00ab\u00a0la<br \/>\nr\u00e9paration\u00a0\u00bb, ou l\u2019am\u00e9lioration du monde\u00a0\u00bb\u00a0! Selon cette voie, nous consid\u00e9rons ce<br \/>\nprojet comme un \u00e9l\u00e9ment organique de notre mission\u00a0\u00bb\u00a0!<br \/>\nAdams esp\u00e8re vraiment que la communaut\u00e9 cycliste mondiale va suivre son \u00e9quipe<br \/>\ndans cet objectif, faire des dons et \u00ab\u00a0 nous aider \u00e0 construire cette infrastructure<br \/>\ncyclable indispensable en Afrique\u00a0!\u00a0\u00bb<br \/>\nD\u2019o\u00f9 l\u2019\u00e9nergie mise \u00e0 faire conna\u00eetre ce projet au cours de ce Tour de France,<br \/>\nl\u2019\u00e9preuve la plus importante de l\u2019ann\u00e9e\u00a0! C\u2019est l\u2019espoir que tous les fans europ\u00e9ens<br \/>\nde la grande \u00e9preuve fran\u00e7aise s\u2019engagent dans ce combat pour le mieux-\u00eatre de<br \/>\nces jeunes Rwandais.<\/p>\n<p>C\u2019est sans compter sur l\u2019exp\u00e9rience de jeunesse de Chris Froum, quadruple<br \/>\nchampion vainqueur du Tour de France. Il a en effet, pass\u00e9 son enfance et son<br \/>\nadolescence au Kenya, o\u00f9 faute de choix, le v\u00e9lo \u00e9tait son seul moyen de<br \/>\nd\u00e9placement\u00a0!<br \/>\n\\&rsquo;C\u2019est le v\u00e9lo qui m\u2019a fait d\u00e9couvrir le monde, alors que nous n\u2019avions ni<br \/>\ninfrastructure, ni v\u00e9lodrome ou quoi que ce soit de ce genre\u2026 C\u2019est de savoir de quoi<br \/>\nil s\u2019agit qui lui a donn\u00e9 envie de se lancer \u00e0 fond dans ce projet pour le Rwanda.<br \/>\nGr\u00e2ce \u00e0 lui, des jeunes qui s\u2019int\u00e9ressent au cyclisme pourront r\u00e9aliser leur r\u00eave\u00a0!\u00a0\u00bb<br \/>\nLe maillot des coureurs de l\u2019\u00e9quipe a enti\u00e8rement \u00e9t\u00e9 con\u00e7u dans le but de servir ce<br \/>\nprojet\u00a0: le designer Stijn Dossche (stycle.design) c\u00e9l\u00e8bre \u00ab\u00a0la richesse des couleurs<br \/>\ndu sol et la verdure luxuriante qui illumine le paysage des \u00ab\u00a0Mille collines\u00a0\u00bb et<br \/>\npr\u00e9sente la forme de l\u2019art rwandais\u00a0Imigongo\u00a0\u00bb comme le c\u0153ur de la conception de<br \/>\nce maillot.<\/p>\n<h3>La suite de l\u2019article se trouve dans le prochain num\u00e9ro d\u2019Isra\u00ebl Magazine<\/h3>\n<p>D\u00e9couvrez un exemplaire du magazine gratuitement et cliquez ensuite sur le rebord droit<\/p>\n<p><a href=\\\"https:\/\/online.fliphtml5.com\/rjspi\/ypmm\/#p=1\\\">https:\/\/online.fliphtml5.com\/rjspi\/ypmm\/#p=1<\/a><\/p>\n<p>Votre magazine est livr\u00e9 chez vous en toute confidentialit\u00e9<br \/>\nS\u2019abonner au magazine par t\u00e9l\u00e9phone ou par whats app 00972 (0) 54 254 45 20 ou au 01 86 98 27 27<\/p>\n<p>Par email\u00a0 <a href=\\\"mailto:Andredarmon21@gmail.com\\\">Andredarmon21@gmail.com<\/a>\u00a0 pay pal<\/p>\n<p>Ou directement sur le site<\/p>\n<p><a href=\\\"https:\/\/israelmagazine.co.il\/sabonner-au-magazine\/\\\">https:\/\/israelmagazine.co.il\/sabonner-au-magazine\/<\/a><\/p>\n<p>Ou encore S\u2019abonner au magazine livr\u00e9 chez vous en toute confidentialit\u00e9. Remplir le formulaire<\/p>\n<p><a href=\\\"https:\/\/docs.google.com\/forms\/d\/e\/1FAIpQLSfPYJfb8KjEya-X17w0DGPAuBlCGvqVUdh_Is8EL810Lxw82A\/viewform?entry.1189475001=Recipient_Email\\\">https:\/\/docs.google.com\/forms\/d\/e\/1FAIpQLSfPYJfb8KjEya-X17w0DGPAuBlCGvqVUdh_Is8EL810Lxw82A\/viewform?entry.1189475001=Recipient_Email<\/a><\/p>\n","protected":false},"excerpt":{"rendered":"<p>Isra\u00ebl-Premier Tech remporte sa premi\u00e8re victoire d\u2019\u00e9tape, avec l\u2019Australien Simon Clarke\u2026 &nbsp; Simon Clarke, Australien de 35 ans, remporte la premi\u00e8re victoire pour l\u2019\u00e9quipe isra\u00e9lienne dans le Tour de France, sur la 5 \u00e8me \u00e9tape et la plus rude des voies pav\u00e9es Tout \u00e0 coup, les langues se sont d\u00e9li\u00e9es et tout le public du &hellip;<\/p>\n<p class=\"read-more\"> <a class=\"\" href=\"https:\/\/israelmagazine.net\/?p=57149\"> <span class=\"screen-reader-text\">Tour de France: Isra\u00ebl premier de l\\&rsquo;\u00e9tape<\/span> Lire la suite \u00bb<\/a><\/p>\n","protected":false},"author":4,"featured_media":57151,"comment_status":"open","ping_status":"open","sticky":false,"template":"","format":"standard","meta":{"site-sidebar-layout":"default","site-content-layout":"default","ast-global-header-display":"","ast-main-header-display":"","ast-hfb-above-header-display":"","ast-hfb-below-header-display":"","ast-hfb-mobile-header-display":"","site-post-title":"","ast-breadcrumbs-content":"","ast-featured-img":"","footer-sml-layout":"","theme-transparent-header-meta":"","adv-header-id-meta":"","stick-header-meta":"","header-above-stick-meta":"","header-main-stick-meta":"","header-below-stick-meta":""},"categories":[1687,1621,1609,1617,41,1615,1713],"tags":[1756,1628,3118],"sujet":[],"_links":{"self":[{"href":"https:\/\/israelmagazine.net\/index.php?rest_route=\/wp\/v2\/posts\/57149"}],"collection":[{"href":"https:\/\/israelmagazine.net\/index.php?rest_route=\/wp\/v2\/posts"}],"about":[{"href":"https:\/\/israelmagazine.net\/index.php?rest_route=\/wp\/v2\/types\/post"}],"author":[{"embeddable":true,"href":"https:\/\/israelmagazine.net\/index.php?rest_route=\/wp\/v2\/users\/4"}],"replies":[{"embeddable":true,"href":"https:\/\/israelmagazine.net\/index.php?rest_route=%2Fwp%2Fv2%2Fcomments&post=57149"}],"version-history":[{"count":0,"href":"https:\/\/israelmagazine.net\/index.php?rest_route=\/wp\/v2\/posts\/57149\/revisions"}],"wp:featuredmedia":[{"embeddable":true,"href":"https:\/\/israelmagazine.net\/index.php?rest_route=\/"}],"wp:attachment":[{"href":"https:\/\/israelmagazine.net\/index.php?rest_route=%2Fwp%2Fv2%2Fmedia&parent=57149"}],"wp:term":[{"taxonomy":"category","embeddable":true,"href":"https:\/\/israelmagazine.net\/index.php?rest_route=%2Fwp%2Fv2%2Fcategories&post=57149"},{"taxonomy":"post_tag","embeddable":true,"href":"https:\/\/israelmagazine.net\/index.php?rest_route=%2Fwp%2Fv2%2Ftags&post=57149"},{"taxonomy":"sujet","embeddable":true,"href":"https:\/\/israelmagazine.net\/index.php?rest_route=%2Fwp%2Fv2%2Fsujet&post=57149"}],"curies":[{"name":"wp","href":"https:\/\/api.w.org\/{rel}","templated":true}]}}