{"id":57249,"date":"2022-07-17T07:35:37","date_gmt":"2022-07-17T04:35:37","guid":{"rendered":"https:\/\/israelmagazine.net\/?p=57249"},"modified":"2022-07-17T07:35:37","modified_gmt":"2022-07-17T04:35:37","slug":"il-nest-pas-necessaire-detre-juif-pour-etre-sioniste","status":"publish","type":"post","link":"https:\/\/israelmagazine.net\/?p=57249","title":{"rendered":"\u00abIl n\u2019est pas n\u00e9cessaire d\u2019\u00eatre juif pour \u00eatre sioniste\u00bb"},"content":{"rendered":"<h3><strong>\u00ab\u00a0Il n\u2019est pas n\u00e9cessaire d\u2019\u00eatre juif pour \u00eatre sioniste\u00a0\u00bb<\/strong><\/h3>\n<img class=\\\"size-medium wp-image-57250\\\" src=\\\"https:\/\/israelmagazine.co.il\/wp-content\/uploads\/2022\/07\/unnamed-3-1-300x250.jpg\\\" alt=\\\"Biden\\\" width=\\\"300\\\" height=\\\"250\\\" \/>\n<p>Mich\u00e8le Mazel<\/p>\n<p>Le pr\u00e9sident Obama avait d\u00e9cid\u00e9 de faire de l\u2019Egypte la premi\u00e8re \u00e9tape de son voyage au Moyen Orient et dans son discours du Caire avait insist\u00e9 sur l\u2019apport de l\u2019Islam en Am\u00e9rique.\u00a0 Il avait alors pour vice-pr\u00e9sident Joe Biden. Devenu pr\u00e9sident \u00e0 son tour, Biden a fait un tout autre choix. Lors d\u2019une tourn\u00e9e d\u00e9j\u00e0 qualifi\u00e9e d\u2019historique, c\u2019est \u00e0 Isra\u00ebl qu\u2019il a consacr\u00e9 sa premi\u00e8re visite. \u00a0A peine descendu d\u2019Air Force One, il a longuement rappel\u00e9 dans son allocution son ind\u00e9fectible soutien \u00e0 l\u2019Etat, \u00e9voquant sa rencontre avec Golda Meir et avec Itzhak Rabin en 1973\u00a0: \u00a0<strong>\u00ab\u00a0Je repense \u00e0 tout cela maintenant, et je me rends compte que j\u2019ai eu le grand honneur de vivre une partie de la grande histoire de ce grand pays \u2013 et j\u2019ai dit et je le r\u00e9p\u00e8te, vous n\u2019avez pas besoin d\u2019\u00eatre juif pour \u00eatre sioniste\u2026<\/strong><\/p>\n<h3>Il a \u00e9galement rappel\u00e9 que c\u2019\u00e9tait sa dixi\u00e8me visite et que pour lui chaque occasion de retourner \u00ab\u00a0dans ce grand pays o\u00f9 les antiques racines du peuple juif remontent aux temps bibliques est une b\u00e9n\u00e9diction. \u00bb\u00a0 Une bouff\u00e9e d\u2019air frais.<\/h3>\n<p>Petit rappel historique. Le 10 novembre 1975, trente ans apr\u00e8s la lib\u00e9ration d\u2019Auschwitz \u00a0\u00a0l\u2019Assembl\u00e9e G\u00e9n\u00e9rale des Nations Unies a vot\u00e9 la r\u00e9solution 3379, intitul\u00e9e\u00a0<em>\u00c9limination de toutes les formes de discrimination raciale<\/em>, affirmant que le sionisme est une forme de racisme et de discrimination raciale. \u00a0Il y a eu 72 pays pour voter pour cette scandaleuse affirmation\u00a0; 32 avaient vot\u00e9 contre et 32 s\u2019\u00e9taient \u00ab\u00a0courageusement\u00a0\u00bb abstenus. Il a fallu attendre douze ans pour que, le 16 d\u00e9cembre 1991, la r\u00e9solution 46\/86 vienne l\u2019annuler par un texte lapidaire\u00a0: \u00ab\u00a0L\u2019Assembl\u00e9e g\u00e9n\u00e9rale d\u00e9cide d\u2019abroger la d\u00e9cision contenue dans sa r\u00e9solution 3379 du 10 novembre 1975.\u00a0\u00bb \u00a0\u00a0111 pays ont vot\u00e9 pour, 25 contre, 11 se sont abstenus dont la Turquie et 15 brillaient par leur absence, notamment l\u2019Egypte.<\/p>\n<p>Le Secr\u00e9taire G\u00e9n\u00e9ral des Nations Unis, Koffi Annan, reviendra sur cet \u00e9pisode \u00e0 l\u2019ouverture de la premi\u00e8re conf\u00e9rence des Nations Unies sur l\u2019Antis\u00e9mitisme le 21 juin 2004 : \u00ab Force est de reconna\u00eetre que les actions de l\\&rsquo;Organisation des Nations unies en mati\u00e8re d\\&rsquo;antis\u00e9mitisme n\\&rsquo;ont pas toujours \u00e9t\u00e9 \u00e0 la mesure de ses id\u00e9aux. Il est d\u00e9plorable que l\\&rsquo;Assembl\u00e9e g\u00e9n\u00e9rale ait adopt\u00e9 en 1975 une r\u00e9solution dans laquelle elle assimilait le sionisme au racisme et je me f\u00e9licite qu\\&rsquo;elle soit depuis revenue sur sa position. \u00bb \u00a0H\u00e9las, Monsieur\u00a0 Kofi Annan se faisait des illusions. L\u2019antis\u00e9mitisme, loin de disparaitre, est en recrudescence un peu partout dans le monde.<\/p>\n<p>Et un vaste effort de d\u00e9l\u00e9gitimation de l\u2019Etat juif gagne du terrain, notamment aux Etats Unis. Le mouvement BDS appelle au boycott et au d\u00e9sinvestissement d\u2019Isra\u00ebl ainsi qu\u2019\u00e0 des sanctions contre ce pays. Dans les campus am\u00e9ricains on peut voir des banderoles proclamant que \u00ab\u00a0de la rivi\u00e8re \u2013 le Jourdain \u2013 \u00e0 la mer \u2013 la M\u00e9diterran\u00e9e \u2013 la Palestine sera libre\u00a0\u00bb appel sans fard \u00e0 la destruction d\u2019Isra\u00ebl.<\/p>\n<h3>Des positions que partage la frange extr\u00e9miste du parti d\u00e9mocrate de Joe Biden. A l\u2019approche des \u00e9lections de mi-mandat, il faut donc se r\u00e9jouir de ses propos mais aussi en saluer le courage.<\/h3>\n<img class=\\\"size-medium wp-image-57145\\\" src=\\\"https:\/\/israelmagazine.co.il\/wp-content\/uploads\/2022\/07\/BannerIsraMag259-300x250.jpg\\\" alt=\\\"Climat\\\" width=\\\"300\\\" height=\\\"250\\\" \/>\n<h3>La suite de l\u2019article se trouve dans le prochain num\u00e9ro d\u2019Isra\u00ebl Magazine<\/h3>\n<p>D\u00e9couvrez un exemplaire du magazine gratuitement et cliquez ensuite sur le rebord droit<\/p>\n<p><iframe class=\"wp-embedded-content\" sandbox=\"allow-scripts\" security=\"restricted\" title=\"IsraelMagazine252\" width=\"640\" height=\"360\" src=\"https:\/\/online.fliphtml5.com\/rjspi\/ypmm\/#?secret=IbDmpOJasC\" data-secret=\"IbDmpOJasC\" scrolling=\"no\" frameborder=\"0\"><\/iframe><\/p>\n<p>Votre magazine est livr\u00e9 chez vous en toute confidentialit\u00e9<\/p>\n<p>S\u2019abonner au magazine par t\u00e9l\u00e9phone ou par whats app 00972 (0) 54 254 45 20 ou au 01 86 98 27 27<\/p>\n<p>Par email\u00a0 <a href=\\\"mailto:Andredarmon21@gmail.com\\\">Andredarmon21@gmail.com<\/a> compte\u00a0 paypal m\u00eame si vous-m\u00eame n\u2019avez pas de compte paypal<\/p>\n<p>Ou directement sur le site\u00a0 https:\/\/israelmagazine.co.il\/sabonner-au-magazine\/<\/p>\n<p>Ou encore Remplir le formulaire pour \u00eatre contact\u00e9<\/p>\n<p>https:\/\/docs.google.com\/forms\/d\/e\/1FAIpQLSfPYJfb8KjEya-X17w0DGPAuBlCGvqVUdh_Is8EL810Lxw82A\/viewform?entry.1189475001=Recipient_Email<\/p>\n","protected":false},"excerpt":{"rendered":"<p>\u00ab\u00a0Il n\u2019est pas n\u00e9cessaire d\u2019\u00eatre juif pour \u00eatre sioniste\u00a0\u00bb Mich\u00e8le Mazel Le pr\u00e9sident Obama avait d\u00e9cid\u00e9 de faire de l\u2019Egypte la premi\u00e8re \u00e9tape de son voyage au Moyen Orient et dans son discours du Caire avait insist\u00e9 sur l\u2019apport de l\u2019Islam en Am\u00e9rique.\u00a0 Il avait alors pour vice-pr\u00e9sident Joe Biden. Devenu pr\u00e9sident \u00e0 son tour, &hellip;<\/p>\n<p class=\"read-more\"> <a class=\"\" href=\"https:\/\/israelmagazine.net\/?p=57249\"> <span class=\"screen-reader-text\">\u00abIl n\u2019est pas n\u00e9cessaire d\u2019\u00eatre juif pour \u00eatre sioniste\u00bb<\/span> Lire la suite \u00bb<\/a><\/p>\n","protected":false},"author":4,"featured_media":57250,"comment_status":"open","ping_status":"open","sticky":false,"template":"","format":"standard","meta":{"site-sidebar-layout":"default","site-content-layout":"default","ast-global-header-display":"","ast-main-header-display":"","ast-hfb-above-header-display":"","ast-hfb-below-header-display":"","ast-hfb-mobile-header-display":"","site-post-title":"","ast-breadcrumbs-content":"","ast-featured-img":"","footer-sml-layout":"","theme-transparent-header-meta":"","adv-header-id-meta":"","stick-header-meta":"","header-above-stick-meta":"","header-main-stick-meta":"","header-below-stick-meta":""},"categories":[84,1612,1679,1613,1623,1615],"tags":[825,2833,881,1636,877,1761,3126],"sujet":[],"_links":{"self":[{"href":"https:\/\/israelmagazine.net\/index.php?rest_route=\/wp\/v2\/posts\/57249"}],"collection":[{"href":"https:\/\/israelmagazine.net\/index.php?rest_route=\/wp\/v2\/posts"}],"about":[{"href":"https:\/\/israelmagazine.net\/index.php?rest_route=\/wp\/v2\/types\/post"}],"author":[{"embeddable":true,"href":"https:\/\/israelmagazine.net\/index.php?rest_route=\/wp\/v2\/users\/4"}],"replies":[{"embeddable":true,"href":"https:\/\/israelmagazine.net\/index.php?rest_route=%2Fwp%2Fv2%2Fcomments&post=57249"}],"version-history":[{"count":0,"href":"https:\/\/israelmagazine.net\/index.php?rest_route=\/wp\/v2\/posts\/57249\/revisions"}],"wp:featuredmedia":[{"embeddable":true,"href":"https:\/\/israelmagazine.net\/index.php?rest_route=\/"}],"wp:attachment":[{"href":"https:\/\/israelmagazine.net\/index.php?rest_route=%2Fwp%2Fv2%2Fmedia&parent=57249"}],"wp:term":[{"taxonomy":"category","embeddable":true,"href":"https:\/\/israelmagazine.net\/index.php?rest_route=%2Fwp%2Fv2%2Fcategories&post=57249"},{"taxonomy":"post_tag","embeddable":true,"href":"https:\/\/israelmagazine.net\/index.php?rest_route=%2Fwp%2Fv2%2Ftags&post=57249"},{"taxonomy":"sujet","embeddable":true,"href":"https:\/\/israelmagazine.net\/index.php?rest_route=%2Fwp%2Fv2%2Fsujet&post=57249"}],"curies":[{"name":"wp","href":"https:\/\/api.w.org\/{rel}","templated":true}]}}