{"id":57262,"date":"2022-07-17T11:08:43","date_gmt":"2022-07-17T08:08:43","guid":{"rendered":"https:\/\/israelmagazine.net\/?p=57262"},"modified":"2022-07-17T11:08:43","modified_gmt":"2022-07-17T08:08:43","slug":"les-terroristes-palestiniens-mecontents-de-la-declaration-de-jerusalem","status":"publish","type":"post","link":"https:\/\/israelmagazine.net\/?p=57262","title":{"rendered":"Les terroristes palestiniens m\u00e9contents de la d\u00e9claration de J\u00e9rusalem"},"content":{"rendered":"<p><strong>Les terroristes palestiniens m\u00e9contents de la d\u00e9claration de J\u00e9rusalem<\/strong><\/p>\n<img class=\\\"size-medium wp-image-57263\\\" src=\\\"https:\/\/israelmagazine.co.il\/wp-content\/uploads\/2022\/07\/unnamed-5-300x225.jpg\\\" alt=\\\"J\u00e9rusalem\\\" width=\\\"300\\\" height=\\\"225\\\" \/>\n<p>Le Front D\u00e9mocratique de Lib\u00e9ration de la Palestine a d\u00e9sign\u00e9 la D\u00e9claration de J\u00e9rusalem comme \u00ab une invitation ouverte \u00e0 d\u00e9clencher des guerres d\u2019ampleur r\u00e9gionale dans notre sous-continent\u2026 [Cette d\u00e9claration n\u2019apporte que] destruction et fl\u00e9au, sous pr\u00e9texte qu\\&rsquo;Isra\u00ebl se d\u00e9fend contre ses ennemis.\u00a0L\u2019entit\u00e9 sioniste aspire \u00e0 contr\u00f4ler pleinement la richesse \u00e9nerg\u00e9tique de notre r\u00e9gion et \u00e0 l\\&rsquo;entra\u00eener dans des alliances et des guerres r\u00e9gionales et continentales.\u00a0Elle ne sert que les int\u00e9r\u00eats imp\u00e9rialistes des \u00c9tats-Unis.\u00a0Elle noiera notre r\u00e9gion dans des mers de sang, avec de nombreux probl\u00e8mes tels que l\\&rsquo;appauvrissement, la famine, le gaspillage des richesses et la destruction massive.<\/p>\n<h3>Le FPLP a oubli\u00e9 de mentionner les sauterelles et les grenouilles.<\/h3>\n<p>Le Front Populaire de Lib\u00e9ration de la Palestine a d\u00e9clar\u00e9 \\\u00a0\u00bbqu\\&rsquo;il s\\&rsquo;agit d\\&rsquo;une continuation de l\\&rsquo;agression contre le peuple palestinien et ses droits nationaux, (qui emp\u00eache ) la lib\u00e9ration de la main de l\\&rsquo;entit\u00e9 sioniste dans ses vell\u00e9it\u00e9s d\u2019expansion et l\\&rsquo;approfondissement de son projet colonial en Palestine, qui s\\&rsquo;\u00e9tend vers l\\&rsquo;ext\u00e9rieur\\\u00a0\u00bb. L\u2019Autorit\u00e9 palestinienne (AP) a d\u00e9clar\u00e9 que \u00ab les menaces lanc\u00e9es par le pr\u00e9sident am\u00e9ricain Joe Biden \u00e0 \u00ab\u00a0J\u00e9rusalem occup\u00e9e\u00a0\u00bb (sic.) tomberont, gr\u00e2ce \u00e0 la r\u00e9sistance et \u00e0 la fermet\u00e9 de notre peuple, des peuples de la r\u00e9gion et des forces de la r\u00e9sistance (le communiqu\u00e9 ne pr\u00e9cise pas lesquelles\u00a0: L\u2019Iran\u00a0? Le Hezbollah, le Hamas\u00a0?).\u00a0C\\&rsquo;est le peuple palestinien qui d\u00e9termine son destin, pas le colonialiste Biden et ses partenaires sionistes.<\/p>\n<h3>L\\&rsquo;AP mod\u00e9r\u00e9e a ensuite \\\u00a0\u00bbappel\u00e9 \u00e0 <strong><em>l\\&rsquo;escalade de toutes les formes de r\u00e9sistance<\/em><\/strong>\u2026 contre les politiques coloniales et sionistes agressives\\\u00a0\u00bb, ce qui est un appel \u00e0 peine voil\u00e9 \u00e0 des attaques terroristes.<\/h3>\n<p><a href=\\\"https:\/\/amad.ps\/ar\/post\/465087\/%D8%A7%D9%84%D8%AD%D9%8A%D8%A9-%D8%A5%D8%B9%D9%84%D8%A7%D9%86-%D8%A7%D9%84%D9%82%D8%AF%D8%B3-%D8%AA%D8%A3%D9%83%D9%8A%D8%AF-%D8%B9%D9%84%D9%89-%D8%A7%D9%86%D8%AD%D9%8A%D8%A7%D8%B2-%D8%A7%D9%84%D8%B3%D9%8A%D8%A7%D8%B3%D8%A9-%D8%A7%D9%84%D8%A3%D9%85%D8%B1%D9%8A%D9%83%D9%8A%D8%A9-%D9%84%D9%84%D8%A7%D8%AD%D8%AA%D9%84%D8%A7%D9%84\\\">Le Hamas<\/a> a d\u00e9clar\u00e9 que \u00ab la visite de Biden a confirm\u00e9 que Washington est un partenaire direct des crimes isra\u00e9liens contre le peuple palestinien.\u00a0\u2026 Les tentatives de l\u00e9gitimer l\\&rsquo;occupation et de l\\&rsquo;int\u00e9grer dans la r\u00e9gion seront d\u00e9truites sur le rocher de la fermet\u00e9 du peuple palestinien. Tous ces appels et encouragements au terrorisme ont connu l\u2019effet souhait\u00e9, puisque, quelques heures apr\u00e8s que le pr\u00e9sident am\u00e9ricain Joe Biden a termin\u00e9 sa visite en Isra\u00ebl, des factions palestiniennes ont tir\u00e9 sur le sud d\\&rsquo;Isra\u00ebl. Le D\u00f4me de Fer a intercept\u00e9 une roquette et trois autres sont tomb\u00e9es dans des zones d\u00e9gag\u00e9es. En repr\u00e9sailles, les avions d\u2019Heyl Haavir ont touch\u00e9 un site de fabrication de roquettes du Hamas et une installation souterraine o\u00f9 du mat\u00e9riel de roquettes \u00e9tait fabriqu\u00e9. Tout cela ressemble \u00e0 un rejet ferme et d\u00e9finitif de toute main tendue (durant ce voyage, Biden s\u2019est rendu \u00e0 Bethl\u00e9em, Lapid s\u2019est adress\u00e9 \u00e0 Abou Mazen) et \u00e0 la revendication implicite que la \u00ab cause palestinienne \u00bb (version Hamas ou FPLP) serait l\u2019avant-poste des vell\u00e9it\u00e9s h\u00e9g\u00e9moniques de l\u2019Iran et de ses milices suppl\u00e9tives, en contre-poids de l\u2019axe isra\u00e9lo-arabe appuy\u00e9 par les Etats-Unis.<\/p>\n<p>La suite de l\u2019article se trouve dans le prochain num\u00e9ro d\u2019Isra\u00ebl Magazine<\/p>\n<p>D\u00e9couvrez un exemplaire du magazine gratuitement et cliquez ensuite sur le rebord droit<\/p>\n<p><iframe class=\"wp-embedded-content\" sandbox=\"allow-scripts\" security=\"restricted\" title=\"IsraelMagazine252\" width=\"640\" height=\"360\" src=\"https:\/\/online.fliphtml5.com\/rjspi\/ypmm\/#?secret=UR7XupwArm\" data-secret=\"UR7XupwArm\" scrolling=\"no\" frameborder=\"0\"><\/iframe><\/p>\n<p>Votre magazine est livr\u00e9 chez vous en toute confidentialit\u00e9<\/p>\n<p>S\u2019abonner au magazine par t\u00e9l\u00e9phone ou par whats app 00972 (0) 54 254 45 20 ou au 01 86 98 27 27<\/p>\n<p>Par email\u00a0 <a href=\\\"mailto:Andredarmon21@gmail.com\\\">Andredarmon21@gmail.com<\/a> compte\u00a0 paypal m\u00eame si vous-m\u00eame n\u2019avez pas de compte paypal<\/p>\n<p>Ou directement sur le site\u00a0 https:\/\/israelmagazine.co.il\/sabonner-au-magazine\/<\/p>\n<p>Ou encore Remplir le formulaire pour \u00eatre contact\u00e9<\/p>\n<p>https:\/\/docs.google.com\/forms\/d\/e\/1FAIpQLSfPYJfb8KjEya-X17w0DGPAuBlCGvqVUdh_Is8EL810Lxw82A\/viewform?entry.1189475001=Recipient_Email<\/p>\n<p>&nbsp;<\/p>\n<p>&nbsp;<\/p>\n<p>&nbsp;<\/p>\n<p><strong>\u00a0<\/strong><\/p>\n<p><strong>\u00a0<\/strong><\/p>\n<p><strong>\u00a0<\/strong><\/p>\n","protected":false},"excerpt":{"rendered":"<p>Les terroristes palestiniens m\u00e9contents de la d\u00e9claration de J\u00e9rusalem Le Front D\u00e9mocratique de Lib\u00e9ration de la Palestine a d\u00e9sign\u00e9 la D\u00e9claration de J\u00e9rusalem comme \u00ab une invitation ouverte \u00e0 d\u00e9clencher des guerres d\u2019ampleur r\u00e9gionale dans notre sous-continent\u2026 [Cette d\u00e9claration n\u2019apporte que] destruction et fl\u00e9au, sous pr\u00e9texte qu\\&rsquo;Isra\u00ebl se d\u00e9fend contre ses ennemis.\u00a0L\u2019entit\u00e9 sioniste aspire \u00e0 &hellip;<\/p>\n<p class=\"read-more\"> <a class=\"\" href=\"https:\/\/israelmagazine.net\/?p=57262\"> <span class=\"screen-reader-text\">Les terroristes palestiniens m\u00e9contents de la d\u00e9claration de J\u00e9rusalem<\/span> Lire la suite \u00bb<\/a><\/p>\n","protected":false},"author":4,"featured_media":57263,"comment_status":"open","ping_status":"open","sticky":false,"template":"","format":"standard","meta":{"site-sidebar-layout":"default","site-content-layout":"default","ast-global-header-display":"","ast-main-header-display":"","ast-hfb-above-header-display":"","ast-hfb-below-header-display":"","ast-hfb-mobile-header-display":"","site-post-title":"","ast-breadcrumbs-content":"","ast-featured-img":"","footer-sml-layout":"","theme-transparent-header-meta":"","adv-header-id-meta":"","stick-header-meta":"","header-above-stick-meta":"","header-main-stick-meta":"","header-below-stick-meta":""},"categories":[84,1612,1613,1615,1624],"tags":[825,1739,2346,1635,955,815,1700,877,821,2133],"sujet":[],"_links":{"self":[{"href":"https:\/\/israelmagazine.net\/index.php?rest_route=\/wp\/v2\/posts\/57262"}],"collection":[{"href":"https:\/\/israelmagazine.net\/index.php?rest_route=\/wp\/v2\/posts"}],"about":[{"href":"https:\/\/israelmagazine.net\/index.php?rest_route=\/wp\/v2\/types\/post"}],"author":[{"embeddable":true,"href":"https:\/\/israelmagazine.net\/index.php?rest_route=\/wp\/v2\/users\/4"}],"replies":[{"embeddable":true,"href":"https:\/\/israelmagazine.net\/index.php?rest_route=%2Fwp%2Fv2%2Fcomments&post=57262"}],"version-history":[{"count":0,"href":"https:\/\/israelmagazine.net\/index.php?rest_route=\/wp\/v2\/posts\/57262\/revisions"}],"wp:featuredmedia":[{"embeddable":true,"href":"https:\/\/israelmagazine.net\/index.php?rest_route=\/"}],"wp:attachment":[{"href":"https:\/\/israelmagazine.net\/index.php?rest_route=%2Fwp%2Fv2%2Fmedia&parent=57262"}],"wp:term":[{"taxonomy":"category","embeddable":true,"href":"https:\/\/israelmagazine.net\/index.php?rest_route=%2Fwp%2Fv2%2Fcategories&post=57262"},{"taxonomy":"post_tag","embeddable":true,"href":"https:\/\/israelmagazine.net\/index.php?rest_route=%2Fwp%2Fv2%2Ftags&post=57262"},{"taxonomy":"sujet","embeddable":true,"href":"https:\/\/israelmagazine.net\/index.php?rest_route=%2Fwp%2Fv2%2Fsujet&post=57262"}],"curies":[{"name":"wp","href":"https:\/\/api.w.org\/{rel}","templated":true}]}}