{"id":57283,"date":"2022-07-20T05:51:02","date_gmt":"2022-07-20T02:51:02","guid":{"rendered":"https:\/\/israelmagazine.net\/?p=57283"},"modified":"2022-07-20T05:51:02","modified_gmt":"2022-07-20T02:51:02","slug":"la-rafle-du-vel-dhiv-les-jours-de-la-honte-bleu-blanc-rouge","status":"publish","type":"post","link":"https:\/\/israelmagazine.net\/?p=57283","title":{"rendered":"La Rafle du Vel d\\&rsquo;Hiv: les jours de la Honte Bleu\/Blanc\/Rouge"},"content":{"rendered":"<h3><b>La Rafle du Vel d\\&rsquo;Hiv: les jours de la Honte Bleu\/Blanc<\/b><b>\/<\/b><b>Rouge<\/b><\/h3>\n<p><b>Lionel Szapiro<\/b><\/p>\n<img class=\\\"size-medium wp-image-57284\\\" src=\\\"https:\/\/israelmagazine.co.il\/wp-content\/uploads\/2022\/07\/Ces-planches-illustraient-livre-Grande-Rafle-VeldHiv-publiela-premiere-Nouveau-Candide-1967_0-300x184.webp\\\" alt=\\\"Vel d\\'hiv\\\" width=\\\"300\\\" height=\\\"184\\\" \/>\n<p><b>\u00a0<\/b><b>Il est impossible d\\&rsquo;\u00e9voquer le Vel d\\&rsquo;Hiv sans se r\u00e9f\u00e9rer au symbole.\u00a0<\/b><b>Celui de la collaboration fran\u00e7aise \u00e0 l\\&rsquo;antis\u00e9mitisme g\u00e9nocidaire du r\u00e9gime nazi. A\u00a0<\/b><b>l\\&rsquo;aube du 16 juillet 1942, les Juifs parisiens sont tir\u00e9s brutalement du sommeil et emmen\u00e9s, adultes, vieillards, femmes et enfants, dans les sinistres c\u00e9l\u00e8bres bus vert et blanc \u00e0 plate-forme. Les v\u00e9hicules aux vitres grillag\u00e9es de la STCRP,\u00a0<\/b><b>la Soci\u00e9t\u00e9 des Transports en Commun de la R\u00e9gion Parisienne,<\/b><b>\u00a0devenue la RATP en 1949. Un changement de nom pour faire oublier le honteux renom.\u00a0<\/b><b>Voulue par les Allemands, l\\&rsquo;op\u00e9ration est ex\u00e9cut\u00e9e avec empressement par 4500 policiers Fran\u00e7ais. L<\/b><b>e 16 et 17 juillet 1942 en deux jours, 13152 Juifs parisiens, dont 5919 femmes et 4115 enfants sont arr\u00eat\u00e9s. Les personnes seules sont d\u00e9port\u00e9es \u00e0 Drancy et les familles sont parqu\u00e9es au V\u00e9lodrome d\\&rsquo;Hiver. Seuls quelques rescap\u00e9s, moins de 200 en reviendront. 80 ans<\/b><b>\u00a0<\/b><b>apr\u00e8s, Isra\u00ebl Magazine, documents et travaux in\u00e9dits de chercheurs et d\u2019historiens \u00e0 l\\&rsquo;appui, \u00e9tablit que l<\/b><b>a rafle massive des 16 et 17 juillet 1942 n\\&rsquo;\u00e9tait ni in\u00e9vitable, ni in\u00e9luctable.\u00a0<\/b><b>Isra\u00ebl Magazine devait le faire : \u00e9couter les t\u00e9moignages de la bouche m\u00eame de deux parmi les tr\u00e8s rares derniers survivants. Avant qu\\&rsquo;il ne soit &#8230;trop tard !<\/b><\/p>\n<p>Nous sommes aux premi\u00e8res heures du 16 juillet 1942. Sarah Castel, six ans \u00e0 l\\&rsquo;\u00e9poque, 86 ans aujourd\\&rsquo;hui, se souvient. Des souvenirs grav\u00e9s au fer rouge dans sa m\u00e9moire depuis ce jour et pour toujours.<\/p>\n<p>\u00ab Pr\u00e9parez vos affaires et suivez-nous \u00bb ordonnent les deux policiers qui font irruption dans le modeste appartement du 18 Rue Sainte-Croix de la Bretonnerie. La voil\u00e0 emmen\u00e9e avec ses fr\u00e8res, sa s\u0153ur Guitel qui comme elle, est fran\u00e7aise, vers le lieu de rassemblement, suivant la terminologie d\\&rsquo;alors, \u00ab des Isra\u00e9lites \u00bb.<\/p>\n<h3><b>Les h\u00e9ros et les salauds<\/b><\/h3>\n<h3>La suite de l\u2019article se trouve dans le prochain num\u00e9ro d\u2019Isra\u00ebl Magazine<\/h3>\n<p>D\u00e9couvrez un exemplaire du magazine gratuitement et cliquez ensuite sur le rebord droit<\/p>\n<p><iframe class=\"wp-embedded-content\" sandbox=\"allow-scripts\" security=\"restricted\" title=\"IsraelMagazine252\" width=\"640\" height=\"360\" src=\"https:\/\/online.fliphtml5.com\/rjspi\/ypmm\/#?secret=cvMbOVZbh6\" data-secret=\"cvMbOVZbh6\" scrolling=\"no\" frameborder=\"0\"><\/iframe><\/p>\n<p>Votre magazine est livr\u00e9 chez vous en toute confidentialit\u00e9<\/p>\n<p>S\u2019abonner au magazine par t\u00e9l\u00e9phone ou par whats app 00972 (0) 54 254 45 20 ou au 01 86 98 27 27<\/p>\n<p>Par email\u00a0 <a href=\\\"mailto:Andredarmon21@gmail.com\\\">Andredarmon21@gmail.com<\/a> compte\u00a0 paypal m\u00eame si vous-m\u00eame n\u2019avez pas de compte paypal<\/p>\n<p>Ou directement sur le site\u00a0 https:\/\/israelmagazine.co.il\/sabonner-au-magazine\/<\/p>\n<p>Ou encore Remplir le formulaire pour \u00eatre contact\u00e9<\/p>\n<p>https:\/\/docs.google.com\/forms\/d\/e\/1FAIpQLSfPYJfb8KjEya-X17w0DGPAuBlCGvqVUdh_Is8EL810Lxw82A\/viewform?entry.1189475001=Recipient_Email<\/p>\n","protected":false},"excerpt":{"rendered":"<p>La Rafle du Vel d\\&rsquo;Hiv: les jours de la Honte Bleu\/Blanc\/Rouge Lionel Szapiro \u00a0Il est impossible d\\&rsquo;\u00e9voquer le Vel d\\&rsquo;Hiv sans se r\u00e9f\u00e9rer au symbole.\u00a0Celui de la collaboration fran\u00e7aise \u00e0 l\\&rsquo;antis\u00e9mitisme g\u00e9nocidaire du r\u00e9gime nazi. A\u00a0l\\&rsquo;aube du 16 juillet 1942, les Juifs parisiens sont tir\u00e9s brutalement du sommeil et emmen\u00e9s, adultes, vieillards, femmes et enfants, &hellip;<\/p>\n<p class=\"read-more\"> <a class=\"\" href=\"https:\/\/israelmagazine.net\/?p=57283\"> <span class=\"screen-reader-text\">La Rafle du Vel d\\&rsquo;Hiv: les jours de la Honte Bleu\/Blanc\/Rouge<\/span> Lire la suite \u00bb<\/a><\/p>\n","protected":false},"author":4,"featured_media":57284,"comment_status":"open","ping_status":"open","sticky":false,"template":"","format":"standard","meta":{"site-sidebar-layout":"default","site-content-layout":"default","ast-global-header-display":"","ast-main-header-display":"","ast-hfb-above-header-display":"","ast-hfb-below-header-display":"","ast-hfb-mobile-header-display":"","site-post-title":"","ast-breadcrumbs-content":"","ast-featured-img":"","footer-sml-layout":"","theme-transparent-header-meta":"","adv-header-id-meta":"","stick-header-meta":"","header-above-stick-meta":"","header-main-stick-meta":"","header-below-stick-meta":""},"categories":[84,814,1613,2283,1665,1642,811],"tags":[1063,1739,881,1628,815,937,1636,1644],"sujet":[],"_links":{"self":[{"href":"https:\/\/israelmagazine.net\/index.php?rest_route=\/wp\/v2\/posts\/57283"}],"collection":[{"href":"https:\/\/israelmagazine.net\/index.php?rest_route=\/wp\/v2\/posts"}],"about":[{"href":"https:\/\/israelmagazine.net\/index.php?rest_route=\/wp\/v2\/types\/post"}],"author":[{"embeddable":true,"href":"https:\/\/israelmagazine.net\/index.php?rest_route=\/wp\/v2\/users\/4"}],"replies":[{"embeddable":true,"href":"https:\/\/israelmagazine.net\/index.php?rest_route=%2Fwp%2Fv2%2Fcomments&post=57283"}],"version-history":[{"count":0,"href":"https:\/\/israelmagazine.net\/index.php?rest_route=\/wp\/v2\/posts\/57283\/revisions"}],"wp:featuredmedia":[{"embeddable":true,"href":"https:\/\/israelmagazine.net\/index.php?rest_route=\/"}],"wp:attachment":[{"href":"https:\/\/israelmagazine.net\/index.php?rest_route=%2Fwp%2Fv2%2Fmedia&parent=57283"}],"wp:term":[{"taxonomy":"category","embeddable":true,"href":"https:\/\/israelmagazine.net\/index.php?rest_route=%2Fwp%2Fv2%2Fcategories&post=57283"},{"taxonomy":"post_tag","embeddable":true,"href":"https:\/\/israelmagazine.net\/index.php?rest_route=%2Fwp%2Fv2%2Ftags&post=57283"},{"taxonomy":"sujet","embeddable":true,"href":"https:\/\/israelmagazine.net\/index.php?rest_route=%2Fwp%2Fv2%2Fsujet&post=57283"}],"curies":[{"name":"wp","href":"https:\/\/api.w.org\/{rel}","templated":true}]}}