{"id":57392,"date":"2022-08-05T07:18:16","date_gmt":"2022-08-05T04:18:16","guid":{"rendered":"https:\/\/israelmagazine.net\/?p=57392"},"modified":"2022-08-05T07:18:16","modified_gmt":"2022-08-05T04:18:16","slug":"la-communaute-juive-de-rennes","status":"publish","type":"post","link":"https:\/\/israelmagazine.net\/?p=57392","title":{"rendered":"LA COMMUNAUTE JUIVE DE RENNES"},"content":{"rendered":"<p>LA COMMUNAUTE JUIVE DE RENNES<\/p>\n<h3>Entre R\u00e9demption et M\u00e9moire<\/h3>\n<p>Par Genevi\u00e8ve Wittmann<br \/>\npour Isra\u00ebl Magazine<\/p>\n<img class=\\\"size-medium wp-image-57393\\\" src=\\\"https:\/\/israelmagazine.co.il\/wp-content\/uploads\/2022\/08\/RENNES-300x213.png\\\" alt=\\\"Rennes\\\" width=\\\"300\\\" height=\\\"213\\\" \/>\n<h3><strong>Mon tour de France des communaut\u00e9s juives, est l\u2019occasion de faire de magnifiques rencontres. Rennes n\u2019\u00e9chappe pas \u00e0 cette r\u00e8gle v\u00e9rifi\u00e9e dans chaque ville visit\u00e9e jusque-l\u00e0\u00a0! <\/strong><\/h3>\n<p><strong>\u00a0<\/strong>La synagogue ne se laisse pas trouver facilement, nich\u00e9e au c\u0153ur d\u2019une r\u00e9sidence bois\u00e9e, le long d\u2019un d\u00e9dale de sentiers. De l\u2019ext\u00e9rieur, on pourrait croire \u00e0 un centre culturel ou une salle de sport, ce qu\u2019elle \u00e9tait initialement. C\u2019est le maire de Rennes, M. Edmond Herv\u00e9, qui au d\u00e9but des ann\u00e9es 2000, octroie \u00e0 la communaut\u00e9 ce b\u00e2timent blanc sans \u00e9tage, soucieux que les habitants juifs de sa ville puissent prier dans des conditions appropri\u00e9es. Le b\u00e2timent sera appel\u00e9 Centre Edmond Safra, en hommage au g\u00e9n\u00e9reux m\u00e9c\u00e8ne dont la fondation \u00e9ponyme finan\u00e7a en partie la restauration du site et soutient encore aujourd\u2019hui la petite communaut\u00e9.<\/p>\n<p>Magnifiques rencontres disais-je. Ce jour-l\u00e0, j\u2019ai rendez-vous avec Philippe Strol, le Pr\u00e9sident de la Communaut\u00e9 et St\u00e9phane Zeitoun, charg\u00e9 de la s\u00e9curit\u00e9. Une apr\u00e8s-midi d\u2019\u00e9changes intenses et chaleureux\u00a0! Philippe et St\u00e9phane repr\u00e9sentent comme un concentr\u00e9 du peuple juif\u00a0: un Ashk\u00e9naze et un S\u00e9pharade\u00a0; Itzhak et Mo\u00efse\u00a0; le fils d\u2019un d\u00e9port\u00e9 et l\u2019enfant de pieux Tunisiens\u00a0; le porteur de l\u2019intense souffrance des Juifs d\u2019Europe et le porteur de la Lumi\u00e8re\u00a0; le Juif qui n\u2019a pas b\u00e9n\u00e9fici\u00e9 d\u2019une transmission religieuse mais retrouve le chemin de la Techouva et le Juif qui a suivi avec s\u00e9r\u00e9nit\u00e9 les traditions de ses p\u00e8res que ses fils perp\u00e9tuent \u00e0 leur tour.<\/p>\n<h3>Ose<\/h3>\n<p>Le p\u00e8re de Philippe Strol, n\u00e9 en Transylvanie, d\u00e9port\u00e9 adolescent, a surv\u00e9cu \u00e0 la Shoah. Apr\u00e8s-guerre, il est emmen\u00e9 dans un orphelinat de l\u2019OSE \u00e0 \u00c9couis en Normandie. Il s\u2019en \u00e9chappe et part seul vers son pays natal, dans l\u2019espoir de retrouver les siens, en vain. Ce n\u2019est que 20 ans plus tard<\/p>\n<h3>La suite de l\u2019article se trouve dans le prochain num\u00e9ro d\u2019Isra\u00ebl Magazine<\/h3>\n<p>D\u00e9couvrez un exemplaire du magazine gratuitement et cliquez ensuite sur le rebord droit<\/p>\n<p><iframe class=\"wp-embedded-content\" sandbox=\"allow-scripts\" security=\"restricted\" title=\"IsraelMagazine252\" width=\"640\" height=\"360\" src=\"https:\/\/online.fliphtml5.com\/rjspi\/ypmm\/#?secret=AOIt1vCxNu\" data-secret=\"AOIt1vCxNu\" scrolling=\"no\" frameborder=\"0\"><\/iframe><\/p>\n<p>Votre magazine est livr\u00e9 chez vous en toute confidentialit\u00e9<\/p>\n<p>S\u2019abonner au magazine par t\u00e9l\u00e9phone ou par whats app 00972 (0) 54 254 45 20 ou au 01 86 98 27 27<\/p>\n<p>Par email\u00a0 <a href=\\\"mailto:Andredarmon21@gmail.com\\\">Andredarmon21@gmail.com<\/a> compte\u00a0 paypal m\u00eame si vous-m\u00eame n\u2019avez pas de compte paypal<\/p>\n<p>Ou directement sur le site\u00a0 https:\/\/israelmagazine.co.il\/sabonner-au-magazine\/<\/p>\n<p>Ou encore Remplir le formulaire pour \u00eatre contact\u00e9<\/p>\n<p>https:\/\/docs.google.com\/forms\/d\/e\/1FAIpQLSfPYJfb8KjEya-X17w0DGPAuBlCGvqVUdh_Is8EL810Lxw82A\/viewform?entry.1189475001=Recipient_Email<\/p>\n","protected":false},"excerpt":{"rendered":"<p>LA COMMUNAUTE JUIVE DE RENNES Entre R\u00e9demption et M\u00e9moire Par Genevi\u00e8ve Wittmann pour Isra\u00ebl Magazine Mon tour de France des communaut\u00e9s juives, est l\u2019occasion de faire de magnifiques rencontres. Rennes n\u2019\u00e9chappe pas \u00e0 cette r\u00e8gle v\u00e9rifi\u00e9e dans chaque ville visit\u00e9e jusque-l\u00e0\u00a0! \u00a0La synagogue ne se laisse pas trouver facilement, nich\u00e9e au c\u0153ur d\u2019une r\u00e9sidence bois\u00e9e, &hellip;<\/p>\n<p class=\"read-more\"> <a class=\"\" href=\"https:\/\/israelmagazine.net\/?p=57392\"> <span class=\"screen-reader-text\">LA COMMUNAUTE JUIVE DE RENNES<\/span> Lire la suite \u00bb<\/a><\/p>\n","protected":false},"author":4,"featured_media":57393,"comment_status":"open","ping_status":"open","sticky":false,"template":"","format":"standard","meta":{"site-sidebar-layout":"default","site-content-layout":"default","ast-global-header-display":"","ast-main-header-display":"","ast-hfb-above-header-display":"","ast-hfb-below-header-display":"","ast-hfb-mobile-header-display":"","site-post-title":"","ast-breadcrumbs-content":"","ast-featured-img":"","footer-sml-layout":"","theme-transparent-header-meta":"","adv-header-id-meta":"","stick-header-meta":"","header-above-stick-meta":"","header-main-stick-meta":"","header-below-stick-meta":""},"categories":[84,814,1613,2283,811,1615],"tags":[845,2699,1474,955,2013,1628,815,937,383,1636,3138],"sujet":[],"_links":{"self":[{"href":"https:\/\/israelmagazine.net\/index.php?rest_route=\/wp\/v2\/posts\/57392"}],"collection":[{"href":"https:\/\/israelmagazine.net\/index.php?rest_route=\/wp\/v2\/posts"}],"about":[{"href":"https:\/\/israelmagazine.net\/index.php?rest_route=\/wp\/v2\/types\/post"}],"author":[{"embeddable":true,"href":"https:\/\/israelmagazine.net\/index.php?rest_route=\/wp\/v2\/users\/4"}],"replies":[{"embeddable":true,"href":"https:\/\/israelmagazine.net\/index.php?rest_route=%2Fwp%2Fv2%2Fcomments&post=57392"}],"version-history":[{"count":0,"href":"https:\/\/israelmagazine.net\/index.php?rest_route=\/wp\/v2\/posts\/57392\/revisions"}],"wp:featuredmedia":[{"embeddable":true,"href":"https:\/\/israelmagazine.net\/index.php?rest_route=\/"}],"wp:attachment":[{"href":"https:\/\/israelmagazine.net\/index.php?rest_route=%2Fwp%2Fv2%2Fmedia&parent=57392"}],"wp:term":[{"taxonomy":"category","embeddable":true,"href":"https:\/\/israelmagazine.net\/index.php?rest_route=%2Fwp%2Fv2%2Fcategories&post=57392"},{"taxonomy":"post_tag","embeddable":true,"href":"https:\/\/israelmagazine.net\/index.php?rest_route=%2Fwp%2Fv2%2Ftags&post=57392"},{"taxonomy":"sujet","embeddable":true,"href":"https:\/\/israelmagazine.net\/index.php?rest_route=%2Fwp%2Fv2%2Fsujet&post=57392"}],"curies":[{"name":"wp","href":"https:\/\/api.w.org\/{rel}","templated":true}]}}