{"id":57428,"date":"2022-08-07T10:09:14","date_gmt":"2022-08-07T07:09:14","guid":{"rendered":"https:\/\/israelmagazine.net\/?p=57428"},"modified":"2022-08-07T10:09:14","modified_gmt":"2022-08-07T07:09:14","slug":"pourquoi-israel-veut-utiliser-des-bases-aeriennes-marocaines","status":"publish","type":"post","link":"https:\/\/israelmagazine.net\/?p=57428","title":{"rendered":"Pourquoi Isra\u00ebl veut utiliser des bases a\u00e9riennes marocaines\u00a0?"},"content":{"rendered":"<h3><strong>Pourquoi Isra\u00ebl veut utiliser des bases a\u00e9riennes marocaines\u00a0?<\/strong><\/h3>\n<img class=\\\"size-medium wp-image-57429\\\" src=\\\"https:\/\/israelmagazine.co.il\/wp-content\/uploads\/2022\/08\/unnamed-19-300x200.jpg\\\" alt=\\\"Maroc\\\" width=\\\"300\\\" height=\\\"200\\\" \/>\n<h3><strong>Les relations maroco-isra\u00e9liennes se renforcent, notamment sur le plan militaire, \u00e0 un rythme qui soul\u00e8ve des questions br\u00fblantes sur l\\&rsquo;avenir de cette coop\u00e9ration et l\\&rsquo;\u00e9tendue de son influence sur le Royaume du Maroc<\/strong><\/h3>\n<p>Selon un site local d\u2019information, lors de ses rencontres dans le Royaume, Aviv Kochavi, le chef d\\&rsquo;\u00e9tat-major de l\\&rsquo;arm\u00e9e isra\u00e9lienne, a \u00e9voqu\u00e9 la possibilit\u00e9 pour l\\&rsquo;arm\u00e9e de l\\&rsquo;air isra\u00e9lienne d\\&rsquo;utiliser des bases marocaines, lors d\\&rsquo;une r\u00e9union avec de hauts responsables, dont peu des informations ont filtr\u00e9. Cette information particuli\u00e8re intervient au moment o\u00f9 Kochavi visitait la base a\u00e9rienne \u00ab Ben Gu\u00e9rir \u00bb, \u00e0 58 km au nord de Marrakech, et rencontrait son commandant, le G\u00e9n\u00e9ral Hassan Mehwar.<\/p>\n<h3><strong>La base a b\u00e9n\u00e9fici\u00e9 <\/strong><strong>de <\/strong><strong>l\u2019agrandissement des superficies d\u00e9di\u00e9es aux pistes d\u2019atterrissage avec pr\u00e8s de 7 hectares suppl\u00e9mentaires depuis avril 2021.<\/strong><\/h3>\n<p>Un analyste politique et expert militaire, Muhammad Al-Idrisi, a estim\u00e9 que \\\u00a0\u00bbla nouvelle de l\\&rsquo;utilisation par Isra\u00ebl des bases a\u00e9riennes au Maroc, si jamais elle \u00e9tait vraie, l\\&rsquo;accord ne serait pas nuisible. Selon l\u2019analyste, elle s\\&rsquo;inscrirait dans la logique d\u2019un partenariat mutuel, de fa\u00e7on \u00e0 ce que les deux parties en tirent profit en fonction des variables g\u00e9opolitiques de la r\u00e9gion. Concernant les inqui\u00e9tudes relatives \u00e0 la violation potentielle de la souverainet\u00e9 du royaume dans cette d\u00e9cision, Al-Idrisi estime que \\\u00a0\u00bble Maroc est un pays qui a sa propre histoire et ses propres protocoles de contr\u00f4le, et les accords avec Isra\u00ebl sont encadr\u00e9s par la loi et sont aussi clairs que les autres\\\u00a0\u00bb, avec d\\&rsquo;autres pays.<\/p>\n<h3><strong>Rabat ne trouvera pas g\u00eanant de mettre fin \u00e0 tous les accords, s\\&rsquo;il devient clair pour elle qu\\&rsquo;il y a une faille dans les termes des accords, ou qu\u2019un pays produit un \u00e9cart \u00ab\u00a0impr\u00e9vu\u00a0\u00bb.<\/strong><\/h3>\n<p>Une telle plateforme pourrait renforcer la coop\u00e9ration r\u00e9gionale, notamment, avec les forces am\u00e9ricaines pr\u00e9sentes en Afrique, d\u2019autres pays africains alli\u00e9s, voire le sud de l\u2019Europe. La base de Ben-Gu\u00e9rir a servi de site en cas d\u2019abandon d\u2019essai de la navette spatiale \u00e0 partir de juillet 1988, et jusqu\u2019en 2002, pour la mission spatiale STS-111. Elle est id\u00e9alement orient\u00e9e vers l\u2019Atlantique, minimisant les risques, en cas de d\u00e9rive vers l\u2019Est d\u2019un engin a\u00e9rien ou spatial (aussi bien un drone), qui pourrait atterrir en pays hostile et tomber aux mains de l\u2019ennemi. De l\u00e0 \u00e0 penser que pourrait s\u2019y greffer un programme satellitaire, l\u2019absence d\u2019information certifi\u00e9e ne peut que laisser ouvertes les hypoth\u00e8ses\u2026<\/p>\n<p>L\\&rsquo;expert marocain a d\u00e9clar\u00e9: \u00ab\u00a0Les puissances r\u00e9gionales ne doivent pas s\\&rsquo;alarmer de ces accords et ils ne visent pas \u00e0 ennuyer les autres parties. Ils n\\&#8217;emp\u00eachent pas le Maroc de continuer \u00e0 r\u00e9aliser ses objectifs d\\&rsquo;armement, car les d\u00e9veloppements sur la sc\u00e8ne internationale exigent que chaque pays choisisse sa propre voie pour prot\u00e9ger ses int\u00e9r\u00eats\u00a0\u00bb.<\/p>\n<p>Les Forces arm\u00e9es royales ont publi\u00e9 un communiqu\u00e9 \u00e0 l\\&rsquo;issue de la r\u00e9union : \u00a0le repr\u00e9sentant du ministre charg\u00e9 de l\\&rsquo;administration de la D\u00e9fense nationale, Abdellatif Lodayi, a re\u00e7u mardi le g\u00e9n\u00e9ral Kochavi, au lendemain de son arriv\u00e9e \u00e0 Rabat, pour la premi\u00e8re visite officielle \u00e0 le Royaume par un haut responsable militaire isra\u00e9lien de ce niveau.<\/p>\n<h3>Le g\u00e9n\u00e9ral Kochavi s\\&rsquo;est entretenu avec le commandant en chef des Forces arm\u00e9es royales, le g\u00e9n\u00e9ral Farouk Belkhair et le directeur du deuxi\u00e8me bureau (direction du renseignement militaire), \u00a0le g\u00e9n\u00e9ral Ibrahim Hosni.<\/h3>\n<p>Selon un communiqu\u00e9 de l\\&rsquo;arm\u00e9e marocaine, lors des pourparlers, \\\u00a0\u00bbdans le contexte consistant \u00e0 jeter les bases de notre industrie de d\u00e9fense, Lodi a confirm\u00e9 notre int\u00e9r\u00eat \u00e0 \u00e9tablir des projets communs dans le domaine des industries de d\u00e9fense au Maroc\\\u00a0\u00bb. Dans le communiqu\u00e9 marocain, les g\u00e9n\u00e9raux Kochavi et Balhair ont exprim\u00e9 leur \\\u00a0\u00bbsatisfaction du niveau atteint par les relations maroco-isra\u00e9liennes. Il s\\&rsquo;est concr\u00e9tis\u00e9 par l\\&rsquo;\u00e9change d\\&rsquo;informations professionnelles et la participation \u00e0 des exercices conjoints, en particulier la r\u00e9cente participation de l\\&rsquo;arm\u00e9e isra\u00e9lienne \u00e0 l\\&rsquo;exercice multinational \u00ab African Lion 2022 \u00bb, organis\u00e9 par le Maroc et Isra\u00ebl.<\/p>\n<p>Selon le communiqu\u00e9, \\\u00a0\u00bbCette visite, qui refl\u00e8te les relations particuli\u00e8res de coop\u00e9ration militaire entre le Maroc et Isra\u00ebl, a permis, d\\&rsquo;autre part, d\\&rsquo;\u00e9voquer les opportunit\u00e9s d\\&rsquo;un meilleur d\u00e9veloppement des axes de coop\u00e9ration\u00a0: ils concernent principalement la formation, le transfert de technologie, ainsi que le partage d\\&rsquo;opinions professionnelles entre les Forces Royales et les chefs de Tsahal.<\/p>\n<p>L\\&rsquo;arm\u00e9e isra\u00e9lienne a, pour sa part, annonc\u00e9 dans un communiqu\u00e9 que son chef d\\&rsquo;\u00e9tat-major, qui s\u2019est rendu dans le royaume \u00e0 la t\u00eate d\\&rsquo;une d\u00e9l\u00e9gation militaire de haut niveau, \\\u00a0\u00bbdiscute des opportunit\u00e9s de coop\u00e9ration militaire, que ce soit dans la formation ou dans le domaine op\u00e9rationnel et de renseignement sur le terrain.\\\u00a0\u00bb<\/p>\n<h3>Selon l\\&rsquo;Agence France-Presse, ce partenariat strat\u00e9gique et militaire b\u00e9n\u00e9ficie de la b\u00e9n\u00e9diction de Washington, mais il suscite l\\&rsquo;inqui\u00e9tude de l\\&rsquo;Alg\u00e9rie.<\/h3>\n<h3><strong>La suite de l\u2019article se trouve dans le prochain num\u00e9ro d\u2019Isra\u00ebl Magazine<\/strong><\/h3>\n<p>D\u00e9couvrez un exemplaire du magazine gratuitement et cliquez ensuite sur le rebord droit<\/p>\n<p><iframe class=\"wp-embedded-content\" sandbox=\"allow-scripts\" security=\"restricted\" title=\"IsraelMagazine252\" width=\"640\" height=\"360\" src=\"https:\/\/online.fliphtml5.com\/rjspi\/ypmm\/#?secret=X8EgRwlcQh\" data-secret=\"X8EgRwlcQh\" scrolling=\"no\" frameborder=\"0\"><\/iframe><\/p>\n<p>Votre magazine est livr\u00e9 chez vous en toute confidentialit\u00e9<\/p>\n<p>S\u2019abonner au magazine par t\u00e9l\u00e9phone ou par whats app 00972 (0) 54 254 45 20 ou au 01 86 98 27 27<\/p>\n<p>Par email\u00a0 Andredarmon21@gmail.com\u00a0 pay pal<\/p>\n<p>Ou directement sur le site<\/p>\n<blockquote class=\"wp-embedded-content\" data-secret=\"K9fGQDdSQ3\"><p><a href=\"https:\/\/israelmagazine.co.il\/sabonner-au-magazine\/\">S&rsquo;ABONNER AU MAGAZINE<\/a><\/p><\/blockquote>\n<p><iframe class=\"wp-embedded-content\" sandbox=\"allow-scripts\" security=\"restricted\" style=\"position: absolute; clip: rect(1px, 1px, 1px, 1px);\" title=\"\u00ab\u00a0S&rsquo;ABONNER AU MAGAZINE\u00a0\u00bb &#8212; Israel Magazine\" src=\"https:\/\/israelmagazine.co.il\/sabonner-au-magazine\/embed\/#?secret=EITiPjc2uZ#?secret=K9fGQDdSQ3\" data-secret=\"K9fGQDdSQ3\" width=\"500\" height=\"282\" frameborder=\"0\" marginwidth=\"0\" marginheight=\"0\" scrolling=\"no\"><\/iframe><\/p>\n<p>Ou encore S\u2019abonner au magazine livr\u00e9 chez vous en toute confidentialit\u00e9. Remplir le formulaire<\/p>\n<p>https:\/\/docs.google.com\/forms\/d\/e\/1FAIpQLSfPYJfb8KjEya-X17w0DGPAuBlCGvqVUdh_Is8EL810Lxw82A\/viewform?entry.1189475001=Recipient_Email<\/p>\n<p>https:\/\/www.ovh.com\/fr\/cgi-bin\/fr\/procedure\/procedureChangeEmail.cgi<\/p>\n<p>&nbsp;<\/p>\n","protected":false},"excerpt":{"rendered":"<p>Pourquoi Isra\u00ebl veut utiliser des bases a\u00e9riennes marocaines\u00a0? Les relations maroco-isra\u00e9liennes se renforcent, notamment sur le plan militaire, \u00e0 un rythme qui soul\u00e8ve des questions br\u00fblantes sur l\\&rsquo;avenir de cette coop\u00e9ration et l\\&rsquo;\u00e9tendue de son influence sur le Royaume du Maroc Selon un site local d\u2019information, lors de ses rencontres dans le Royaume, Aviv Kochavi, &hellip;<\/p>\n<p class=\"read-more\"> <a class=\"\" href=\"https:\/\/israelmagazine.net\/?p=57428\"> <span class=\"screen-reader-text\">Pourquoi Isra\u00ebl veut utiliser des bases a\u00e9riennes marocaines\u00a0?<\/span> Lire la suite \u00bb<\/a><\/p>\n","protected":false},"author":4,"featured_media":57430,"comment_status":"open","ping_status":"open","sticky":false,"template":"","format":"standard","meta":{"site-sidebar-layout":"default","site-content-layout":"default","ast-global-header-display":"","ast-main-header-display":"","ast-hfb-above-header-display":"","ast-hfb-below-header-display":"","ast-hfb-mobile-header-display":"","site-post-title":"","ast-breadcrumbs-content":"","ast-featured-img":"","footer-sml-layout":"","theme-transparent-header-meta":"","adv-header-id-meta":"","stick-header-meta":"","header-above-stick-meta":"","header-main-stick-meta":"","header-below-stick-meta":""},"categories":[84,1612,1613,1616],"tags":[825,2346,289,810,1474,815,1700,383,2901,2569,1636,1638],"sujet":[],"_links":{"self":[{"href":"https:\/\/israelmagazine.net\/index.php?rest_route=\/wp\/v2\/posts\/57428"}],"collection":[{"href":"https:\/\/israelmagazine.net\/index.php?rest_route=\/wp\/v2\/posts"}],"about":[{"href":"https:\/\/israelmagazine.net\/index.php?rest_route=\/wp\/v2\/types\/post"}],"author":[{"embeddable":true,"href":"https:\/\/israelmagazine.net\/index.php?rest_route=\/wp\/v2\/users\/4"}],"replies":[{"embeddable":true,"href":"https:\/\/israelmagazine.net\/index.php?rest_route=%2Fwp%2Fv2%2Fcomments&post=57428"}],"version-history":[{"count":0,"href":"https:\/\/israelmagazine.net\/index.php?rest_route=\/wp\/v2\/posts\/57428\/revisions"}],"wp:featuredmedia":[{"embeddable":true,"href":"https:\/\/israelmagazine.net\/index.php?rest_route=\/"}],"wp:attachment":[{"href":"https:\/\/israelmagazine.net\/index.php?rest_route=%2Fwp%2Fv2%2Fmedia&parent=57428"}],"wp:term":[{"taxonomy":"category","embeddable":true,"href":"https:\/\/israelmagazine.net\/index.php?rest_route=%2Fwp%2Fv2%2Fcategories&post=57428"},{"taxonomy":"post_tag","embeddable":true,"href":"https:\/\/israelmagazine.net\/index.php?rest_route=%2Fwp%2Fv2%2Ftags&post=57428"},{"taxonomy":"sujet","embeddable":true,"href":"https:\/\/israelmagazine.net\/index.php?rest_route=%2Fwp%2Fv2%2Fsujet&post=57428"}],"curies":[{"name":"wp","href":"https:\/\/api.w.org\/{rel}","templated":true}]}}