{"id":57652,"date":"2022-08-29T12:12:48","date_gmt":"2022-08-29T09:12:48","guid":{"rendered":"https:\/\/israelmagazine.net\/?p=57652"},"modified":"2022-08-29T12:12:48","modified_gmt":"2022-08-29T09:12:48","slug":"lod-juguler-la-haine-arabe-en-israel","status":"publish","type":"post","link":"https:\/\/israelmagazine.net\/?p=57652","title":{"rendered":"Lod : Juguler la Haine arabe en Isra\u00ebl"},"content":{"rendered":"<p><img class=\\\"alignnone size-medium wp-image-57654\\\" src=\\\"https:\/\/israelmagazine.co.il\/wp-content\/uploads\/2022\/08\/download-1-31-300x200.jpg\\\" alt=\\\"\\\" width=\\\"300\\\" height=\\\"200\\\" \/><\/p>\n<p style=\\\"font-weight: 400;\\\">Par Bertrand Ramas-Muhlbach pour Isra\u00ebl\u00a0Magazine<\/p>\n<p style=\\\"font-weight: 400;\\\"><strong>Le 10 ao\u00fbt 2022, le Tribunal de district central a d\u00e9cid\u00e9 du maintien en d\u00e9tention de l\u2019Imam Albaz de la ville de Lod, inculp\u00e9 pour incitation \u00e0 la r\u00e9bellion contre la police isra\u00e9lienne. Situ\u00e9e \u00e0 25 km \u00e0 l\u2019est de Tel Aviv (50 kms au nord-ouest de J\u00e9rusalem), Lod est une ville de 80 000 habitants dont 30 % sont d\u2019origine arabe.<\/strong><\/p>\n<p style=\\\"font-weight: 400;\\\">En mai 2021, cette ville avait \u00e9t\u00e9 le th\u00e9\u00e2tre d\u2019affrontements intercommunautaires d\u2019une violence inou\u00efe : une partie de la population arabe s\u2019\u00e9tait alors soulev\u00e9e contre la population juive (sur incitation de l\u2019Imam Albaz). En avril 2022, \u00e0 l\u2019occasion de l\u2019anniversaire de ces \u00e9v\u00e9nements, Albaz a r\u00e9cidiv\u00e9 en multipliant ses pr\u00e9dications haineuses anti-juives dans les mosqu\u00e9es. Il \u00e9tait donc urgent qu\u2019Isra\u00ebl lui rappelle comme \u00e0 toutes les factions arabes du pays, la chance de vivre dans un \u00c9tat d\u00e9mocratique, les libert\u00e9s ne pouvant d\u00e9g\u00e9n\u00e9rer en insurrection, en haine g\u00e9n\u00e9ralis\u00e9e.<\/p>\n<p style=\\\"font-weight: 400;\\\">En mai 2021, Isra\u00ebl avait \u00e9t\u00e9 secou\u00e9 par des \u00e9meutes foment\u00e9es par une partie de la population arabe qui contestait les visites de Juifs dans la mosqu\u00e9e Al Aqsa, mais aussi l\u2019expulsion de familles palestiniennes de Chimon hatasadik et enfin, l\u2019intervention militaire de Tsahal dans la bande de Gaza. Lod (et d\u2019autres villes comprenant des populations juive et arabe) s\u2019\u00e9tait alors transform\u00e9e en foyer de violence, quasi incontr\u00f4lable, avec des sc\u00e8nes de guerre urbaine (aux alentours de la Mosqu\u00e9e Omari, pour ce qu\u2019il en est de Lod). R\u00e9sultat : synagogues et voitures incendi\u00e9es, mais aussi d\u00e9c\u00e8s d\u2019Yigal Yehoshoua (frapp\u00e9 \u00e0 la t\u00eate avec une brique alors qu\\&rsquo;il conduisait sa voiture).<\/p>\n<p style=\\\"font-weight: 400;\\\"><strong>L\u2019Etat d\u2019Isra\u00ebl avait alors l\u00e9gif\u00e9r\u00e9 pour permettre un retour au calme dans les villes mixtes, jud\u00e9o-arabes) avec la Loi intitul\u00e9e \u00ab La loi et l\\&rsquo;ordre \u00bb du 24 mai 2021,<\/strong><\/p>\n<p style=\\\"font-weight: 400;\\\">\u00a0Lors de l\u2019anniversaire marquant ces \u00e9v\u00e9nements, Albaz a repris ses discours de haine \u00e0 l\u2019endroit d\u2019Isra\u00ebl. Se r\u00e9f\u00e9rant aux affrontements survenus sur le Mont du Temple pendant le mois du Ramadan, Albaz d\u00e9clarait en avril 2022 qu\u2019Isra\u00ebl s\u2019immis\u00e7ait dans l\u2019organisation de la mosqu\u00e9e Al Aqsa. Il a alors qualifi\u00e9 les \u00e9meutiers de \u00ab h\u00e9ros \u00bb, de \u00ab braves, fortifi\u00e9s, peuple de la libert\u00e9 \u00bb voire de \u00ab liste d\\&rsquo;honneur des djihadistes, qui a \u00e9cras\u00e9 l\\&rsquo;occupation isra\u00e9lienne dans le sang et l\\&rsquo;a emp\u00each\u00e9e de diviser la mosqu\u00e9e Al Aqsa \u00bb. Il a m\u00eame sugg\u00e9r\u00e9 : \u00ab Nous devrions leur embrasser la t\u00eate et les jambes, sinon Isra\u00ebl aurait vid\u00e9 la mosqu\u00e9e Al Aqsa il y a longtemps \u00bb.<\/p>\n<p><strong>La suite de l\u2019article se trouve dans le prochain num\u00e9ro d\u2019Isra\u00ebl Magazine<\/strong><\/p>\n<p><strong>D\u00e9couvrez un exemplaire du magazine gratuitement et cliquez ensuite sur le rebord droit<\/strong><\/p>\n<p><a href=\\\"https:\/\/online.fliphtml5.com\/rjspi\/ypmm\/#p=1\\\"><strong>https:\/\/online.fliphtml5.com\/rjspi\/ypmm\/#p=1<\/strong><\/a><\/p>\n<p><strong>Votre magazine est livr\u00e9 chez vous en toute confidentialit\u00e9<br \/>\nS\u2019abonner au magazine par t\u00e9l\u00e9phone ou par whats app 00972 (0) 54 254 45 20 ou au 01 86 98 27 27<\/strong><\/p>\n<p><strong>Par email\u00a0\u00a0<\/strong><a href=\\\"mailto:Andredarmon21@gmail.com\\\"><strong>Andredarmon21@gmail.com<\/strong><\/a><strong>\u00a0 pay pal<\/strong><\/p>\n<p><strong>Ou directement sur le site<\/strong><\/p>\n<p><a href=\\\"https:\/\/israelmagazine.co.il\/sabonner-au-magazine\/\\\"><strong>https:\/\/israelmagazine.co.il\/sabonner-au-magazine\/<\/strong><\/a><\/p>\n<p><strong>Ou encore S\u2019abonner au magazine livr\u00e9 chez vous en toute confidentialit\u00e9. Remplir le formulaire<\/strong><\/p>\n<p><a href=\\\"https:\/\/docs.google.com\/forms\/d\/e\/1FAIpQLSfPYJfb8KjEya-X17w0DGPAuBlCGvqVUdh_Is8EL810Lxw82A\/viewform?entry.1189475001=Recipient_Email\\\"><strong>https:\/\/docs.google.com\/forms\/d\/e\/1FAIpQLSfPYJfb8KjEya-X17w0DGPAuBlCGvqVUdh_Is8EL810Lxw82A\/viewform?entry.1189475001=Recipient_Email<\/strong><\/a><\/p>\n","protected":false},"excerpt":{"rendered":"<p>Par Bertrand Ramas-Muhlbach pour Isra\u00ebl\u00a0Magazine Le 10 ao\u00fbt 2022, le Tribunal de district central a d\u00e9cid\u00e9 du maintien en d\u00e9tention de l\u2019Imam Albaz de la ville de Lod, inculp\u00e9 pour incitation \u00e0 la r\u00e9bellion contre la police isra\u00e9lienne. Situ\u00e9e \u00e0 25 km \u00e0 l\u2019est de Tel Aviv (50 kms au nord-ouest de J\u00e9rusalem), Lod est &hellip;<\/p>\n<p class=\"read-more\"> <a class=\"\" href=\"https:\/\/israelmagazine.net\/?p=57652\"> <span class=\"screen-reader-text\">Lod : Juguler la Haine arabe en Isra\u00ebl<\/span> Lire la suite \u00bb<\/a><\/p>\n","protected":false},"author":4,"featured_media":57653,"comment_status":"open","ping_status":"open","sticky":false,"template":"","format":"standard","meta":{"site-sidebar-layout":"default","site-content-layout":"default","ast-global-header-display":"","ast-main-header-display":"","ast-hfb-above-header-display":"","ast-hfb-below-header-display":"","ast-hfb-mobile-header-display":"","site-post-title":"","ast-breadcrumbs-content":"","ast-featured-img":"","footer-sml-layout":"","theme-transparent-header-meta":"","adv-header-id-meta":"","stick-header-meta":"","header-above-stick-meta":"","header-main-stick-meta":"","header-below-stick-meta":""},"categories":[841],"tags":[842],"sujet":[],"_links":{"self":[{"href":"https:\/\/israelmagazine.net\/index.php?rest_route=\/wp\/v2\/posts\/57652"}],"collection":[{"href":"https:\/\/israelmagazine.net\/index.php?rest_route=\/wp\/v2\/posts"}],"about":[{"href":"https:\/\/israelmagazine.net\/index.php?rest_route=\/wp\/v2\/types\/post"}],"author":[{"embeddable":true,"href":"https:\/\/israelmagazine.net\/index.php?rest_route=\/wp\/v2\/users\/4"}],"replies":[{"embeddable":true,"href":"https:\/\/israelmagazine.net\/index.php?rest_route=%2Fwp%2Fv2%2Fcomments&post=57652"}],"version-history":[{"count":0,"href":"https:\/\/israelmagazine.net\/index.php?rest_route=\/wp\/v2\/posts\/57652\/revisions"}],"wp:featuredmedia":[{"embeddable":true,"href":"https:\/\/israelmagazine.net\/index.php?rest_route=\/"}],"wp:attachment":[{"href":"https:\/\/israelmagazine.net\/index.php?rest_route=%2Fwp%2Fv2%2Fmedia&parent=57652"}],"wp:term":[{"taxonomy":"category","embeddable":true,"href":"https:\/\/israelmagazine.net\/index.php?rest_route=%2Fwp%2Fv2%2Fcategories&post=57652"},{"taxonomy":"post_tag","embeddable":true,"href":"https:\/\/israelmagazine.net\/index.php?rest_route=%2Fwp%2Fv2%2Ftags&post=57652"},{"taxonomy":"sujet","embeddable":true,"href":"https:\/\/israelmagazine.net\/index.php?rest_route=%2Fwp%2Fv2%2Fsujet&post=57652"}],"curies":[{"name":"wp","href":"https:\/\/api.w.org\/{rel}","templated":true}]}}