{"id":57664,"date":"2022-08-29T15:57:34","date_gmt":"2022-08-29T12:57:34","guid":{"rendered":"https:\/\/israelmagazine.net\/?p=57664"},"modified":"2022-08-29T15:57:34","modified_gmt":"2022-08-29T12:57:34","slug":"nouvel-assassinat-ultra-violent-a-la-hache-dun-juif-en-france","status":"publish","type":"post","link":"https:\/\/israelmagazine.net\/?p=57664","title":{"rendered":"Nouvel assassinat ultra-violent \u00e0 la h\u00e2che d\\&rsquo;un Juif en France"},"content":{"rendered":"<div class=\\\"twitter-tweet twitter-tweet-rendered\\\"><iframe id=\\\"twitter-widget-1\\\" class=\\\"\\\" title=\\\"Twitter Tweet\\\" src=\\\"https:\/\/platform.twitter.com\/embed\/Tweet.html?dnt=true&amp;embedId=twitter-widget-1&amp;features=eyJ0ZndfdGltZWxpbmVfbGlzdCI6eyJidWNrZXQiOlsibGlua3RyLmVlIiwidHIuZWUiXSwidmVyc2lvbiI6bnVsbH0sInRmd19ob3Jpem9uX3RpbWVsaW5lXzEyMDM0Ijp7ImJ1Y2tldCI6InRyZWF0bWVudCIsInZlcnNpb24iOm51bGx9LCJ0ZndfdHdlZXRfZWRpdF9iYWNrZW5kIjp7ImJ1Y2tldCI6Im9uIiwidmVyc2lvbiI6bnVsbH0sInRmd19yZWZzcmNfc2Vzc2lvbiI6eyJidWNrZXQiOiJvbiIsInZlcnNpb24iOm51bGx9LCJ0ZndfY2hpbl9waWxsc18xNDc0MSI6eyJidWNrZXQiOiJjb2xvcl9pY29ucyIsInZlcnNpb24iOm51bGx9LCJ0ZndfdHdlZXRfcmVzdWx0X21pZ3JhdGlvbl8xMzk3OSI6eyJidWNrZXQiOiJ0d2VldF9yZXN1bHQiLCJ2ZXJzaW9uIjpudWxsfSwidGZ3X3NlbnNpdGl2ZV9tZWRpYV9pbnRlcnN0aXRpYWxfMTM5NjMiOnsiYnVja2V0IjoiaW50ZXJzdGl0aWFsIiwidmVyc2lvbiI6bnVsbH0sInRmd19leHBlcmltZW50c19jb29raWVfZXhwaXJhdGlvbiI6eyJidWNrZXQiOjEyMDk2MDAsInZlcnNpb24iOm51bGx9LCJ0ZndfZHVwbGljYXRlX3NjcmliZXNfdG9fc2V0dGluZ3MiOnsiYnVja2V0Ijoib24iLCJ2ZXJzaW9uIjpudWxsfSwidGZ3X3R3ZWV0X2VkaXRfZnJvbnRlbmQiOnsiYnVja2V0Ijoib2ZmIiwidmVyc2lvbiI6bnVsbH19&amp;frame=false&amp;hideCard=false&amp;hideThread=false&amp;id=1563990254339629057&amp;lang=fr&amp;origin=https%3A%2F%2Ffr.timesofisrael.com%2Fun-homme-juif-assassine-en-seine-et-marne-rapporte-le-bnvca%2F&amp;sessionId=8d8c6aecdff1f83b3c57cea3b61bba304ba8ae8a&amp;siteScreenName=TimesofIsraelFR&amp;theme=light&amp;widgetsVersion=31f0cdc1eaa0f%3A1660602114609&amp;width=550px\\\" frameborder=\\\"0\\\" scrolling=\\\"no\\\" allowfullscreen=\\\"allowfullscreen\\\" data-tweet-id=\\\"1563990254339629057\\\" data-mce-fragment=\\\"1\\\"><\/iframe><\/div>\n<div class=\\\"twitter-tweet twitter-tweet-rendered\\\"><iframe id=\\\"twitter-widget-2\\\" class=\\\"\\\" title=\\\"Twitter Tweet\\\" src=\\\"https:\/\/platform.twitter.com\/embed\/Tweet.html?dnt=true&amp;embedId=twitter-widget-2&amp;features=eyJ0ZndfdGltZWxpbmVfbGlzdCI6eyJidWNrZXQiOlsibGlua3RyLmVlIiwidHIuZWUiXSwidmVyc2lvbiI6bnVsbH0sInRmd19ob3Jpem9uX3RpbWVsaW5lXzEyMDM0Ijp7ImJ1Y2tldCI6InRyZWF0bWVudCIsInZlcnNpb24iOm51bGx9LCJ0ZndfdHdlZXRfZWRpdF9iYWNrZW5kIjp7ImJ1Y2tldCI6Im9uIiwidmVyc2lvbiI6bnVsbH0sInRmd19yZWZzcmNfc2Vzc2lvbiI6eyJidWNrZXQiOiJvbiIsInZlcnNpb24iOm51bGx9LCJ0ZndfY2hpbl9waWxsc18xNDc0MSI6eyJidWNrZXQiOiJjb2xvcl9pY29ucyIsInZlcnNpb24iOm51bGx9LCJ0ZndfdHdlZXRfcmVzdWx0X21pZ3JhdGlvbl8xMzk3OSI6eyJidWNrZXQiOiJ0d2VldF9yZXN1bHQiLCJ2ZXJzaW9uIjpudWxsfSwidGZ3X3NlbnNpdGl2ZV9tZWRpYV9pbnRlcnN0aXRpYWxfMTM5NjMiOnsiYnVja2V0IjoiaW50ZXJzdGl0aWFsIiwidmVyc2lvbiI6bnVsbH0sInRmd19leHBlcmltZW50c19jb29raWVfZXhwaXJhdGlvbiI6eyJidWNrZXQiOjEyMDk2MDAsInZlcnNpb24iOm51bGx9LCJ0ZndfZHVwbGljYXRlX3NjcmliZXNfdG9fc2V0dGluZ3MiOnsiYnVja2V0Ijoib24iLCJ2ZXJzaW9uIjpudWxsfSwidGZ3X3R3ZWV0X2VkaXRfZnJvbnRlbmQiOnsiYnVja2V0Ijoib2ZmIiwidmVyc2lvbiI6bnVsbH19&amp;frame=false&amp;hideCard=false&amp;hideThread=false&amp;id=1564151715120701445&amp;lang=fr&amp;origin=https%3A%2F%2Ffr.timesofisrael.com%2Fun-homme-juif-assassine-en-seine-et-marne-rapporte-le-bnvca%2F&amp;sessionId=8d8c6aecdff1f83b3c57cea3b61bba304ba8ae8a&amp;siteScreenName=TimesofIsraelFR&amp;theme=light&amp;widgetsVersion=31f0cdc1eaa0f%3A1660602114609&amp;width=550px\\\" frameborder=\\\"0\\\" scrolling=\\\"no\\\" allowfullscreen=\\\"allowfullscreen\\\" data-tweet-id=\\\"1564151715120701445\\\" data-mce-fragment=\\\"1\\\"><\/iframe><\/div>\n<p>Par Marc Brzustowski-Communiqu\u00e9 deu BNVCA et de Cha\u00eene de Tehilim<\/p>\n<p>C\\&rsquo;est d\\&rsquo;abord une cha\u00eene de <a href=\\\"https:\/\/www.facebook.com\/chainetehilim\/\\\">Tehelim sur Facebook<\/a> qui donne l\\&rsquo;alerte, d\u00e8s la connaissance des faits commis le 19 ao\u00fbt. Aucune enqu\u00eate de police ne semble diligent\u00e9e, et on craint une quatri\u00e8me fois encore que le Gouvernement Macron ne passe sous silence cette nouvelle affaire d\\&rsquo;assassinat. Le crime est particuli\u00e8rement monstrueux et sign\u00e9 de la main barbare d\\&rsquo;un Musulman de France : Mohammed (Baha) Dridi, qui a massacr\u00e9 \u00e0 coups de hache Eyal Haddad, dont la famille r\u00e9side \u00e0 Beer-Sheva, en Isra\u00ebl, alors que celui-ci se trouvait sous son toit.<\/p>\n<p>Soulignons que l\\&rsquo;acte pr\u00e9m\u00e9dit\u00e9, l\\&rsquo;intentionnalit\u00e9 et la revendication djihadiste sont pr\u00e9sents dans le Post qu\\&rsquo;il a lui-m\u00eame publi\u00e9 le 17 ao\u00fbt, sur Twitter. Il proclame sa haine de la France, et prononce publiquement : \\\u00a0\u00bbIl n\\&rsquo;y a d\\&rsquo;autre Dieu qu\\&rsquo;Allah et Mahomet est le Messager d\\&rsquo;Allah\\\u00a0\u00bb, qui en termes plus concis se disent : \\\u00a0\u00bbAllah W\\&rsquo;Akbar.<\/p>\n<p>Mais l\\&rsquo;assassin aura, pour lui, le fait de s\\&rsquo;\u00eatre pr\u00e9sent\u00e9 aux autorit\u00e9s de lui-m\u00eame et qu\\&rsquo;il pr\u00e9tende que la victime lui aurait d\u00fb 100 \u20ac. Autrement dit, qu\\&rsquo;il l\\&rsquo;a tu\u00e9 sans motif aucun, avant de reconna\u00eetre l\\&rsquo;avoir massacr\u00e9 parce que Juif.<\/p>\n<p>En se refusant \u00e0 prendre les r\u00e9solutions qui conviennent pour expulser les Imams propagateurs de haine, comme Iquioussen, la France recule. Elle laisse se multiplier les cas d\\&rsquo;homicides volontaires contre des Juifs, des enseignants, des dessinateurs, des non-Musulmans. La R\u00e9publique, en refusant de d\u00e9cider quel \u00c9tat r\u00e9galien, elle veut appliquer, fait l\\&rsquo;\u00e9talage de son immense faiblesse et de son impuissance devant les crimes gratuits motiv\u00e9s par une religion. C\\&rsquo;est une guerre psychologique au coup par coup.<\/p>\n<p>Ci-joint le communiqu\u00e9 du BNVCA :<\/p>\n<p>SOURCE<br \/>\n<a href=\\\"https:\/\/www.facebook.com\/chainetehilim\/\\\">https:\/\/www.facebook.com\/chainetehilim\/<\/a><\/p>\n<p>BUREAU NATIONAL VIGILANCE CONTRE L ANTISEMITISME<br \/>\n66 Rue Laugier \u2013 75017<br \/>\n28 ao\u00fbt 2022<br \/>\nLe Pr\u00e9sident<br \/>\nSammy Ghozlan<br \/>\n01 77 38 49 44<br \/>\nCommuniqu\u00e9 de presse<\/p>\n<p>Le BNVCA rompt le silence qui entoure l\u2019assassinat d\u2019un homme de confession juive par un suspect de confession musulmane<\/p>\n<p>Le BNVCA a \u00e9t\u00e9 requis par de tr\u00e8s nombreux correspondants qui voient circuler des informations sur le meurtre d\u2019un homme de confession juive, M. L. H, 34 ans, originaire de Djerba en Tunisie et dont la famille vit \u00e0 Beer Sheva en Isra\u00ebl. L\u2019assassinat aura \u00e9t\u00e9 commis par un suspect de confession musulmane. L\u2019inqui\u00e9tude est aviv\u00e9e par le silence qui entoure cette affaire.<\/p>\n<p>Les faits se sont d\u00e9roul\u00e9s le 20 ao\u00fbt \u00e0 Longperrier, Seine-et-Marne. L\u2019auteur pr\u00e9sum\u00e9 des faits qui t\u00e9moignent d\u2019un terrible acharnement, a lui-m\u00eame pr\u00e9venu la police, a \u00e9t\u00e9 interpell\u00e9 et plac\u00e9 en d\u00e9tention. Selon les informations du BNVCA, le suspect aurait d\u00e9clar\u00e9 lors de son arrestation que la victime, qui cohabitait avec lui, lui devait 100 euros et ne les avait pas rendus. Et dans un deuxi\u00e8me temps il aurait avou\u00e9 qu\u2019il l\u2019avait tu\u00e9 parce qu\u2019il \u00e9tait juif. Selon nos informations, l\u2019assassin a fracass\u00e9 le cr\u00e2ne de sa victime au moyen d\u2019une hache, puis il a br\u00fbl\u00e9 son visage et aurait m\u00eame commenc\u00e9 \u00e0 enterrer le corps. Il s\u2019est constitu\u00e9 lui-m\u00eame \u00e0 la police<\/p>\n<p>Le BNVCA qui s\u2019int\u00e9resse attentivement \u00e0 cette affaire, demande que les faits soient examin\u00e9s en envisageant le caract\u00e8re antis\u00e9mite, et en ne l\u2019\u00e9cartant pas a priori. Nous chargeons notre Conseil de constituer le BNVCA partie civile, afin de v\u00e9rifier si le caract\u00e8re antis\u00e9mite est \u00e0 confirmer. Le BNVCA est habitu\u00e9 \u00e0 voir que les diff\u00e9rends de voisinage se concluent par des violences verbales ou physiques antijuives. Le BNVCA prend l\u2019attache du Pr\u00e9fet de Seine-et-Marne.<\/p>\n<p>&nbsp;<\/p>\n<p><strong>La suite de l\u2019article se trouve dans le prochain num\u00e9ro d\u2019Isra\u00ebl Magazine<\/strong><\/p>\n<p><strong>D\u00e9couvrez un exemplaire du magazine gratuitement et cliquez ensuite sur le rebord droit<\/strong><\/p>\n<p><a href=\\\"https:\/\/online.fliphtml5.com\/rjspi\/ypmm\/#p=1\\\"><strong>https:\/\/online.fliphtml5.com\/rjspi\/ypmm\/#p=1<\/strong><\/a><\/p>\n<p><strong>Votre magazine est livr\u00e9 chez vous en toute confidentialit\u00e9<br \/>\nS\u2019abonner au magazine par t\u00e9l\u00e9phone ou par whats app 00972 (0) 54 254 45 20 ou au 01 86 98 27 27<\/strong><\/p>\n<p><strong>Par email\u00a0\u00a0<\/strong><a href=\\\"mailto:Andredarmon21@gmail.com\\\"><strong>Andredarmon21@gmail.com<\/strong><\/a><strong>\u00a0 pay pal<\/strong><\/p>\n<p><strong>Ou directement sur le site<\/strong><\/p>\n<p><a href=\\\"https:\/\/israelmagazine.co.il\/sabonner-au-magazine\/\\\"><strong>https:\/\/israelmagazine.co.il\/sabonner-au-magazine\/<\/strong><\/a><\/p>\n<p><strong>Ou encore S\u2019abonner au magazine livr\u00e9 chez vous en toute confidentialit\u00e9. Remplir le formulaire<\/strong><\/p>\n<p><a href=\\\"https:\/\/docs.google.com\/forms\/d\/e\/1FAIpQLSfPYJfb8KjEya-X17w0DGPAuBlCGvqVUdh_Is8EL810Lxw82A\/viewform?entry.1189475001=Recipient_Email\\\"><strong>https:\/\/docs.google.com\/forms\/d\/e\/1FAIpQLSfPYJfb8KjEya-X17w0DGPAuBlCGvqVUdh_Is8EL810Lxw82A\/viewform?entry.1189475001=Recipient_Email<\/strong><\/a><\/p>\n","protected":false},"excerpt":{"rendered":"<p>Par Marc Brzustowski-Communiqu\u00e9 deu BNVCA et de Cha\u00eene de Tehilim C\\&rsquo;est d\\&rsquo;abord une cha\u00eene de Tehelim sur Facebook qui donne l\\&rsquo;alerte, d\u00e8s la connaissance des faits commis le 19 ao\u00fbt. Aucune enqu\u00eate de police ne semble diligent\u00e9e, et on craint une quatri\u00e8me fois encore que le Gouvernement Macron ne passe sous silence cette nouvelle affaire &hellip;<\/p>\n<p class=\"read-more\"> <a class=\"\" href=\"https:\/\/israelmagazine.net\/?p=57664\"> <span class=\"screen-reader-text\">Nouvel assassinat ultra-violent \u00e0 la h\u00e2che d\\&rsquo;un Juif en France<\/span> Lire la suite \u00bb<\/a><\/p>\n","protected":false},"author":4,"featured_media":57671,"comment_status":"open","ping_status":"open","sticky":false,"template":"","format":"standard","meta":{"site-sidebar-layout":"default","site-content-layout":"default","ast-global-header-display":"","ast-main-header-display":"","ast-hfb-above-header-display":"","ast-hfb-below-header-display":"","ast-hfb-mobile-header-display":"","site-post-title":"","ast-breadcrumbs-content":"","ast-featured-img":"","footer-sml-layout":"","theme-transparent-header-meta":"","adv-header-id-meta":"","stick-header-meta":"","header-above-stick-meta":"","header-main-stick-meta":"","header-below-stick-meta":""},"categories":[841,1674],"tags":[825],"sujet":[],"_links":{"self":[{"href":"https:\/\/israelmagazine.net\/index.php?rest_route=\/wp\/v2\/posts\/57664"}],"collection":[{"href":"https:\/\/israelmagazine.net\/index.php?rest_route=\/wp\/v2\/posts"}],"about":[{"href":"https:\/\/israelmagazine.net\/index.php?rest_route=\/wp\/v2\/types\/post"}],"author":[{"embeddable":true,"href":"https:\/\/israelmagazine.net\/index.php?rest_route=\/wp\/v2\/users\/4"}],"replies":[{"embeddable":true,"href":"https:\/\/israelmagazine.net\/index.php?rest_route=%2Fwp%2Fv2%2Fcomments&post=57664"}],"version-history":[{"count":0,"href":"https:\/\/israelmagazine.net\/index.php?rest_route=\/wp\/v2\/posts\/57664\/revisions"}],"wp:featuredmedia":[{"embeddable":true,"href":"https:\/\/israelmagazine.net\/index.php?rest_route=\/"}],"wp:attachment":[{"href":"https:\/\/israelmagazine.net\/index.php?rest_route=%2Fwp%2Fv2%2Fmedia&parent=57664"}],"wp:term":[{"taxonomy":"category","embeddable":true,"href":"https:\/\/israelmagazine.net\/index.php?rest_route=%2Fwp%2Fv2%2Fcategories&post=57664"},{"taxonomy":"post_tag","embeddable":true,"href":"https:\/\/israelmagazine.net\/index.php?rest_route=%2Fwp%2Fv2%2Ftags&post=57664"},{"taxonomy":"sujet","embeddable":true,"href":"https:\/\/israelmagazine.net\/index.php?rest_route=%2Fwp%2Fv2%2Fsujet&post=57664"}],"curies":[{"name":"wp","href":"https:\/\/api.w.org\/{rel}","templated":true}]}}