{"id":57724,"date":"2022-09-01T12:22:52","date_gmt":"2022-09-01T09:22:52","guid":{"rendered":"https:\/\/israelmagazine.net\/?p=57724"},"modified":"2022-09-01T12:22:52","modified_gmt":"2022-09-01T09:22:52","slug":"dans-les-coulisses-disrael-richard-darmon","status":"publish","type":"post","link":"https:\/\/israelmagazine.net\/?p=57724","title":{"rendered":"Dans les Coulisses d\u2019Isra\u00ebl, RICHARD DARMON"},"content":{"rendered":"<p style=\\\"font-weight: 400;\\\"><strong>Dans les Coulisses d\u2019Isra\u00ebl<\/strong><\/p>\n<div class=\\\"mceTemp\\\"><\/div>\n<p><img class=\\\"alignnone size-medium wp-image-57727\\\" src=\\\"https:\/\/israelmagazine.co.il\/wp-content\/uploads\/2022\/09\/F190409NRF205-1024x6401-1-300x188.jpg\\\" alt=\\\"\\\" width=\\\"300\\\" height=\\\"188\\\" \/><\/p>\n<p style=\\\"font-weight: 400;\\\"><strong>RICHARD DARMON<\/strong><\/p>\n<p style=\\\"font-weight: 400;\\\"><strong>\u00a0<\/strong><\/p>\n<h3 style=\\\"font-weight: 400;\\\"><strong>Les fid\u00e8les de Netanyahou en t\u00eate de la liste \u00e9lectorale du Likoud \u00a0<\/strong><\/h3>\n<p style=\\\"font-weight: 400;\\\">Les r\u00e9sultats des primaires du premier parti isra\u00e9lien tenues le 13 ao\u00fbt dernier avec pr\u00e8s de 80\u00a0000 votants sont sans \u00e9quivoque\u00a0: mis \u00e0 part Bibi plac\u00e9 automatiquement en t\u00eate de cette liste en tant que pr\u00e9sident du Likoud et chef de l\u2019opposition, les cinq premiers sont des fid\u00e8les inconditionnels de Netanyahou, \u00e0 savoir\u00a0: Yariv Levin, Eli Cohen, Yoav Gallant, le tr\u00e8s sonore et tonitruant Doudi Amsellem, et Amir Ohana. Comme si la difficile cure de 18 mois dans l\u2019opposition de celui qui fut le plus longtemps Premier ministre de l\u2019Etat d\u2019Isra\u00ebl avait eu pour effet de resserrer les rangs du Likoud autour de son \u00ab\u00a0leader historique\u00a0\u00bb en vue des l\u00e9gislatives du 1<sup>er<\/sup>\u00a0novembre prochain.<\/p>\n<p style=\\\"font-weight: 400;\\\">\n<h3 style=\\\"font-weight: 400;\\\"><strong>Lapid tire b\u00e9n\u00e9fice de l\u2019Op\u00e9ration \u00abAurore\u00bb \u00e0 Gaza<\/strong><\/h3>\n<p style=\\\"font-weight: 400;\\\">Pour la 1<sup>i\u00e8re<\/sup>\u00a0fois depuis de longs mois, le chef de gouvernement int\u00e9rimaire, Ya\u00efr Lapid, a combl\u00e9 de quelques points l\u2019\u00e9cart qui le s\u00e9pare de Netanyahou dans les pr\u00e9f\u00e9rences des citoyens isra\u00e9liens concernant le poste de Premier ministre en passant \u00e0 31 % pour 42 % en faveur de Bibi qui reste largement en t\u00eate, et seulement 23 % pour Benny Gantz. Dans ce sondage publi\u00e9 le 8 ao\u00fbt dernier par la cha\u00eene 12 de t\u00e9l\u00e9vision, 68 % des interrog\u00e9s \u2013 y compris 70 % d\u2019\u00e9lecteurs de droite \u2013 ont appr\u00e9ci\u00e9 le r\u00f4le jou\u00e9 par Lapid dans cette Op\u00e9ration de trois jours, men\u00e9e d\u00e9but ao\u00fbt par Tsahal \u00e0 Gaza contre le Djihad islamique. Tr\u00e8s conscient que le v\u00e9ritable duel \u00e9lectoral du 1<sup>er<\/sup>\u00a0novembre opposera frontalement son parti, Yesh Atid, au Likoud de Netanyahou et qu\u2019il lui faut encore booster son image de ferme d\u00e9cideur et de \u00ab\u00a0centriste patriote\u00a0\u00bb, Lapid<\/p>\n<p>&nbsp;<\/p>\n<h3><strong>La suite de l\u2019article se trouve dans le prochain num\u00e9ro d\u2019Isra\u00ebl Magazine<\/strong><\/h3>\n<p><strong>D\u00e9couvrez un exemplaire du magazine gratuitement et cliquez ensuite sur le rebord droit<\/strong><\/p>\n<p><a href=\\\"https:\/\/online.fliphtml5.com\/rjspi\/ypmm\/#p=1\\\"><strong>https:\/\/online.fliphtml5.com\/rjspi\/ypmm\/#p=1<\/strong><\/a><\/p>\n<p><strong>Votre magazine est livr\u00e9 chez vous en toute confidentialit\u00e9<br \/>\nS\u2019abonner au magazine par t\u00e9l\u00e9phone ou par whats app 00972 (0) 54 254 45 20 ou au 01 86 98 27 27<\/strong><\/p>\n<p><strong>Par email\u00a0\u00a0<\/strong><a href=\\\"mailto:Andredarmon21@gmail.com\\\"><strong>Andredarmon21@gmail.com<\/strong><\/a><strong>\u00a0 pay pal<\/strong><\/p>\n<p><strong>Ou directement sur le site<\/strong><\/p>\n<p><a href=\\\"https:\/\/israelmagazine.co.il\/sabonner-au-magazine\/\\\"><strong>https:\/\/israelmagazine.co.il\/sabonner-au-magazine\/<\/strong><\/a><\/p>\n<p><strong>Ou encore S\u2019abonner au magazine livr\u00e9 chez vous en toute confidentialit\u00e9. Remplir le formulaire<\/strong><\/p>\n<p><a href=\\\"https:\/\/docs.google.com\/forms\/d\/e\/1FAIpQLSfPYJfb8KjEya-X17w0DGPAuBlCGvqVUdh_Is8EL810Lxw82A\/viewform?entry.1189475001=Recipient_Email\\\"><strong>https:\/\/docs.google.com\/forms\/d\/e\/1FAIpQLSfPYJfb8KjEya-X17w0DGPAuBlCGvqVUdh_Is8EL810Lxw82A\/viewform?entry.1189475001=Recipient_Email<\/strong><\/a><\/p>\n","protected":false},"excerpt":{"rendered":"<p>Dans les Coulisses d\u2019Isra\u00ebl RICHARD DARMON \u00a0 Les fid\u00e8les de Netanyahou en t\u00eate de la liste \u00e9lectorale du Likoud \u00a0 Les r\u00e9sultats des primaires du premier parti isra\u00e9lien tenues le 13 ao\u00fbt dernier avec pr\u00e8s de 80\u00a0000 votants sont sans \u00e9quivoque\u00a0: mis \u00e0 part Bibi plac\u00e9 automatiquement en t\u00eate de cette liste en tant que &hellip;<\/p>\n<p class=\"read-more\"> <a class=\"\" href=\"https:\/\/israelmagazine.net\/?p=57724\"> <span class=\"screen-reader-text\">Dans les Coulisses d\u2019Isra\u00ebl, RICHARD DARMON<\/span> Lire la suite \u00bb<\/a><\/p>\n","protected":false},"author":4,"featured_media":57725,"comment_status":"open","ping_status":"open","sticky":false,"template":"","format":"standard","meta":{"site-sidebar-layout":"default","site-content-layout":"default","ast-global-header-display":"","ast-main-header-display":"","ast-hfb-above-header-display":"","ast-hfb-below-header-display":"","ast-hfb-mobile-header-display":"","site-post-title":"","ast-breadcrumbs-content":"","ast-featured-img":"","footer-sml-layout":"","theme-transparent-header-meta":"","adv-header-id-meta":"","stick-header-meta":"","header-above-stick-meta":"","header-main-stick-meta":"","header-below-stick-meta":""},"categories":[84,1621,1191],"tags":[386,1739,845],"sujet":[],"_links":{"self":[{"href":"https:\/\/israelmagazine.net\/index.php?rest_route=\/wp\/v2\/posts\/57724"}],"collection":[{"href":"https:\/\/israelmagazine.net\/index.php?rest_route=\/wp\/v2\/posts"}],"about":[{"href":"https:\/\/israelmagazine.net\/index.php?rest_route=\/wp\/v2\/types\/post"}],"author":[{"embeddable":true,"href":"https:\/\/israelmagazine.net\/index.php?rest_route=\/wp\/v2\/users\/4"}],"replies":[{"embeddable":true,"href":"https:\/\/israelmagazine.net\/index.php?rest_route=%2Fwp%2Fv2%2Fcomments&post=57724"}],"version-history":[{"count":0,"href":"https:\/\/israelmagazine.net\/index.php?rest_route=\/wp\/v2\/posts\/57724\/revisions"}],"wp:featuredmedia":[{"embeddable":true,"href":"https:\/\/israelmagazine.net\/index.php?rest_route=\/"}],"wp:attachment":[{"href":"https:\/\/israelmagazine.net\/index.php?rest_route=%2Fwp%2Fv2%2Fmedia&parent=57724"}],"wp:term":[{"taxonomy":"category","embeddable":true,"href":"https:\/\/israelmagazine.net\/index.php?rest_route=%2Fwp%2Fv2%2Fcategories&post=57724"},{"taxonomy":"post_tag","embeddable":true,"href":"https:\/\/israelmagazine.net\/index.php?rest_route=%2Fwp%2Fv2%2Ftags&post=57724"},{"taxonomy":"sujet","embeddable":true,"href":"https:\/\/israelmagazine.net\/index.php?rest_route=%2Fwp%2Fv2%2Fsujet&post=57724"}],"curies":[{"name":"wp","href":"https:\/\/api.w.org\/{rel}","templated":true}]}}