{"id":57908,"date":"2022-09-09T12:34:51","date_gmt":"2022-09-09T09:34:51","guid":{"rendered":"https:\/\/israelmagazine.net\/?p=57908"},"modified":"2022-09-09T12:34:51","modified_gmt":"2022-09-09T09:34:51","slug":"lorphelin-dun-attentat-sauve-un-bus-de-soldats","status":"publish","type":"post","link":"https:\/\/israelmagazine.net\/?p=57908","title":{"rendered":"Orphelin apr\u00e8s un attentat il y a 19 ans , il sauve hier un bus de soldats"},"content":{"rendered":"<h2><strong>Le fils d\\&rsquo;une victime du terrorisme sauve des soldats lors d\\&rsquo;une fusillade<\/strong><\/h2>\n<p>Par Marc Brzustowski<\/p>\n<p><strong><img class=\\\"alignnone size-medium wp-image-57910\\\" src=\\\"https:\/\/israelmagazine.co.il\/wp-content\/uploads\/2022\/09\/Mon-projet-10-300x157.jpg\\\" alt=\\\"\\\" width=\\\"300\\\" height=\\\"157\\\" \/>\u00a0<\/strong><\/p>\n<p><strong>Cela s\u2019est pass\u00e9 dans la vall\u00e9e du Jourdain<\/strong><\/p>\n<p><strong> <img class=\\\"alignnone size-medium wp-image-57911\\\" src=\\\"https:\/\/israelmagazine.co.il\/wp-content\/uploads\/2022\/09\/Mon-projet-11-300x300.jpg\\\" alt=\\\"\\\" width=\\\"300\\\" height=\\\"300\\\" \/><\/strong><\/p>\n<p><strong>Efraim Miller s\\&rsquo;est pr\u00e9cipit\u00e9 pour lib\u00e9rer les troupes qui \u00e9taient pi\u00e9g\u00e9es dans un bus cribl\u00e9 de balles. Cela s\u2019est pass\u00e9 lors d\\&rsquo;une attaque au d\u00e9but de cette semaine ; il s\u2019est lanc\u00e9 dans la chasse aux assaillants avant de se laisser submerger par l\u2019\u00e9motion<\/strong><\/p>\n<p>&nbsp;<\/p>\n<p>Efraim Miller a \u00e9t\u00e9 parmi les premiers \u00e0 ouvrir les portes d\\&rsquo;un bus qu\u2019attaquaient des hommes arm\u00e9s palestiniens dans la vall\u00e9e du Jourdain, en d\u00e9but de cette semaine. Il a ainsi permis aux soldats pi\u00e9g\u00e9s \u00e0 l\\&rsquo;int\u00e9rieur de sortir du v\u00e9hicule en toute s\u00e9curit\u00e9.<\/p>\n<h2>R\u00e9cit sur le vif d\\&rsquo;une course contre la mort<\/h2>\n<p>\\\u00a0\u00bbJ\\&rsquo;ai compris que quelque chose se passait, qu\\&rsquo;il s\\&rsquo;agissait d\\&rsquo;une attaque terroriste\\\u00a0\u00bb, d\u00e9clare Miller, 33 ans. Il a lui-m\u00eame perdu son p\u00e8re dans une attaque terroriste. Il r\u00e9side maintenant dans l\u2019implantation de Mahane Gadi, dans la vall\u00e9e du Jourdain.<\/p>\n<p>\\\u00a0\u00bbDe loin, la camionnette utilis\u00e9e par les terroristes d\u00e9gageait de la fum\u00e9e.\\\u00a0\u00bb Miller s\\&rsquo;est alors retourn\u00e9, a sorti son arme et a commenc\u00e9 \u00e0 scanner la sc\u00e8ne.<\/p>\n<h2>D\u00e9rive du bus sans pilote<\/h2>\n<p>\\\u00a0\u00bbJ\\&rsquo;ai entendu crier depuis l\\&rsquo;int\u00e9rieur du bus, \u00ab attaque terroriste, attaque terroriste \u00bb, raconte-t-il. \\\u00a0\u00bbJ\\&rsquo;ai vu que le bus \u00e9tait cribl\u00e9 de balles. Il n\\&rsquo;y avait pas de chauffeur. Le bus roulait lentement vers le bord de la route.\\\u00a0\u00bb Efra\u00efm raconte avoir entendu des cris de soldats \u00e0 l\\&rsquo;int\u00e9rieur, appelant quelqu\\&rsquo;un \u00e0 arr\u00eater le bus.<\/p>\n<p>\\\u00a0\u00bbIl y avait une forte odeur et j\\&rsquo;avais peur que le bus n\u2019explose \u00e0 tout moment, avec tous les soldats \u00e0 l\\&rsquo;int\u00e9rieur. Il m\\&rsquo;a fallu essayer d\\&rsquo;entrer par la fen\u00eatre du conducteur pour ouvrir les portes, mais je n\\&rsquo;y suis pas parvenu\\\u00a0\u00bb, a d\u00e9clar\u00e9 Miller. \\\u00a0\u00bbJ\\&rsquo;ai fait le tour du bus et l\\&rsquo;ai ouvert par les poign\u00e9es d\\&rsquo;urgence. J\\&rsquo;ai scann\u00e9 le bus pour m\\&rsquo;assurer que personne ne restait \u00e0 l\\&rsquo;int\u00e9rieur. Puis, j\\&rsquo;ai transmis un rapport organis\u00e9 aux responsables sur les lieux\\\u00a0\u00bb, dit-il.<\/p>\n<h2>Marqu\u00e9 par l\\&rsquo;ex\u00e9cution de son p\u00e8re<\/h2>\n<p>Avec un voisin de sa communaut\u00e9, Miller a commenc\u00e9 \u00e0 se joindre \u00e0 la poursuite de la voiture des terroristes. Miller a perdu son p\u00e8re, Shlomo, il y a 19 ans lors d\\&rsquo;un attentat terroriste dans l\\&rsquo;implantation d\\&rsquo;Itamar en Jud\u00e9e-Samarie. Il avait 14 ans \u00e0 l\\&rsquo;\u00e9poque. Son p\u00e8re \u00e9tait alors le chef de la s\u00e9curit\u00e9 d\\&rsquo;Itamar et s\\&rsquo;est pr\u00e9cipit\u00e9 pour aider les gardes de l\u2019implantation \u00e0 la porte. Il a \u00e9t\u00e9 abattu par le terroriste, qui \u00e9tait <strong><em>un agent de s\u00e9curit\u00e9 de l\\&rsquo;Autorit\u00e9 palestinienne. <\/em><\/strong>\\\u00a0\u00bbNous \u00e9tions dans la salle des op\u00e9rations et j\\&rsquo;ai entendu parler de l\\&rsquo;attaque \u00e0 la radio\\\u00a0\u00bb, raconte-t-il. \\\u00a0\u00bbJ\\&rsquo;ai demand\u00e9 au responsable, et il m\\&rsquo;a dit que le chef de la s\u00e9curit\u00e9 de l\u2019implantation avait \u00e9t\u00e9 touch\u00e9. J\\&rsquo;ai imm\u00e9diatement compris : \\&rsquo;c\\&rsquo;est mon p\u00e8re\\\u00a0\u00bb, raconte Miller. Il dit que la seule chose qui lui a travers\u00e9 l\u2019esprit, lors de l\\&rsquo;attaque de dimanche, \u00e9tait de sauver les victimes. Mais, dit-il, il a ensuite \u00e9t\u00e9 submerg\u00e9 par les \u00e9motions. \\\u00a0\u00bbQuand la mont\u00e9e d\\&rsquo;adr\u00e9naline est pass\u00e9e, tout a refait surface et j\\&rsquo;ai pens\u00e9 \u00e0 l\\&rsquo;attaque terroriste avec papa. Les larmes ont commenc\u00e9 \u00e0 couler et j\\&rsquo;ai pens\u00e9 \u00e0 ma femme et \u00e0 mes enfants, et que je ne pouvais pas les laisser seuls. Ce furent des moments difficiles\\\u00a0\u00bb, dit-il.<\/p>\n<h2>La fin d\\&rsquo;une \u00e8re paisible ?<\/h2>\n<p>Pendant des ann\u00e9es, la vall\u00e9e du Jourdain est rest\u00e9e calme avec, comme seules discussions, les sujets de l\\&rsquo;agriculture, le soleil et les vues pastorales, parmi ses r\u00e9sidents juifs &#8211; m\u00eame si la vall\u00e9e se trouve au-del\u00e0 de la Ligne verte. Mais depuis l\\&rsquo;attentat de dimanche, le sentiment de s\u00e9curit\u00e9 des habitants est \u00e9branl\u00e9.<\/p>\n<p>\\\u00a0\u00bbJusqu\\&rsquo;\u00e0 aujourd\\&rsquo;hui, nous nous sentions en s\u00e9curit\u00e9 dans la vall\u00e9e, et maintenant, nous comprenons que c\\&rsquo;\u00e9tait une illusion\\\u00a0\u00bb, explique Yoel Tubiana, un habitant du quartier. \\\u00a0\u00bbLes assaillants ont profit\u00e9 du calme ici et du fait qu\\&rsquo;il n\\&rsquo;y avait plus de points de contr\u00f4le militaires\\\u00a0\u00bb, dit-il. \\\u00a0\u00bbMalheureusement, personne n\u2019a pens\u00e9 \u00e0 reboucher les ouvertures de la cl\u00f4ture de s\u00e9paration, utilis\u00e9es par les travailleurs palestiniens pour entrer ill\u00e9galement dans la zone, et c\\&rsquo;est dommage\\\u00a0\u00bb, dit-il.<\/p>\n<p>M\u00eame le lendemain de l\\&rsquo;attaque terroriste, on pouvait voir des ouvriers agricoles palestiniens travailler sur des terres appartenant \u00e0 des Isra\u00e9liens dans la vall\u00e9e du Jourdain. Ceux qui vivent dans la ville voisine de Tamun ont d\u00fb emprunter un chemin plus long pour rentrer chez eux. Depuis l\\&rsquo;attaque, Tsahal a bloqu\u00e9 certaines routes. \\\u00a0\u00bbSi quelqu\\&rsquo;un commet une attaque terroriste, pourquoi dois-je en souffrir ? Nous sommes des agriculteurs, nous utilisons cette route pour travailler pour les Isra\u00e9liens. Pourquoi nous fermer la route ? S\\&rsquo;il y a un terroriste qui cr\u00e9e des probl\u00e8mes, qu\\&rsquo;ils l\\&rsquo;attrapent et d\u00e8s qu\\&rsquo;il est en prison, pourquoi fermer la route ? \u00c7a nous fait du tort \u00bb, dit l\\&rsquo;ouvrier agricole.<\/p>\n<p>&nbsp;<\/p>\n<p><strong>La suite de l\u2019article se trouve dans le prochain num\u00e9ro d\u2019Isra\u00ebl Magazine<\/strong><\/p>\n<p><strong>D\u00e9couvrez un exemplaire du magazine gratuitement et cliquez ensuite sur le rebord droit<\/strong><\/p>\n<p><a href=\\\"https:\/\/online.fliphtml5.com\/rjspi\/ypmm\/#p=1\\\"><strong>https:\/\/online.fliphtml5.com\/rjspi\/ypmm\/#p=1<\/strong><\/a><\/p>\n<p><strong>Votre magazine est livr\u00e9 chez vous en toute confidentialit\u00e9<br \/>\nS\u2019abonner au magazine par t\u00e9l\u00e9phone ou par whats app 00972 (0) 54 254 45 20 ou au 01 86 98 27 27<\/strong><\/p>\n<p><strong>Par email\u00a0\u00a0<\/strong><a href=\\\"mailto:Andredarmon21@gmail.com\\\"><strong>Andredarmon78@gmail.com<\/strong><\/a><strong>\u00a0 pay pal<\/strong><\/p>\n<p><strong>Ou directement sur le site<\/strong><\/p>\n<p><a href=\\\"https:\/\/israelmagazine.co.il\/sabonner-au-magazine\/\\\"><strong>https:\/\/israelmagazine.co.il\/sabonner-au-magazine\/<\/strong><\/a><\/p>\n<p><strong>Ou encore S\u2019abonner au magazine livr\u00e9 chez vous en toute confidentialit\u00e9. Remplir le formulaire<\/strong><\/p>\n<p><a href=\\\"https:\/\/docs.google.com\/forms\/d\/e\/1FAIpQLSfPYJfb8KjEya-X17w0DGPAuBlCGvqVUdh_Is8EL810Lxw82A\/viewform?entry.1189475001=Recipient_Email\\\"><strong>https:\/\/docs.google.com\/forms\/d\/e\/1FAIpQLSfPYJfb8KjEya-X17w0DGPAuBlCGvqVUdh_Is8EL810Lxw82A\/viewform?entry.1189475001=Recipient_Email<\/strong><\/a><\/p>\n","protected":false},"excerpt":{"rendered":"<p>Le fils d\\&rsquo;une victime du terrorisme sauve des soldats lors d\\&rsquo;une fusillade Par Marc Brzustowski \u00a0 Cela s\u2019est pass\u00e9 dans la vall\u00e9e du Jourdain Efraim Miller s\\&rsquo;est pr\u00e9cipit\u00e9 pour lib\u00e9rer les troupes qui \u00e9taient pi\u00e9g\u00e9es dans un bus cribl\u00e9 de balles. Cela s\u2019est pass\u00e9 lors d\\&rsquo;une attaque au d\u00e9but de cette semaine ; il s\u2019est &hellip;<\/p>\n<p class=\"read-more\"> <a class=\"\" href=\"https:\/\/israelmagazine.net\/?p=57908\"> <span class=\"screen-reader-text\">Orphelin apr\u00e8s un attentat il y a 19 ans , il sauve hier un bus de soldats<\/span> Lire la suite \u00bb<\/a><\/p>\n","protected":false},"author":4,"featured_media":57909,"comment_status":"open","ping_status":"open","sticky":false,"template":"","format":"standard","meta":{"site-sidebar-layout":"default","site-content-layout":"default","ast-global-header-display":"","ast-main-header-display":"","ast-hfb-above-header-display":"","ast-hfb-below-header-display":"","ast-hfb-mobile-header-display":"","site-post-title":"","ast-breadcrumbs-content":"","ast-featured-img":"","footer-sml-layout":"","theme-transparent-header-meta":"","adv-header-id-meta":"","stick-header-meta":"","header-above-stick-meta":"","header-main-stick-meta":"","header-below-stick-meta":""},"categories":[1387,1612,1616,1624],"tags":[2013,3161,877,1987],"sujet":[],"_links":{"self":[{"href":"https:\/\/israelmagazine.net\/index.php?rest_route=\/wp\/v2\/posts\/57908"}],"collection":[{"href":"https:\/\/israelmagazine.net\/index.php?rest_route=\/wp\/v2\/posts"}],"about":[{"href":"https:\/\/israelmagazine.net\/index.php?rest_route=\/wp\/v2\/types\/post"}],"author":[{"embeddable":true,"href":"https:\/\/israelmagazine.net\/index.php?rest_route=\/wp\/v2\/users\/4"}],"replies":[{"embeddable":true,"href":"https:\/\/israelmagazine.net\/index.php?rest_route=%2Fwp%2Fv2%2Fcomments&post=57908"}],"version-history":[{"count":0,"href":"https:\/\/israelmagazine.net\/index.php?rest_route=\/wp\/v2\/posts\/57908\/revisions"}],"wp:featuredmedia":[{"embeddable":true,"href":"https:\/\/israelmagazine.net\/index.php?rest_route=\/"}],"wp:attachment":[{"href":"https:\/\/israelmagazine.net\/index.php?rest_route=%2Fwp%2Fv2%2Fmedia&parent=57908"}],"wp:term":[{"taxonomy":"category","embeddable":true,"href":"https:\/\/israelmagazine.net\/index.php?rest_route=%2Fwp%2Fv2%2Fcategories&post=57908"},{"taxonomy":"post_tag","embeddable":true,"href":"https:\/\/israelmagazine.net\/index.php?rest_route=%2Fwp%2Fv2%2Ftags&post=57908"},{"taxonomy":"sujet","embeddable":true,"href":"https:\/\/israelmagazine.net\/index.php?rest_route=%2Fwp%2Fv2%2Fsujet&post=57908"}],"curies":[{"name":"wp","href":"https:\/\/api.w.org\/{rel}","templated":true}]}}