{"id":57988,"date":"2022-09-14T08:46:52","date_gmt":"2022-09-14T05:46:52","guid":{"rendered":"https:\/\/israelmagazine.net\/?p=57988"},"modified":"2022-09-14T08:46:52","modified_gmt":"2022-09-14T05:46:52","slug":"lallemagne-achete-le-systeme-arrow-3-a-israel-pour-des-milliards","status":"publish","type":"post","link":"https:\/\/israelmagazine.net\/?p=57988","title":{"rendered":"L\\&rsquo;Allemagne ach\u00e8te le syst\u00e8me Arrow 3 \u00e0 Isra\u00ebl pour des milliards"},"content":{"rendered":"<p>Par Yehuda Bethl\u00e9em<\/p>\n<p><img class=\\\"alignnone size-medium wp-image-57990\\\" src=\\\"https:\/\/israelmagazine.co.il\/wp-content\/uploads\/2022\/09\/Mon-projet-29-300x300.jpg\\\" alt=\\\"\\\" width=\\\"300\\\" height=\\\"300\\\" \/><\/p>\n<p>&nbsp;<\/p>\n<p>Selon un rapport de Bloomberg, le gouvernement allemand a d\u00e9cid\u00e9 : Il ach\u00e8tera le syst\u00e8me de d\u00e9fense antimissile IAI \u00e0 un prix de d\u00e9part d\\&rsquo;environ 2 milliards d\\&rsquo;euros \u2022 Ceci dans le contexte de la visite du Premier ministre Yair Lapid \u00e0 Berlin et de sa rencontre avec le chancelier allemande Olaf Scholz<\/p>\n<h2>Un changement de politique allemande de d\u00e9fense \u00e0 180\u00b0<\/h2>\n<p>Le gouvernement allemand a pris la d\u00e9cision d\\&rsquo;acheter le syst\u00e8me de d\u00e9fense antimissile Arrow 3 (Hetz, la Fl\u00e8che), fruit de la coop\u00e9ration isra\u00e9lo-am\u00e9ricaine. C\\&rsquo;est ce que rapporte aujourd\\&rsquo;hui (lundi 13 septembre) l\\&rsquo;agence de presse Bloomberg, dans le contexte de la visite du Premier ministre isra\u00e9lien Yair Lapid \u00e0 Berlin et de sa rencontre avec le chancelier allemand Olaf Scholz cet apr\u00e8s-midi. Selon les rapports, le gouvernement allemand s\\&rsquo;est prononc\u00e9 en faveur du syst\u00e8me isra\u00e9lien et contre le syst\u00e8me am\u00e9ricain THAAD, consid\u00e9r\u00e9 comme son concurrent et fabriqu\u00e9 par la soci\u00e9t\u00e9 Lockheed-Martin. La transaction pourrait repr\u00e9senter un prix initial d\\&rsquo;environ 2 milliards d\\&rsquo;euros, selon les rapports pr\u00e9c\u00e9dents.<\/p>\n<p>La demande faite \u00e0 Isra\u00ebl et aux \u00c9tats-Unis d\\&rsquo;obtenir l\\&rsquo;approbation et de devenir le premier client au monde du syst\u00e8me d\\&rsquo;interception de missiles balistiques fait partie d\\&rsquo;un changement global de la politique \u00e9trang\u00e8re et de s\u00e9curit\u00e9 de l\\&rsquo;Allemagne, annonc\u00e9 par Scholz dans les jours qui ont suivi l\\&rsquo;invasion russe de l\\&rsquo;Ukraine dans un communiqu\u00e9 fondateur. Depuis lors, des d\u00e9l\u00e9gations allemandes, y compris au nom du Comit\u00e9 allemand des affaires \u00e9trang\u00e8res et de la s\u00e9curit\u00e9, ainsi que de l\\&rsquo;arm\u00e9e et de l\\&rsquo;arm\u00e9e de l\\&rsquo;air allemande, se sont rendues en Isra\u00ebl ces derniers mois pour discuter de l\\&rsquo;acquisition du syst\u00e8me, selon des informations.<\/p>\n<p>Isra\u00ebl et l\\&rsquo;Allemagne m\u00e8nent d\u00e9j\u00e0 une coop\u00e9ration fructueuse en mati\u00e8re de s\u00e9curit\u00e9, y compris dans le domaine des drones : les industries a\u00e9rospatiales isra\u00e9liennes et l\\&rsquo;arm\u00e9e de l\\&rsquo;air isra\u00e9lienne louent environ sept drones de type Heron-TP \u00e0 l\\&rsquo;arm\u00e9e allemande, dans le cadre d\\&rsquo;un accord d\\&rsquo;une valeur d\\&rsquo;environ un milliard d\\&rsquo;euros. R\u00e9cemment, l\\&rsquo;Allemagne a \u00e9galement d\u00e9cid\u00e9 d\\&rsquo;armer les drones de missiles isra\u00e9liens, apr\u00e8s des ann\u00e9es de discussions concernant l\\&rsquo;\u00e9thique de la d\u00e9marche.<\/p>\n<h2>Arrow 3 co\u00fbtera environ deux milliards d\\&rsquo;euros \u00e0 l\\&rsquo;Allemagne<\/h2>\n<p>Selon le rapport Bloomberg d\\&rsquo;aujourd\\&rsquo;hui, l\\&rsquo;Allemagne a d\u00e9j\u00e0 \\\u00a0\u00bbpris une d\u00e9cision pr\u00e9liminaire de rejeter le syst\u00e8me THAAD fabriqu\u00e9 par Lockheed-Martin\\\u00a0\u00bb et \\\u00a0\u00bbd\\&rsquo;acheter le syst\u00e8me Arrow 3\\\u00a0\u00bb. Le chancelier Scholtz a d\u00e9clar\u00e9 aujourd\\&rsquo;hui lors d\\&rsquo;une conf\u00e9rence de presse que \\\u00a0\u00bbnous sommes tr\u00e8s d\u00e9sireux de travailler avec Isra\u00ebl dans ce domaine (de s\u00e9curit\u00e9), y compris dans le domaine de la d\u00e9fense a\u00e9rienne o\u00f9 Isra\u00ebl dispose d\\&rsquo;un produit tr\u00e8s efficace\\\u00a0\u00bb. Lapid a d\u00e9clar\u00e9 qu\\&rsquo;il ne pouvait pas confirmer l\\&rsquo;existence de l\\&rsquo;accord, mais qu\\&rsquo;Isra\u00ebl \u00e9tait \\\u00a0\u00bbtotalement attach\u00e9\\\u00a0\u00bb \u00e0 la s\u00e9curit\u00e9 de l\\&rsquo;Europe et de l\\&rsquo;Allemagne.<\/p>\n<h2>Coop\u00e9ration r\u00e9gionale<\/h2>\n<p>De pr\u00e9c\u00e9dentes publications en Allemagne, dans le journal Bild, affirmaient que l\\&rsquo;achat du syst\u00e8me co\u00fbterait au moins deux milliards d\\&rsquo;euros, et pourrait grimper jusqu\\&rsquo;\u00e0 plusieurs milliards de plus. Les responsables allemands ont estim\u00e9 qu\\&rsquo;il pourrait \u00eatre op\u00e9rationnel d\\&rsquo;ici 2025. Les responsables ont estim\u00e9 que le puissant radar du syst\u00e8me, \\\u00a0\u00bbGreen Pine\\\u00a0\u00bb, sera d\u00e9ploy\u00e9 dans trois centres en Allemagne, et que leurs informations seront transmises par les airs, \u00e0 partir de la base des forces allemandes \u00e0 Odem, dans l\\&rsquo;ouest du pays. Les lanceurs de missiles intercepteurs seront plac\u00e9s dans des endroits diff\u00e9rents en Allemagne, et \u00e9ventuellement <em><strong>dans d\\&rsquo;autres pays \u00e9galement <\/strong><\/em>(dont deux sites AEGIS Ashore en Roumanie et Pologne).<\/p>\n<p>&nbsp;<\/p>\n<p>Les responsables de la s\u00e9curit\u00e9 qui se sont entretenus avec le journal ont d\u00e9clar\u00e9 que le radar est si puissant qu\\&rsquo;il pourra \u00e9galement d\u00e9tecter les lancements vers la Roumanie, la Pologne et les \u00c9tats baltes. Ces pays pourront acheter des intercepteurs de mani\u00e8re ind\u00e9pendante, et l\\&rsquo;Allemagne leur fournira les images radar. \\\u00a0\u00bbNous pouvons \\\u00a0\u00bb\u00e9tendre\\\u00a0\u00bb l\\&rsquo;utilisation aux pays voisins\\\u00a0\u00bb, a d\u00e9clar\u00e9 un l\u00e9gislateur allemand dans le pass\u00e9, \\\u00a0\u00bbet ce faisant, l\\&rsquo;Allemagne jouera un r\u00f4le central dans la s\u00e9curit\u00e9 europ\u00e9enne\\\u00a0\u00bb.<\/p>\n","protected":false},"excerpt":{"rendered":"<p>Par Yehuda Bethl\u00e9em &nbsp; Selon un rapport de Bloomberg, le gouvernement allemand a d\u00e9cid\u00e9 : Il ach\u00e8tera le syst\u00e8me de d\u00e9fense antimissile IAI \u00e0 un prix de d\u00e9part d\\&rsquo;environ 2 milliards d\\&rsquo;euros \u2022 Ceci dans le contexte de la visite du Premier ministre Yair Lapid \u00e0 Berlin et de sa rencontre avec le chancelier allemande &hellip;<\/p>\n<p class=\"read-more\"> <a class=\"\" href=\"https:\/\/israelmagazine.net\/?p=57988\"> <span class=\"screen-reader-text\">L\\&rsquo;Allemagne ach\u00e8te le syst\u00e8me Arrow 3 \u00e0 Isra\u00ebl pour des milliards<\/span> Lire la suite \u00bb<\/a><\/p>\n","protected":false},"author":4,"featured_media":57989,"comment_status":"open","ping_status":"open","sticky":false,"template":"","format":"standard","meta":{"site-sidebar-layout":"default","site-content-layout":"default","ast-global-header-display":"","ast-main-header-display":"","ast-hfb-above-header-display":"","ast-hfb-below-header-display":"","ast-hfb-mobile-header-display":"","site-post-title":"","ast-breadcrumbs-content":"","ast-featured-img":"","footer-sml-layout":"","theme-transparent-header-meta":"","adv-header-id-meta":"","stick-header-meta":"","header-above-stick-meta":"","header-main-stick-meta":"","header-below-stick-meta":""},"categories":[1621,1612,3146,1616],"tags":[3149,1240,742],"sujet":[],"_links":{"self":[{"href":"https:\/\/israelmagazine.net\/index.php?rest_route=\/wp\/v2\/posts\/57988"}],"collection":[{"href":"https:\/\/israelmagazine.net\/index.php?rest_route=\/wp\/v2\/posts"}],"about":[{"href":"https:\/\/israelmagazine.net\/index.php?rest_route=\/wp\/v2\/types\/post"}],"author":[{"embeddable":true,"href":"https:\/\/israelmagazine.net\/index.php?rest_route=\/wp\/v2\/users\/4"}],"replies":[{"embeddable":true,"href":"https:\/\/israelmagazine.net\/index.php?rest_route=%2Fwp%2Fv2%2Fcomments&post=57988"}],"version-history":[{"count":0,"href":"https:\/\/israelmagazine.net\/index.php?rest_route=\/wp\/v2\/posts\/57988\/revisions"}],"wp:featuredmedia":[{"embeddable":true,"href":"https:\/\/israelmagazine.net\/index.php?rest_route=\/"}],"wp:attachment":[{"href":"https:\/\/israelmagazine.net\/index.php?rest_route=%2Fwp%2Fv2%2Fmedia&parent=57988"}],"wp:term":[{"taxonomy":"category","embeddable":true,"href":"https:\/\/israelmagazine.net\/index.php?rest_route=%2Fwp%2Fv2%2Fcategories&post=57988"},{"taxonomy":"post_tag","embeddable":true,"href":"https:\/\/israelmagazine.net\/index.php?rest_route=%2Fwp%2Fv2%2Ftags&post=57988"},{"taxonomy":"sujet","embeddable":true,"href":"https:\/\/israelmagazine.net\/index.php?rest_route=%2Fwp%2Fv2%2Fsujet&post=57988"}],"curies":[{"name":"wp","href":"https:\/\/api.w.org\/{rel}","templated":true}]}}