{"id":58021,"date":"2022-09-16T08:53:42","date_gmt":"2022-09-16T05:53:42","guid":{"rendered":"https:\/\/israelmagazine.net\/?p=58021"},"modified":"2022-09-16T08:53:42","modified_gmt":"2022-09-16T05:53:42","slug":"france-la-crise-energetique-sur-fond-de-poussee-inflationniste","status":"publish","type":"post","link":"https:\/\/israelmagazine.net\/?p=58021","title":{"rendered":"France\u00a0: La Crise Energ\u00e9tique sur fond de Pouss\u00e9e inflationniste!"},"content":{"rendered":"<div class=\\\"gs\\\">\n<div class=\\\"\\\">\n<div id=\\\":183\\\" class=\\\"ii gt\\\">\n<div id=\\\":184\\\" class=\\\"a3s aiL \\\">\n<div dir=\\\"ltr\\\">\n<p><img class=\\\"alignnone size-medium wp-image-58023\\\" src=\\\"https:\/\/israelmagazine.co.il\/wp-content\/uploads\/2022\/09\/Mon-projet-39-300x300.jpg\\\" alt=\\\"\\\" width=\\\"300\\\" height=\\\"300\\\" \/><\/p>\n<p align=\\\"center\\\"><b><i><span lang=\\\"FR\\\">Par Frank Khalifa pour Isra\u00ebl\u00a0Magazine<\/span><\/i><\/b><\/p>\n<p><b><span lang=\\\"FR\\\">La rentr\u00e9e parlementaire fran\u00e7aise de septembre 2022 \u00e0 l\u2019Assembl\u00e9e nationale s\u2019est plac\u00e9e sous les auspices de la crise \u00e9nerg\u00e9tique et de l\u2019inflation et sur fond de guerre en Ukraine. Le PDG d\u2019EDF, Jean-Bernard Levy, qui devrait \u00eatre remerci\u00e9 par le gouvernement Borne, -un secret de polichinelle- \u00e9tait auditionn\u00e9 en Commission des Affaires \u00e9conomiques et sociales, le 13 septembre 2022. De m\u00eame, pas moins que le ministre de l\\&rsquo;\u00c9conomie, des Finances, l\\&rsquo;ambitieux et tr\u00e8s m\u00e9diatique, Bruno Lemaire, lui emboitait le pas le m\u00eame jour, en soir\u00e9e, devant ladite Commission.<\/span><\/b><\/p>\n<p><span lang=\\\"FR\\\">La position du PDG d\u2019EDF peut \u00eatre compar\u00e9e \u00e0 celle d\u2019un \u00e9quilibriste assis dans un fauteuil \u00e9jectable plac\u00e9 sur un fil tendu dans le vide entre deux cimes, tant la tension est grande sur le plan \u00e9nerg\u00e9tique. Et cela d\u2019autant plus que le r\u00e9cent voyage d\\&rsquo;Emmanuel Macron en Alg\u00e9rie s\u2019est sold\u00e9 par un \u00e9chec qui ne dit pas son nom. En effet, si Macron a obtenu une augmentation insignifiante des livraisons de gaz alg\u00e9rien vers la France, en revanche, 8 000 \u00e9tudiants alg\u00e9riens de plus seront accueillis par le syst\u00e8me universitaire fran\u00e7ais d\u00e9j\u00e0 en \u00e9tat de surchauffe. On ne peut que s\u2019interroger sur le deal fran\u00e7ais dont on sait qu\u2019il est d\u00e9j\u00e0 mauvais. Mais, comment la France s\u2019est-elle retrouv\u00e9e dans cette position dramatique sur le plan \u00e9nerg\u00e9tique, m\u00eame si le gouvernement Borne se vante d\\&rsquo;avoir reconstitu\u00e9 des r\u00e9serves de gaz \u00e0 hauteur de 92% du stock total pour cet hiver ?<\/span><\/p>\n<\/div>\n<div class=\\\"yj6qo\\\"><\/div>\n<div class=\\\"adL\\\">\n<p><strong>La suite de l\u2019article se trouve dans le prochain num\u00e9ro d\u2019Isra\u00ebl Magazine<\/strong><\/p>\n<p><strong>D\u00e9couvrez un exemplaire du magazine gratuitement et cliquez ensuite sur le rebord droit<\/strong><\/p>\n<p><a href=\\\"https:\/\/online.fliphtml5.com\/rjspi\/ypmm\/#p=1\\\"><strong>https:\/\/online.fliphtml5.com\/rjspi\/ypmm\/#p=1<\/strong><\/a><\/p>\n<p><strong>Votre magazine est livr\u00e9 chez vous en toute confidentialit\u00e9<br \/>\nS\u2019abonner au magazine par t\u00e9l\u00e9phone ou par whats app 00972 (0) 54 254 45 20 ou au 01 86 98 27 27<\/strong><\/p>\n<p><strong>Par email\u00a0\u00a0<\/strong><a href=\\\"mailto:Andredarmon21@gmail.com\\\"><strong>Andredarmon21@gmail.com<\/strong><\/a><strong>\u00a0 pay pal<\/strong><\/p>\n<p><strong>Ou directement sur le site<\/strong><\/p>\n<p><a href=\\\"https:\/\/israelmagazine.co.il\/sabonner-au-magazine\/\\\"><strong>https:\/\/israelmagazine.co.il\/sabonner-au-magazine\/<\/strong><\/a><\/p>\n<p><strong>Ou encore S\u2019abonner au magazine livr\u00e9 chez vous en toute confidentialit\u00e9. Remplir le formulaire<\/strong><\/p>\n<p><a href=\\\"https:\/\/docs.google.com\/forms\/d\/e\/1FAIpQLSfPYJfb8KjEya-X17w0DGPAuBlCGvqVUdh_Is8EL810Lxw82A\/viewform?entry.1189475001=Recipient_Email\\\"><strong>https:\/\/docs.google.com\/forms\/d\/e\/1FAIpQLSfPYJfb8KjEya-X17w0DGPAuBlCGvqVUdh_Is8EL810Lxw82A\/viewform?entry.1189475001=Recipient_Email<\/strong><\/a><\/p>\n<\/div>\n<\/div>\n<\/div>\n<div id=\\\":18r\\\" class=\\\"hq gt a10\\\">\n<div id=\\\":1ax\\\"><\/div>\n<div id=\\\":1aw\\\" class=\\\"aQH\\\">\n<div class=\\\"aZK\\\"><\/div>\n<\/div>\n<\/div>\n<div class=\\\"hi\\\"><\/div>\n<\/div>\n<\/div>\n","protected":false},"excerpt":{"rendered":"<p>Par Frank Khalifa pour Isra\u00ebl\u00a0Magazine La rentr\u00e9e parlementaire fran\u00e7aise de septembre 2022 \u00e0 l\u2019Assembl\u00e9e nationale s\u2019est plac\u00e9e sous les auspices de la crise \u00e9nerg\u00e9tique et de l\u2019inflation et sur fond de guerre en Ukraine. Le PDG d\u2019EDF, Jean-Bernard Levy, qui devrait \u00eatre remerci\u00e9 par le gouvernement Borne, -un secret de polichinelle- \u00e9tait auditionn\u00e9 en Commission &hellip;<\/p>\n<p class=\"read-more\"> <a class=\"\" href=\"https:\/\/israelmagazine.net\/?p=58021\"> <span class=\"screen-reader-text\">France\u00a0: La Crise Energ\u00e9tique sur fond de Pouss\u00e9e inflationniste!<\/span> Lire la suite \u00bb<\/a><\/p>\n","protected":false},"author":4,"featured_media":58022,"comment_status":"open","ping_status":"open","sticky":false,"template":"","format":"standard","meta":{"site-sidebar-layout":"default","site-content-layout":"default","ast-global-header-display":"","ast-main-header-display":"","ast-hfb-above-header-display":"","ast-hfb-below-header-display":"","ast-hfb-mobile-header-display":"","site-post-title":"","ast-breadcrumbs-content":"","ast-featured-img":"","footer-sml-layout":"","theme-transparent-header-meta":"","adv-header-id-meta":"","stick-header-meta":"","header-above-stick-meta":"","header-main-stick-meta":"","header-below-stick-meta":""},"categories":[84,1621,1617,2283,1191],"tags":[810,1964],"sujet":[],"_links":{"self":[{"href":"https:\/\/israelmagazine.net\/index.php?rest_route=\/wp\/v2\/posts\/58021"}],"collection":[{"href":"https:\/\/israelmagazine.net\/index.php?rest_route=\/wp\/v2\/posts"}],"about":[{"href":"https:\/\/israelmagazine.net\/index.php?rest_route=\/wp\/v2\/types\/post"}],"author":[{"embeddable":true,"href":"https:\/\/israelmagazine.net\/index.php?rest_route=\/wp\/v2\/users\/4"}],"replies":[{"embeddable":true,"href":"https:\/\/israelmagazine.net\/index.php?rest_route=%2Fwp%2Fv2%2Fcomments&post=58021"}],"version-history":[{"count":0,"href":"https:\/\/israelmagazine.net\/index.php?rest_route=\/wp\/v2\/posts\/58021\/revisions"}],"wp:featuredmedia":[{"embeddable":true,"href":"https:\/\/israelmagazine.net\/index.php?rest_route=\/"}],"wp:attachment":[{"href":"https:\/\/israelmagazine.net\/index.php?rest_route=%2Fwp%2Fv2%2Fmedia&parent=58021"}],"wp:term":[{"taxonomy":"category","embeddable":true,"href":"https:\/\/israelmagazine.net\/index.php?rest_route=%2Fwp%2Fv2%2Fcategories&post=58021"},{"taxonomy":"post_tag","embeddable":true,"href":"https:\/\/israelmagazine.net\/index.php?rest_route=%2Fwp%2Fv2%2Ftags&post=58021"},{"taxonomy":"sujet","embeddable":true,"href":"https:\/\/israelmagazine.net\/index.php?rest_route=%2Fwp%2Fv2%2Fsujet&post=58021"}],"curies":[{"name":"wp","href":"https:\/\/api.w.org\/{rel}","templated":true}]}}