{"id":58025,"date":"2022-09-16T09:26:14","date_gmt":"2022-09-16T06:26:14","guid":{"rendered":"https:\/\/israelmagazine.net\/?p=58025"},"modified":"2022-09-16T09:26:14","modified_gmt":"2022-09-16T06:26:14","slug":"netanyahou-coopte-au-likoud-les-rebelles-de-la-coalition-bennet-lapid","status":"publish","type":"post","link":"https:\/\/israelmagazine.net\/?p=58025","title":{"rendered":"Netanyahou coopte au Likoud les rebelles de la coalition BENNET-LAPID"},"content":{"rendered":"<p style=\\\"font-weight: 400;\\\">Par Marc Brzustowski<\/p>\n<p style=\\\"font-weight: 400;\\\"><img class=\\\"alignnone size-medium wp-image-58027\\\" src=\\\"https:\/\/israelmagazine.co.il\/wp-content\/uploads\/2022\/09\/Mon-projet-41-300x300.jpg\\\" alt=\\\"\\\" width=\\\"300\\\" height=\\\"300\\\" \/><\/p>\n<p style=\\\"font-weight: 400;\\\">\u00a0Benjamin Netanyahou a donc coopt\u00e9 personnellement Idit Silman, Amicha\u00ef Chikli et Moshe Saada Tzaga Malko et Yossi Fuchs, sur la liste du Likoud. Ils sont tous au centre de controverses r\u00e9centes, au cours du mandat du pr\u00e9c\u00e9dent gouvernement.<\/p>\n<h2>Idit Silman, la rebelle<\/h2>\n<p>Idit Silman est une ancienne d\u00e9put\u00e9e de Yamina, qui a d\u00e9missionn\u00e9 du pr\u00e9c\u00e9dent gouvernement de coalition de Bennett, le laissant en terrain instable et contribuant \u00e0 la dissolution de la Knesset. Silman a d\u00e9clar\u00e9, \u00e0 ce moment-l\u00e0, que sa d\u00e9cision reposait sur ses convictions sionistes et nationalistes, et a exhort\u00e9 les autres \u00e0 embo\u00eeter le pas pour provoquer la mise en place d\u2019un gouvernement qui les incarnerait.<\/p>\n<p>En avril, certains m\u00e9dias isra\u00e9liens ont pr\u00e9tendu que le Likoud avait offert \u00e0 Idit Silman la 10\u1d49 place sur sa liste et un poste minist\u00e9riel, en \u00e9change de son d\u00e9part de la coalition. Le mouvement pour un gouvernement de qualit\u00e9 a, alors, demand\u00e9 au <span aria-haspopup=\\\"true\\\">contr\u00f4leur<\/span>\u00a0de\u00a0<span aria-haspopup=\\\"true\\\">l\u2019\u00c9tat<\/span>\u00a0et \u00e0 la commission \u00e9lectorale centrale d\u2019enqu\u00eater.<\/p>\n<p>&nbsp;<\/p>\n<h2 style=\\\"font-weight: 400;\\\"><strong>\u00a0<span aria-haspopup=\\\"true\\\">Ami\\&rsquo;Hai<\/span>\u00a0Chikli le transfuge (voir son interview dans Isra\u00ebl Magazine\u00a0<span aria-haspopup=\\\"true\\\">no257<\/span>)<\/strong><\/h2>\n<p style=\\\"font-weight: 400;\\\">Silman avait rejoint\u00a0<span aria-haspopup=\\\"true\\\">Chikli<\/span>, dans sa r\u00e9bellion contre le gouvernement Bennett. Son groupe\u00a0<span aria-haspopup=\\\"true\\\">d\u2019origine<\/span>\u00a0a d\u00e9clar\u00e9 formellement Chikli, \u00e0 l\u2019unanimit\u00e9, \u00ab\u00a0transfuge hostile\u00a0\u00bb fin avril. Il a d\u00e9missionn\u00e9 de la Knesset le 12 juillet, pour s\u2019ouvrir\u00a0<span aria-haspopup=\\\"true\\\">l\u2019acc\u00e8s<\/span>\u00a0aux \u00e9lections avec le Likoud.\u00a0Il a d\u00fb conclure un accord avec le Tribunal du District de J\u00e9rusalem. Normalement, un transfuge ne peut pas se pr\u00e9senter aux \u00e9lections suivantes avec un parti pr\u00e9existant, s\u2019il le fait imm\u00e9diatement apr\u00e8s avoir \u00e9t\u00e9 d\u00e9clar\u00e9 transfuge.<\/p>\n<h2 style=\\\"font-weight: 400;\\\"><strong>Moshe Saada et les enqu\u00eates polici\u00e8res sur Netanyahou<\/strong><\/h2>\n<p>Moshe Saada est\u00a0<span aria-haspopup=\\\"true\\\">l\u2019ancien<\/span>\u00a0chef adjoint du d\u00e9partement des enqu\u00eates de la police. On\u00a0<span aria-haspopup=\\\"true\\\">l\u2019a<\/span>\u00a0d\u00e9mis de ses fonctions pour \u00ab\u00a0incompatibilit\u00e9\u00a0\u00bb, fin 2021.<\/p>\n<p style=\\\"font-weight: 400;\\\">Le minist\u00e8re de la Justice faisait alors valoir\u00a0<span aria-haspopup=\\\"true\\\">qu\u2019il<\/span>\u00a0<span aria-haspopup=\\\"true\\\">travaillait<\/span>\u00a0contre ses sup\u00e9rieurs. Un reportage de la cha\u00eene 13 a affirm\u00e9\u00a0<span aria-haspopup=\\\"true\\\">qu\u2019il<\/span>\u00a0maintenait des contacts directs avec le ministre de la S\u00e9curit\u00e9 publique, Amir Ohana, sans le dire \u00e0 ses sup\u00e9rieurs. Il aurait aussi menac\u00e9 les travailleurs du d\u00e9partement de les d\u00e9noncer directement au ministre.<\/p>\n<p>En juillet, il a vivement critiqu\u00e9\u00a0<span aria-haspopup=\\\"true\\\">l\u2019ancien<\/span>\u00a0chef de la police Roni Alsheich et\u00a0<span aria-haspopup=\\\"true\\\">l\u2019ancien<\/span>\u00a0procureur Sha\u00ef Nitzan. Ses critiques ont renforc\u00e9 son soutien parmi les membres du Likoud, car elles corroborent leur affirmation selon laquelle les affaires de corruption de Bibi sont un coup mont\u00e9.<\/p>\n<p style=\\\"font-weight: 400;\\\">Le secr\u00e9taire du Likoud a accept\u00e9 les choix de Netanyahou. Il faut juste\u00a0<span aria-haspopup=\\\"true\\\">regretter<\/span>\u00a0l\\&rsquo;absence de Gal\u00a0<span aria-haspopup=\\\"true\\\">Hirsch<\/span>, l\\&rsquo;ancien\u00a0g\u00e9n\u00e9ral\u00a0de Tsahal, qui avait\u00a0\u00e9t\u00e9\u00a0harcel\u00e9\u00a0et\u00a0tra\u00een\u00e9\u00a0dans la boue injustement par une justice en folie. Bibi lui a<span aria-haspopup=\\\"true\\\">vait<\/span>\u00a0promis de le coopter pourtant.<\/p>\n<p><strong>La suite de l\u2019article se trouve dans le prochain num\u00e9ro d\u2019Isra\u00ebl Magazine<\/strong><\/p>\n<p><strong>D\u00e9couvrez un exemplaire du magazine gratuitement et cliquez ensuite sur le rebord droit<\/strong><\/p>\n<p><a href=\\\"https:\/\/online.fliphtml5.com\/rjspi\/ypmm\/#p=1\\\"><strong>https:\/\/online.fliphtml5.com\/rjspi\/ypmm\/#p=1<\/strong><\/a><\/p>\n<p><strong>Votre magazine est livr\u00e9 chez vous en toute confidentialit\u00e9<br \/>\nS\u2019abonner au magazine par t\u00e9l\u00e9phone ou par whats app 00972 (0) 54 254 45 20 ou au 01 86 98 27 27<\/strong><\/p>\n<p><strong>Par email\u00a0\u00a0<\/strong><a href=\\\"mailto:Andredarmon21@gmail.com\\\"><strong>Andredarmon21@gmail.com<\/strong><\/a><strong>\u00a0 pay pal<\/strong><\/p>\n<p><strong>Ou directement sur le site<\/strong><\/p>\n<p><a href=\\\"https:\/\/israelmagazine.co.il\/sabonner-au-magazine\/\\\"><strong>https:\/\/israelmagazine.co.il\/sabonner-au-magazine\/<\/strong><\/a><\/p>\n<p><strong>Ou encore S\u2019abonner au magazine livr\u00e9 chez vous en toute confidentialit\u00e9. Remplir le formulaire<\/strong><\/p>\n<p><a href=\\\"https:\/\/docs.google.com\/forms\/d\/e\/1FAIpQLSfPYJfb8KjEya-X17w0DGPAuBlCGvqVUdh_Is8EL810Lxw82A\/viewform?entry.1189475001=Recipient_Email\\\"><strong>https:\/\/docs.google.com\/forms\/d\/e\/1FAIpQLSfPYJfb8KjEya-X17w0DGPAuBlCGvqVUdh_Is8EL810Lxw82A\/viewform?entry.1189475001=Recipient_Email<\/strong><\/a><\/p>\n<p style=\\\"font-weight: 400;\\\">\n","protected":false},"excerpt":{"rendered":"<p>Par Marc Brzustowski \u00a0Benjamin Netanyahou a donc coopt\u00e9 personnellement Idit Silman, Amicha\u00ef Chikli et Moshe Saada Tzaga Malko et Yossi Fuchs, sur la liste du Likoud. Ils sont tous au centre de controverses r\u00e9centes, au cours du mandat du pr\u00e9c\u00e9dent gouvernement. Idit Silman, la rebelle Idit Silman est une ancienne d\u00e9put\u00e9e de Yamina, qui a &hellip;<\/p>\n<p class=\"read-more\"> <a class=\"\" href=\"https:\/\/israelmagazine.net\/?p=58025\"> <span class=\"screen-reader-text\">Netanyahou coopte au Likoud les rebelles de la coalition BENNET-LAPID<\/span> Lire la suite \u00bb<\/a><\/p>\n","protected":false},"author":4,"featured_media":58026,"comment_status":"open","ping_status":"open","sticky":false,"template":"","format":"standard","meta":{"site-sidebar-layout":"default","site-content-layout":"default","ast-global-header-display":"","ast-main-header-display":"","ast-hfb-above-header-display":"","ast-hfb-below-header-display":"","ast-hfb-mobile-header-display":"","site-post-title":"","ast-breadcrumbs-content":"","ast-featured-img":"","footer-sml-layout":"","theme-transparent-header-meta":"","adv-header-id-meta":"","stick-header-meta":"","header-above-stick-meta":"","header-main-stick-meta":"","header-below-stick-meta":""},"categories":[84,1621,1611,1191],"tags":[845,1964],"sujet":[],"_links":{"self":[{"href":"https:\/\/israelmagazine.net\/index.php?rest_route=\/wp\/v2\/posts\/58025"}],"collection":[{"href":"https:\/\/israelmagazine.net\/index.php?rest_route=\/wp\/v2\/posts"}],"about":[{"href":"https:\/\/israelmagazine.net\/index.php?rest_route=\/wp\/v2\/types\/post"}],"author":[{"embeddable":true,"href":"https:\/\/israelmagazine.net\/index.php?rest_route=\/wp\/v2\/users\/4"}],"replies":[{"embeddable":true,"href":"https:\/\/israelmagazine.net\/index.php?rest_route=%2Fwp%2Fv2%2Fcomments&post=58025"}],"version-history":[{"count":0,"href":"https:\/\/israelmagazine.net\/index.php?rest_route=\/wp\/v2\/posts\/58025\/revisions"}],"wp:featuredmedia":[{"embeddable":true,"href":"https:\/\/israelmagazine.net\/index.php?rest_route=\/"}],"wp:attachment":[{"href":"https:\/\/israelmagazine.net\/index.php?rest_route=%2Fwp%2Fv2%2Fmedia&parent=58025"}],"wp:term":[{"taxonomy":"category","embeddable":true,"href":"https:\/\/israelmagazine.net\/index.php?rest_route=%2Fwp%2Fv2%2Fcategories&post=58025"},{"taxonomy":"post_tag","embeddable":true,"href":"https:\/\/israelmagazine.net\/index.php?rest_route=%2Fwp%2Fv2%2Ftags&post=58025"},{"taxonomy":"sujet","embeddable":true,"href":"https:\/\/israelmagazine.net\/index.php?rest_route=%2Fwp%2Fv2%2Fsujet&post=58025"}],"curies":[{"name":"wp","href":"https:\/\/api.w.org\/{rel}","templated":true}]}}