{"id":58058,"date":"2022-09-22T01:43:54","date_gmt":"2022-09-21T22:43:54","guid":{"rendered":"https:\/\/israelmagazine.net\/?p=58058"},"modified":"2022-09-22T01:43:54","modified_gmt":"2022-09-21T22:43:54","slug":"le-rav-pinhas-eliyahou-shaday-le-futur-president-du-congo-sera-juif","status":"publish","type":"post","link":"https:\/\/israelmagazine.net\/?p=58058","title":{"rendered":"Le RAV PINHAS ELIYAHOU SHADAY: LE FUTUR PRESIDENT DU CONGO SERA JUIF"},"content":{"rendered":"<h3><strong>Le RAV PINHAS ELIYAHOU SHADAY: LE FUTUR PRESIDENT DU CONGO SERA JUIF<\/strong><\/h3>\n<p><strong>Propos recueillis par Val\u00e9rie Bitton<\/strong><\/p>\n<p>&nbsp;<\/p>\n<img class=\\\"size-medium wp-image-58060\\\" src=\\\"https:\/\/israelmagazine.co.il\/wp-content\/uploads\/2022\/09\/pinhas-eliyahou-portrait-169x300.jpeg\\\" alt=\\\"CONGO\\\" width=\\\"169\\\" height=\\\"300\\\" \/>\n<p>Dans la Vieille ville de J\u00e9rusalem o\u00f9 il a fond\u00e9 sa Yeshiva, le Rav Pinhas Eliyahou enseigne la Torah, cette Torah dans laquelle il puise ses forces qui le conduiront au printemps 2023 \u00e0 la pr\u00e9sidence du Congo, pour laquelle il a pos\u00e9 sa candidature. Le Rav Pinhas nous parle lors de cette interview exclusive, de son attachement au Juda\u00efsme, de ses origines congolaises, de son Alya en Isra\u00ebl en 2014, de sa volont\u00e9 d\u2019une gouvernance nouvelle pour le Congo. Il y est n\u00e9, y a grandi jusqu\u2019\u00e0 l\u2019exil politique de sa famille en France, o\u00f9 il a fait ses \u00e9tudes. Sa conversion au Juda\u00efsme est selon lui un engagement \u00e9ternel. Ses origines et son parcours le font se sentir un citoyen du monde\u00a0avec au c\u0153ur, le Congo, la France et Isra\u00ebl.<\/p>\n<h3><strong>Pourquoi avoi fond\u00e9 votre propre Yeshiva, au c\u0153ur de la Vieille ville?<\/strong><\/h3>\n<p>L\u2019ouverture de la Yeshiva Boutsina Kadisha a \u00e9t\u00e9 un processus de coh\u00e9rence entre mon identit\u00e9 spirituelle et mes origines africaines. Je suis juif, mais aussi congolais. J\u2019ai eu la chance de grandir avec des Juifs, fiers de leur origine, tunisienne, marocaine ou russe. Or, plus j\u2019approfondissais mes connaissances en Torah, plus je r\u00e9alisais combien la connexion entre Isra\u00ebl et le continent africain \u00e9tait importante. Beaucoup de sages, de politiciens consid\u00e8rent que l\u2019union entre Isra\u00ebl et l\u2019Afrique est essentielle. La l\u00e9gitimit\u00e9 de l\u2019Afrique est d\u00e9crite dans la Guemara et le Zohar. Mosh\u00e9 a \u00e9tabli sa royaut\u00e9 dans les terres de Coush pendant 40 ans, et dix tribus ont \u00e9t\u00e9 exil\u00e9es vers les terres d\u2019Afrique nomm\u00e9es \u00ab\u00a0Afriki\u00a0\u00bb.<\/p>\n<p>La suite de l\u2019article se trouve dans le prochain num\u00e9ro d\u2019Isra\u00ebl Magazine<\/p>\n<h3>D\u00e9couvrez un exemplaire du magazine gratuitement et cliquez ensuite sur le rebord droit<\/h3>\n<p><a href=\\\"https:\/\/online.fliphtml5.com\/rjspi\/ypmm\/#p=1\\\">https:\/\/online.fliphtml5.com\/rjspi\/ypmm\/#p=1<\/a><\/p>\n<p>Votre magazine est livr\u00e9 chez vous en toute confidentialit\u00e9<br \/>\nS\u2019abonner au magazine par t\u00e9l\u00e9phone ou par whats app 00972 (0) 54 254 45 20 ou au 01 86 98 27 27<\/p>\n<p>Par email\u00a0 <a href=\\\"mailto:Andredarmon21@gmail.com\\\">Andredarmon21@gmail.com<\/a>\u00a0 pay pal<\/p>\n<p>Ou directement sur le site<\/p>\n<p><a href=\\\"https:\/\/israelmagazine.co.il\/sabonner-au-magazine\/\\\">https:\/\/israelmagazine.co.il\/sabonner-au-magazine\/<\/a><\/p>\n<p>Ou encore S\u2019abonner au magazine livr\u00e9 chez vous en toute confidentialit\u00e9. Remplir le formulaire<\/p>\n<p><a href=\\\"https:\/\/docs.google.com\/forms\/d\/e\/1FAIpQLSfPYJfb8KjEya-X17w0DGPAuBlCGvqVUdh_Is8EL810Lxw82A\/viewform?entry.1189475001=Recipient_Email\\\">https:\/\/docs.google.com\/forms\/d\/e\/1FAIpQLSfPYJfb8KjEya-X17w0DGPAuBlCGvqVUdh_Is8EL810Lxw82A\/viewform?entry.1189475001=Recipient_Email<\/a><\/p>\n","protected":false},"excerpt":{"rendered":"<p>Le RAV PINHAS ELIYAHOU SHADAY: LE FUTUR PRESIDENT DU CONGO SERA JUIF Propos recueillis par Val\u00e9rie Bitton &nbsp; Dans la Vieille ville de J\u00e9rusalem o\u00f9 il a fond\u00e9 sa Yeshiva, le Rav Pinhas Eliyahou enseigne la Torah, cette Torah dans laquelle il puise ses forces qui le conduiront au printemps 2023 \u00e0 la pr\u00e9sidence du &hellip;<\/p>\n<p class=\"read-more\"> <a class=\"\" href=\"https:\/\/israelmagazine.net\/?p=58058\"> <span class=\"screen-reader-text\">Le RAV PINHAS ELIYAHOU SHADAY: LE FUTUR PRESIDENT DU CONGO SERA JUIF<\/span> Lire la suite \u00bb<\/a><\/p>\n","protected":false},"author":4,"featured_media":58059,"comment_status":"open","ping_status":"open","sticky":false,"template":"","format":"standard","meta":{"site-sidebar-layout":"default","site-content-layout":"default","ast-global-header-display":"","ast-main-header-display":"","ast-hfb-above-header-display":"","ast-hfb-below-header-display":"","ast-hfb-mobile-header-display":"","site-post-title":"","ast-breadcrumbs-content":"","ast-featured-img":"","footer-sml-layout":"","theme-transparent-header-meta":"","adv-header-id-meta":"","stick-header-meta":"","header-above-stick-meta":"","header-main-stick-meta":"","header-below-stick-meta":""},"categories":[84,3160,814,1613,1673],"tags":[1063,825,3167,810],"sujet":[],"_links":{"self":[{"href":"https:\/\/israelmagazine.net\/index.php?rest_route=\/wp\/v2\/posts\/58058"}],"collection":[{"href":"https:\/\/israelmagazine.net\/index.php?rest_route=\/wp\/v2\/posts"}],"about":[{"href":"https:\/\/israelmagazine.net\/index.php?rest_route=\/wp\/v2\/types\/post"}],"author":[{"embeddable":true,"href":"https:\/\/israelmagazine.net\/index.php?rest_route=\/wp\/v2\/users\/4"}],"replies":[{"embeddable":true,"href":"https:\/\/israelmagazine.net\/index.php?rest_route=%2Fwp%2Fv2%2Fcomments&post=58058"}],"version-history":[{"count":0,"href":"https:\/\/israelmagazine.net\/index.php?rest_route=\/wp\/v2\/posts\/58058\/revisions"}],"wp:featuredmedia":[{"embeddable":true,"href":"https:\/\/israelmagazine.net\/index.php?rest_route=\/"}],"wp:attachment":[{"href":"https:\/\/israelmagazine.net\/index.php?rest_route=%2Fwp%2Fv2%2Fmedia&parent=58058"}],"wp:term":[{"taxonomy":"category","embeddable":true,"href":"https:\/\/israelmagazine.net\/index.php?rest_route=%2Fwp%2Fv2%2Fcategories&post=58058"},{"taxonomy":"post_tag","embeddable":true,"href":"https:\/\/israelmagazine.net\/index.php?rest_route=%2Fwp%2Fv2%2Ftags&post=58058"},{"taxonomy":"sujet","embeddable":true,"href":"https:\/\/israelmagazine.net\/index.php?rest_route=%2Fwp%2Fv2%2Fsujet&post=58058"}],"curies":[{"name":"wp","href":"https:\/\/api.w.org\/{rel}","templated":true}]}}