{"id":58211,"date":"2022-10-12T09:11:07","date_gmt":"2022-10-12T06:11:07","guid":{"rendered":"https:\/\/israelmagazine.net\/?p=58211"},"modified":"2022-10-12T09:11:07","modified_gmt":"2022-10-12T06:11:07","slug":"le-gaz-et-le-liban-par-andre-darmon","status":"publish","type":"post","link":"https:\/\/israelmagazine.net\/?p=58211","title":{"rendered":"Le Gaz et le Liban"},"content":{"rendered":"<p><img class=\\\"alignnone size-medium wp-image-58215\\\" src=\\\"https:\/\/israelmagazine.co.il\/wp-content\/uploads\/2022\/10\/Mon-projet-92-300x157.jpg\\\" alt=\\\"\\\" width=\\\"300\\\" height=\\\"157\\\" \/><\/p>\n<h2>Priorit\u00e9 du Cabinet politico-s\u00e9curitaire<\/h2>\n<p>Aujourd\u2019hui mercredi, le gouvernement discutera d\u2019un accord (tr\u00e8s controvers\u00e9) pour d\u00e9limiter la fronti\u00e8re maritime avec le Liban. Le Comit\u00e9 minist\u00e9riel pour les affaires de s\u00e9curit\u00e9 nationale (le Cabinet politico-s\u00e9curitaire) se r\u00e9unira \u00e0 11 h 00 pour discuter de l\u2019accord, et \u00e0 13 h 30, une r\u00e9union sp\u00e9ciale du cabinet aura lieu. Au d\u00e9but de la r\u00e9union du cabinet, le Premier ministre par Int\u00e9rim Yair Lapid pr\u00e9sentera les d\u00e9tails de l\u2019accord, suivi d\u2019une discussion sur la mani\u00e8re de soumettre l\u2019accord \u00e0 la Knesset.<\/p>\n<h2>Les \u00c9tats-Unis garants<\/h2>\n<p>Parall\u00e8lement \u00e0 la formulation de l\u2019accord maritime avec le Liban : Isra\u00ebl recevra une lettre de garanties des \u00c9tats-Unis. L\\&rsquo;ancien Premier ministre Benjamin Netanyahou critique l\u2019accord frontalier maritime comme \u00e9tant\u00a0 une \u00abReddition historique &#8211; une vente de liquidation de Lapid \u00bb. \u00a0Le pr\u00e9sident de la Knesset, le d\u00e9put\u00e9 Mickey Levy, a d\u00e9cid\u00e9 d\u2019autoriser la mise en place de l\u2019accord de d\u00e9marcation de la fronti\u00e8re maritime nord entre Isra\u00ebl et le Liban dans le pl\u00e9num de la Knesset, sous r\u00e9serve de la d\u00e9cision du gouvernement.<\/p>\n<h3>Accord gouvernemental ou d\u00e9lib\u00e9r\u00e9 en Knesset ?<\/h3>\n<p>L\u2019hypoth\u00e8se de l\u2019accord permettra aux membres de la Knesset de revoir ses d\u00e9tails d\u00e8s que possible imm\u00e9diatement apr\u00e8s la discussion qui aura lieu au sein du gouvernement. Dans le m\u00eame temps, la conseill\u00e8re juridique du gouvernement Gali Baharav Miara a statu\u00e9 qu\u2019il \u00e9tait appropri\u00e9 de soumettre l\u2019accord frontalier maritime avec le Liban \u00e0 un vote \u00e0 la Knesset, mais il n\u2019y a aucun obstacle juridique \u00e0 se contenter de l\u2019accord du gouvernement. Hier, le pr\u00e9sident am\u00e9ricain Joe Biden a f\u00e9licit\u00e9 le Premier ministre par Interim Ya\u00efr Lapid pour l\u2019accord \u2018historique\u2019 avec le Liban sur la fronti\u00e8re maritime.<\/p>\n<p>Yair Lapid a remerci\u00e9 le pr\u00e9sident Biden pour la m\u00e9diation am\u00e9ricaine dans les n\u00e9gociations maritimes avec le Liban et l\u2019\u00e9quipe isra\u00e9lienne, et a \u00e9galement exprim\u00e9 son appr\u00e9ciation particuli\u00e8re pour le m\u00e9diateur am\u00e9ricain, Amos Hochstein, pour son travail acharn\u00e9 et efficace.<\/p>\n<p><strong>La suite de l\u2019article se trouve dans le prochain num\u00e9ro d\u2019Isra\u00ebl Magazine<\/strong><\/p>\n<p><strong>D\u00e9couvrez un exemplaire du magazine gratuitement et cliquez ensuite sur le rebord droit<\/strong><\/p>\n<p><a href=\\\"https:\/\/online.fliphtml5.com\/rjspi\/ypmm\/#p=1\\\"><strong>https:\/\/online.fliphtml5.com\/rjspi\/ypmm\/#p=1<\/strong><\/a><\/p>\n<p><strong>Votre magazine est livr\u00e9 chez vous en toute confidentialit\u00e9<br \/>\nS\u2019abonner au magazine par t\u00e9l\u00e9phone ou par whats app 00972 (0) 54 254 45 20 ou au 01 86 98 27 27<\/strong><\/p>\n<p><strong>Par email\u00a0\u00a0<\/strong><a href=\\\"mailto:Andredarmon21@gmail.com\\\"><strong>Andredarmon21@gmail.com<\/strong><\/a><strong>\u00a0 pay pal<\/strong><\/p>\n<p><strong>Ou directement sur le site<\/strong><\/p>\n<p><a href=\\\"https:\/\/israelmagazine.co.il\/sabonner-au-magazine\/\\\"><strong>https:\/\/israelmagazine.co.il\/sabonner-au-magazine\/<\/strong><\/a><\/p>\n<p><strong>Ou encore S\u2019abonner au magazine livr\u00e9 chez vous en toute confidentialit\u00e9. Remplir le formulaire<\/strong><\/p>\n<p><a href=\\\"https:\/\/docs.google.com\/forms\/d\/e\/1FAIpQLSfPYJfb8KjEya-X17w0DGPAuBlCGvqVUdh_Is8EL810Lxw82A\/viewform?entry.1189475001=Recipient_Email\\\"><strong>https:\/\/docs.google.com\/forms\/d\/e\/1FAIpQLSfPYJfb8KjEya-X17w0DGPAuBlCGvqVUdh_Is8EL810Lxw82A\/viewform?entry.1189475001=Recipient_Email<\/strong><\/a><\/p>\n","protected":false},"excerpt":{"rendered":"<p>Priorit\u00e9 du Cabinet politico-s\u00e9curitaire Aujourd\u2019hui mercredi, le gouvernement discutera d\u2019un accord (tr\u00e8s controvers\u00e9) pour d\u00e9limiter la fronti\u00e8re maritime avec le Liban. Le Comit\u00e9 minist\u00e9riel pour les affaires de s\u00e9curit\u00e9 nationale (le Cabinet politico-s\u00e9curitaire) se r\u00e9unira \u00e0 11 h 00 pour discuter de l\u2019accord, et \u00e0 13 h 30, une r\u00e9union sp\u00e9ciale du cabinet aura lieu. &hellip;<\/p>\n<p class=\"read-more\"> <a class=\"\" href=\"https:\/\/israelmagazine.net\/?p=58211\"> <span class=\"screen-reader-text\">Le Gaz et le Liban<\/span> Lire la suite \u00bb<\/a><\/p>\n","protected":false},"author":4,"featured_media":58213,"comment_status":"open","ping_status":"open","sticky":false,"template":"","format":"standard","meta":{"site-sidebar-layout":"default","site-content-layout":"default","ast-global-header-display":"","ast-main-header-display":"","ast-hfb-above-header-display":"","ast-hfb-below-header-display":"","ast-hfb-mobile-header-display":"","site-post-title":"","ast-breadcrumbs-content":"","ast-featured-img":"","footer-sml-layout":"","theme-transparent-header-meta":"","adv-header-id-meta":"","stick-header-meta":"","header-above-stick-meta":"","header-main-stick-meta":"","header-below-stick-meta":""},"categories":[84,3163,2932,1191],"tags":[1063,1739,810,845,1964],"sujet":[],"_links":{"self":[{"href":"https:\/\/israelmagazine.net\/index.php?rest_route=\/wp\/v2\/posts\/58211"}],"collection":[{"href":"https:\/\/israelmagazine.net\/index.php?rest_route=\/wp\/v2\/posts"}],"about":[{"href":"https:\/\/israelmagazine.net\/index.php?rest_route=\/wp\/v2\/types\/post"}],"author":[{"embeddable":true,"href":"https:\/\/israelmagazine.net\/index.php?rest_route=\/wp\/v2\/users\/4"}],"replies":[{"embeddable":true,"href":"https:\/\/israelmagazine.net\/index.php?rest_route=%2Fwp%2Fv2%2Fcomments&post=58211"}],"version-history":[{"count":0,"href":"https:\/\/israelmagazine.net\/index.php?rest_route=\/wp\/v2\/posts\/58211\/revisions"}],"wp:featuredmedia":[{"embeddable":true,"href":"https:\/\/israelmagazine.net\/index.php?rest_route=\/"}],"wp:attachment":[{"href":"https:\/\/israelmagazine.net\/index.php?rest_route=%2Fwp%2Fv2%2Fmedia&parent=58211"}],"wp:term":[{"taxonomy":"category","embeddable":true,"href":"https:\/\/israelmagazine.net\/index.php?rest_route=%2Fwp%2Fv2%2Fcategories&post=58211"},{"taxonomy":"post_tag","embeddable":true,"href":"https:\/\/israelmagazine.net\/index.php?rest_route=%2Fwp%2Fv2%2Ftags&post=58211"},{"taxonomy":"sujet","embeddable":true,"href":"https:\/\/israelmagazine.net\/index.php?rest_route=%2Fwp%2Fv2%2Fsujet&post=58211"}],"curies":[{"name":"wp","href":"https:\/\/api.w.org\/{rel}","templated":true}]}}