{"id":58238,"date":"2022-10-12T17:10:51","date_gmt":"2022-10-12T14:10:51","guid":{"rendered":"https:\/\/israelmagazine.net\/?p=58238"},"modified":"2022-10-12T17:10:51","modified_gmt":"2022-10-12T14:10:51","slug":"antisemitisme-dans-les-hauts-de-france","status":"publish","type":"post","link":"https:\/\/israelmagazine.net\/?p=58238","title":{"rendered":"Antis\u00e9mitisme dans les Hauts-de-France"},"content":{"rendered":"<p><img class=\\\"alignnone size-medium wp-image-58240\\\" src=\\\"https:\/\/israelmagazine.co.il\/wp-content\/uploads\/2022\/10\/Mon-projet-2022-10-12T170414.580-300x157.jpg\\\" alt=\\\"\\\" width=\\\"300\\\" height=\\\"157\\\" \/><\/p>\n<p>par Jean-Marc Alcalay<\/p>\n<h2><strong>\u00a0Apr\u00e8s Dunkerque, Marcq-en-Bar\u0153ul\u00a0!<\/strong><\/h2>\n<p><strong>\u00a0\u00a0\u00a0\u00a0 <\/strong>Triste Kippour\u00a0! Je ne pensais pas revenir de sit\u00f4t sur un nouvel acte antis\u00e9mite commis cette fois-ci non plus \u00e0 Dunkerque o\u00f9 \u00ab\u00a0ils\u00a0\u00bb, eh oui\u00a0\u00ab\u00a0ils\u00a0\u00bb, car on n\u2019a pas encore trouv\u00e9 ceux qui ont profan\u00e9 la st\u00e8le des Juifs d\u00e9port\u00e9s de la ville, mais \u00e0 Marcq-en-Bar\u0153ul, \u00e0 quelques kilom\u00e8tres de Lille.<\/p>\n<p>Depuis 2007, l\u2019immense parc Septentrion de la Fondation Prouvost accueille sur plus de 1800 m<sup>2<\/sup>, 21 sculptures de l\u2019artiste Jean-Claude Bresler, alias Herzi, du pr\u00e9nom de son p\u00e8re et \u00e9rig\u00e9es dans la plus grande solitude, en m\u00e9moire de la Shoah. Il s\u2019agit, je crois du plus grand et du plus imposant essai de repr\u00e9sentation artistique d\u2019hommage rendu en France aux six millions de victimes du nazisme dont la famille d\u2019Herzi engloutie, elle aussi, dans la gueule du monstre nazi\u2026<\/p>\n<h2>Viser la Shoah \u00e0 la veille de Kippour<\/h2>\n<p>Herzi a appel\u00e9 ses sculptures, tolmens et tolminos, des mots-valises qui balancent leurs signifiants entre totem, dolmen et Golem. J\u2019ai dit, \u0153uvre immense, litt\u00e9ralement pulsionnelle, car surgie des tripes m\u00eame d\u2019Herzi dont les plus grandes font plus de 3,50 m\u00e8tres et les plus petites, pas moins de 1,50 m\u00e8tre.<\/p>\n<p>C\u2019est vrai qu\u2019elles sont un peu isol\u00e9es, \u00e0 l\u2019extr\u00e9mit\u00e9 du parc, prot\u00e9g\u00e9es malgr\u00e9 tout par un grillage, visibles de la route, mais quelle n\u2019est pas l\u2019\u00e9tonnement du promeneur qui les d\u00e9couvre dans leur mati\u00e8re brute, mais fragile de torchis ! C\u2019est comme si, au d\u00e9tour de sa promenade dans ce merveilleux environnement d\u2019arbres d\u2019essences rares, le visiteur, d\u2019un seul coup, se confrontait au tragique de l\u2019histoire. Eh bien l\u2019histoire continue dans toute sa destructivit\u00e9 des Juifs, puisque mardi 4 octobre, veille de Kippour, la plus haute des sculptures d\u2019Herzi, 3,50 m, a \u00e9t\u00e9 vandalis\u00e9e, cass\u00e9e sans doute \u00e0 coups de marteau, r\u00e9duite en morceau et c\u2019est une nouvelle fois, nous les Juifs et notre m\u00e9moire, nos millions de morts qui sont assassin\u00e9s comme \u00e0 Dunkerque et ailleurs ! \u00a0C\u2019est la seconde fois en deux ans que ces sculptures tombent sous les coups des antis\u00e9mites. Herzi ne va pas la reconstruire. Elle va figurer dans toute sa pauvre nudit\u00e9 de cadavre argileux dans le catalogue de son \u0153uvre, en cours de r\u00e9alisation.<\/p>\n<p>Une partie l\u2019humanit\u00e9 n\u2019est toujours pas gu\u00e9rie de sa haine antis\u00e9mite. Encore Un acte qui en suit Un autre et en pr\u00e9c\u00e8de encore Un autre\u2026 L\u2019histoire est sans fin\u00a0!, D\u00e9cid\u00e9ment, tant \u00e0 Dunkerque, \u00e0 Marcq-en-Bar\u0153ul, qu\u2019ailleurs, comme l\u2019\u00e9crivait Bertolt Brecht en 1941\u00a0: \u00ab\u00a0le ventre est encore f\u00e9cond d\u2019o\u00f9 a surgi la b\u00eate immonde\u00a0\u00bb<\/p>\n<p>Jean-Marc Alcalay<\/p>\n<p>&nbsp;<\/p>\n<p><strong>La suite de l\u2019article se trouve dans le prochain num\u00e9ro d\u2019Isra\u00ebl Magazine<\/strong><\/p>\n<p><strong>D\u00e9couvrez un exemplaire du magazine gratuitement et cliquez ensuite sur le rebord droit<\/strong><\/p>\n<p><a href=\\\"https:\/\/online.fliphtml5.com\/rjspi\/ypmm\/#p=1\\\"><strong>https:\/\/online.fliphtml5.com\/rjspi\/ypmm\/#p=1<\/strong><\/a><\/p>\n<p><strong>Votre magazine est livr\u00e9 chez vous en toute confidentialit\u00e9<br \/>\nS\u2019abonner au magazine par t\u00e9l\u00e9phone ou par whats app 00972 (0) 54 254 45 20 ou au 01 86 98 27 27<\/strong><\/p>\n<p><strong>Par email\u00a0\u00a0<\/strong><a href=\\\"mailto:Andredarmon21@gmail.com\\\"><strong>Andredarmon21@gmail.com<\/strong><\/a><strong>\u00a0 pay pal<\/strong><\/p>\n<p><strong>Ou directement sur le site<\/strong><\/p>\n<p><a href=\\\"https:\/\/israelmagazine.co.il\/sabonner-au-magazine\/\\\"><strong>https:\/\/israelmagazine.co.il\/sabonner-au-magazine\/<\/strong><\/a><\/p>\n<p><strong>Ou encore S\u2019abonner au magazine livr\u00e9 chez vous en toute confidentialit\u00e9. Remplir le formulaire<\/strong><\/p>\n<p><a href=\\\"https:\/\/docs.google.com\/forms\/d\/e\/1FAIpQLSfPYJfb8KjEya-X17w0DGPAuBlCGvqVUdh_Is8EL810Lxw82A\/viewform?entry.1189475001=Recipient_Email\\\"><strong>https:\/\/docs.google.com\/forms\/d\/e\/1FAIpQLSfPYJfb8KjEya-X17w0DGPAuBlCGvqVUdh_Is8EL810Lxw82A\/viewform?entry.1189475001=Recipient_Email<\/strong><\/a><\/p>\n","protected":false},"excerpt":{"rendered":"<p>par Jean-Marc Alcalay \u00a0Apr\u00e8s Dunkerque, Marcq-en-Bar\u0153ul\u00a0! \u00a0\u00a0\u00a0\u00a0 Triste Kippour\u00a0! Je ne pensais pas revenir de sit\u00f4t sur un nouvel acte antis\u00e9mite commis cette fois-ci non plus \u00e0 Dunkerque o\u00f9 \u00ab\u00a0ils\u00a0\u00bb, eh oui\u00a0\u00ab\u00a0ils\u00a0\u00bb, car on n\u2019a pas encore trouv\u00e9 ceux qui ont profan\u00e9 la st\u00e8le des Juifs d\u00e9port\u00e9s de la ville, mais \u00e0 Marcq-en-Bar\u0153ul, \u00e0 quelques &hellip;<\/p>\n<p class=\"read-more\"> <a class=\"\" href=\"https:\/\/israelmagazine.net\/?p=58238\"> <span class=\"screen-reader-text\">Antis\u00e9mitisme dans les Hauts-de-France<\/span> Lire la suite \u00bb<\/a><\/p>\n","protected":false},"author":4,"featured_media":58239,"comment_status":"open","ping_status":"open","sticky":false,"template":"","format":"standard","meta":{"site-sidebar-layout":"default","site-content-layout":"default","ast-global-header-display":"","ast-main-header-display":"","ast-hfb-above-header-display":"","ast-hfb-below-header-display":"","ast-hfb-mobile-header-display":"","site-post-title":"","ast-breadcrumbs-content":"","ast-featured-img":"","footer-sml-layout":"","theme-transparent-header-meta":"","adv-header-id-meta":"","stick-header-meta":"","header-above-stick-meta":"","header-main-stick-meta":"","header-below-stick-meta":""},"categories":[84,1621,1630,814,2283,841,811],"tags":[825],"sujet":[],"_links":{"self":[{"href":"https:\/\/israelmagazine.net\/index.php?rest_route=\/wp\/v2\/posts\/58238"}],"collection":[{"href":"https:\/\/israelmagazine.net\/index.php?rest_route=\/wp\/v2\/posts"}],"about":[{"href":"https:\/\/israelmagazine.net\/index.php?rest_route=\/wp\/v2\/types\/post"}],"author":[{"embeddable":true,"href":"https:\/\/israelmagazine.net\/index.php?rest_route=\/wp\/v2\/users\/4"}],"replies":[{"embeddable":true,"href":"https:\/\/israelmagazine.net\/index.php?rest_route=%2Fwp%2Fv2%2Fcomments&post=58238"}],"version-history":[{"count":0,"href":"https:\/\/israelmagazine.net\/index.php?rest_route=\/wp\/v2\/posts\/58238\/revisions"}],"wp:featuredmedia":[{"embeddable":true,"href":"https:\/\/israelmagazine.net\/index.php?rest_route=\/"}],"wp:attachment":[{"href":"https:\/\/israelmagazine.net\/index.php?rest_route=%2Fwp%2Fv2%2Fmedia&parent=58238"}],"wp:term":[{"taxonomy":"category","embeddable":true,"href":"https:\/\/israelmagazine.net\/index.php?rest_route=%2Fwp%2Fv2%2Fcategories&post=58238"},{"taxonomy":"post_tag","embeddable":true,"href":"https:\/\/israelmagazine.net\/index.php?rest_route=%2Fwp%2Fv2%2Ftags&post=58238"},{"taxonomy":"sujet","embeddable":true,"href":"https:\/\/israelmagazine.net\/index.php?rest_route=%2Fwp%2Fv2%2Fsujet&post=58238"}],"curies":[{"name":"wp","href":"https:\/\/api.w.org\/{rel}","templated":true}]}}