{"id":58292,"date":"2022-10-20T08:14:56","date_gmt":"2022-10-20T05:14:56","guid":{"rendered":"https:\/\/israelmagazine.net\/?p=58292"},"modified":"2022-10-20T08:14:56","modified_gmt":"2022-10-20T05:14:56","slug":"il-ne-faut-pas-vendre-la-peau-de-lours-surtout-sil-est-pas-daccord-avec-le-prix","status":"publish","type":"post","link":"https:\/\/israelmagazine.net\/?p=58292","title":{"rendered":"Il ne faut pas\u00a0vendre\u00a0la peau de l\\&rsquo;ours, surtout s\\&rsquo;il est pas d\\&rsquo;accord avec le prix!"},"content":{"rendered":"<p>(Citation de film)<\/p>\n<p><br style=\\\"font-weight: 400;\\\" \/>Par Andr\u00e9 Darmon<\/p>\n<p><strong><img class=\\\"alignnone size-medium wp-image-58295\\\" src=\\\"https:\/\/israelmagazine.co.il\/wp-content\/uploads\/2022\/10\/Mon-projet-2022-10-20T080416.704-300x157.jpg\\\" alt=\\\"\\\" width=\\\"300\\\" height=\\\"157\\\" \/><\/strong><\/p>\n<p>&nbsp;<\/p>\n<p><strong><span aria-haspopup=\\\"true\\\">L\u2019inflation<\/span>\u00a0est \u00e0 la une. Je vous en parlais le mois dernier. Je me dois de\u00a0<span aria-haspopup=\\\"true\\\">recommencer<\/span>. Par Andr\u00e9 Darmon<\/strong><\/p>\n<p>Tout simplement pour vous dire deux ou trois choses. Si les gouvernements prenaient enfin des d\u00e9cisions extr\u00eames et courageuses comme de ne pas augmenter le prix de\u00a0<span aria-haspopup=\\\"true\\\">l\u2019\u00c9nergie<\/span>, de ne pas alourdir les taxes locales ou les Imp\u00f4ts, pr\u00e9l\u00e8vements qui nous sont deux fois plus pesants, car ils nous affectent directement et personnellement, mais affectent surtout les entreprises qui nous les r\u00e9percutent m\u00e9caniquement. Aussi l\u2019inflation qui se m\u00e9lange si d\u00e9licieusement et de mani\u00e8re perverse avec la voracit\u00e9 effr\u00e9n\u00e9e des importateurs, pourrait \u00eatre, je pense, jugul\u00e9e.<\/p>\n<h2>R\u00e9voquer la prime de r\u00e9sultats aux monopoles<\/h2>\n<p>Rappelons encore que notre compagnie <span aria-haspopup=\\\"true\\\">d\u2019\u00e9lectricit\u00e9<\/span>\u00a0est, en milliards, largement b\u00e9n\u00e9ficiaire, que les royalties\u00a0<span aria-haspopup=\\\"true\\\">per\u00e7ues<\/span>\u00a0sur le gaz\u00a0<span aria-haspopup=\\\"true\\\">rapporteront<\/span>\u00a05 milliards de shekels cette ann\u00e9e \u00e0 Isra\u00ebl. Pour\u00a0<span aria-haspopup=\\\"true\\\">l\u2019exemple<\/span>, la r\u00e9vocation de la prime de r\u00e9sultats d\u00e9volue cette ann\u00e9e au patron de\u00a0<span aria-haspopup=\\\"true\\\">Dipomat<\/span>, un de ces fougueux importateurs monopolistiques, soit 26 millions de shekels, aurait pu effacer la hausse pr\u00e9vue sur tous les produits commercialis\u00e9s par ce m\u00eame importateur. Vous pourriez me dire, mais r\u00e9duire les taxes, les pr\u00e9l\u00e8vements pourraient mettre en danger les comptes publics. Or savez-vous ce qu\u2019est <span aria-haspopup=\\\"true\\\">l\u2019\u00e9lasticit\u00e9<\/span>. Tout simple. Vendre subitement un produit ou un service \u00e0 \u2018120\u2019 alors\u00a0<span aria-haspopup=\\\"true\\\">qu\u2019il<\/span> \u00e9tait \u00e0 100, va ralentir forc\u00e9ment les ventes, mais d\u00e9cider ne pas augmenter ces prix ou m\u00eame de les r\u00e9duire ponctuellement comme pour\u00a0<span aria-haspopup=\\\"true\\\">l\u2019essence<\/span>\u00a0pourra permettre de garder les m\u00eames volumes de ventes et peut-\u00eatre m\u00eame de les accro\u00eetre. En deux mots, la baisse ou\u00a0<span aria-haspopup=\\\"true\\\">le<\/span>\u00a0maintien\u00a0<span aria-haspopup=\\\"true\\\">\u00e0<\/span>\u00a0son niveau du prix de\u00a0<span aria-haspopup=\\\"true\\\">vente<\/span>\u00a0est plus que largement compens\u00e9e par la hausse de la demande. CQFD. Et la hausse de la demande,\u00a0<span aria-haspopup=\\\"true\\\">c\u2019est<\/span>\u00a0de la croissance, des emplois et non point de l\\&rsquo;aust\u00e9rit\u00e9, celle qui tente de se profiler, une certaine fin de la\u00a0<span aria-haspopup=\\\"true\\\">p\u00e9riode<\/span>\u00a0<span aria-haspopup=\\\"true\\\">l\u2019abondance<\/span>\u00a0comme le pr\u00e9dit Emmanuel Macron.<\/p>\n<h2><strong>Deuxi\u00e8me chose apprise aussi dans le business, mais dans <span aria-haspopup=\\\"true\\\">u<\/span>ne autre vie\u00a0:\u00a0<\/strong><\/h2>\n<p>Les entreprises appliquent un coefficient multiplicateur de <span aria-haspopup=\\\"true\\\">vente<\/span>\u00a0par rapport\u00a0\u00e0\u00a0leur prix\u00a0<span aria-haspopup=\\\"true\\\">d\u2019achat<\/span>. Il suffirait qu\\&rsquo;elles se contentent de conserver, en volume, la marge\u00a0<span aria-haspopup=\\\"true\\\">qu\u2019elles<\/span>\u00a0avaient avant l\u2019augmentation, ce qui ferait qu\u2019une entreprise qui aurait achet\u00e9 \u00e0 100 euros, un produit\u00a0<span aria-haspopup=\\\"true\\\">qu\u2019elle<\/span> revend 200, et aurait donc gagn\u00e9 100 euros, soit un coefficient de deux, pourrait choisir de revendre un produit qui aurait augment\u00e9 \u00e0 120 de le revendre 220 sans faire intervenir son coefficient multiplicateur qui aurait perch\u00e9 le prix de <span aria-haspopup=\\\"true\\\">vente<\/span>\u00a0\u00e0 240, tout en maintenant la m\u00eame marge soit 100 euros.\u00a0 Ce qui ressort de 50 ans de pr\u00e9sence dans le pays,\u00a0<span aria-haspopup=\\\"true\\\">c\u2019est<\/span> que les Isra\u00e9liens ne travaillent d\u00e9cid\u00e9ment pas comme\u2026 les Juifs,\u00a0<span aria-haspopup=\\\"true\\\">j\u2019entends<\/span> les Juifs historiques qui commer\u00e7aient dans toute l\u2019Europe. Un commerce florissant et intelligent et qui aurait, h\u00e9las, \u00e9t\u00e9 l\u2019une des causes de l\u2019antis\u00e9mitisme europ\u00e9en. C\u2019\u00e9tait, en effet, vendre beaucoup, mais avec de faibles marges au d\u00e9triment, malheureusement, des concurrents non juifs. Alors, qu\u2019ici, les Isra\u00e9liens pr\u00e9f\u00e8rent vendre peu (et encore) mais avec de grosses marges, et cela, au d\u00e9triment de leurs concitoyens.<\/p>\n<h2>\u00c9volution ou r\u00e9volution socio\u00e9conomique ?<\/h2>\n<p>Cela fait plusieurs ann\u00e9es que je voulais rencontrer Boaz Bismuth, un excellent journaliste isra\u00e9lien, francophone d\u2019origine tunisienne, aimant de surcro\u00eet le sport, en somme une esp\u00e8ce de double sur le plan des origines et du m\u00e9tier, dont je voulais sonder le c\u0153ur, mais aussi les aspirations politiques. Je voulais surtout comprendre comment il voyait la sortie de cette l\u00e9thargie qui\u00a0<span aria-haspopup=\\\"true\\\">a<\/span>\u00a0envahi le pays, lui qui parle d\u2019\u00e9volution quand je parle, moi, de r\u00e9volution. Il nous faudra,\u00a0<span aria-haspopup=\\\"true\\\">c\u2019est<\/span>\u00a0certain, une r\u00e9volution consum\u00e9riste, une r\u00e9volution des c\u0153urs, mais aussi une r\u00e9volution \u00e9conomique et culturelle, quand tant de valeurs fondamentales se sont scl\u00e9ros\u00e9es en si peu de temps.<\/p>\n<p>La position de Boaz Bismuth qui fut \u00e9galement le r\u00e9dacteur en chef d\u2019Isra\u00ebl Hayom, se trouve \u00eatre plus que concr\u00e8te aux derni\u00e8res \u00e9lections primaires du Likoud, et lui conf\u00e8rera un si\u00e8ge de d\u00e9put\u00e9, mais aussi en cas de victoire de la droite, le 1er novembre, un si\u00e8ge d\u2019ambassadeur (ce <span aria-haspopup=\\\"true\\\">qu\u2019il<\/span> f\u00fbt d\u00e9j\u00e0 en Mauritanie) ou de ministre. Il serait bon que Boaz se souvienne, une fois en place, de la profondeur des maux du pays. Et que la gestion erratique du pays, cette derni\u00e8re ann\u00e9e,\u00a0<span aria-haspopup=\\\"true\\\">a<\/span> mis paradoxalement en \u00e9vidence les lacunes, les oublis, des divers Gouvernements Netanyahou, au-del\u00e0 des r\u00e9sultats retentissants en mati\u00e8re d\u2019\u00e9conomie et de relations internationales. Le prochain gouvernement, quel\u00a0<span aria-haspopup=\\\"true\\\">qu\u2019il<\/span> soit,\u00a0<span aria-haspopup=\\\"true\\\">a<\/span> beaucoup de travail devant lui. Le premier acte sera de reconstruire la paix entre Isra\u00e9liens, avant m\u00eame, ne serait-ce que, de songer \u00e0 le faire avec les Palestiniens.<\/p>\n<p>&nbsp;<\/p>\n<p><strong>La suite de l\u2019article se trouve dans le prochain num\u00e9ro d\u2019Isra\u00ebl Magazine<\/strong><\/p>\n<p><strong>D\u00e9couvrez un exemplaire du magazine gratuitement et cliquez ensuite sur le rebord droit<\/strong><\/p>\n<p><a href=\\\"https:\/\/online.fliphtml5.com\/rjspi\/ypmm\/#p=1\\\"><strong>https:\/\/online.fliphtml5.com\/rjspi\/ypmm\/#p=1<\/strong><\/a><\/p>\n<p><strong>Votre magazine est livr\u00e9 chez vous en toute confidentialit\u00e9<br \/>\nS\u2019abonner au magazine par t\u00e9l\u00e9phone ou par whats app 00972 (0) 54 254 45 20 ou au 01 86 98 27 27<\/strong><\/p>\n<p><strong>Par email\u00a0\u00a0<\/strong><a href=\\\"mailto:Andredarmon21@gmail.com\\\"><strong>Andredarmon21@gmail.com<\/strong><\/a><strong>\u00a0 pay pal<\/strong><\/p>\n<p><strong>Ou directement sur le site<\/strong><\/p>\n<p><a href=\\\"https:\/\/israelmagazine.co.il\/sabonner-au-magazine\/\\\"><strong>https:\/\/israelmagazine.co.il\/sabonner-au-magazine\/<\/strong><\/a><\/p>\n<p><strong>Ou encore S\u2019abonner au magazine livr\u00e9 chez vous en toute confidentialit\u00e9. Remplir le formulaire<\/strong><\/p>\n<p><a href=\\\"https:\/\/docs.google.com\/forms\/d\/e\/1FAIpQLSfPYJfb8KjEya-X17w0DGPAuBlCGvqVUdh_Is8EL810Lxw82A\/viewform?entry.1189475001=Recipient_Email\\\"><strong>https:\/\/docs.google.com\/forms\/d\/e\/1FAIpQLSfPYJfb8KjEya-X17w0DGPAuBlCGvqVUdh_Is8EL810Lxw82A\/viewform?entry.1189475001=Recipient_Email<\/strong><\/a><\/p>\n","protected":false},"excerpt":{"rendered":"<p>(Citation de film) Par Andr\u00e9 Darmon &nbsp; L\u2019inflation\u00a0est \u00e0 la une. Je vous en parlais le mois dernier. Je me dois de\u00a0recommencer. Par Andr\u00e9 Darmon Tout simplement pour vous dire deux ou trois choses. Si les gouvernements prenaient enfin des d\u00e9cisions extr\u00eames et courageuses comme de ne pas augmenter le prix de\u00a0l\u2019\u00c9nergie, de ne pas &hellip;<\/p>\n<p class=\"read-more\"> <a class=\"\" href=\"https:\/\/israelmagazine.net\/?p=58292\"> <span class=\"screen-reader-text\">Il ne faut pas\u00a0vendre\u00a0la peau de l\\&rsquo;ours, surtout s\\&rsquo;il est pas d\\&rsquo;accord avec le prix!<\/span> Lire la suite \u00bb<\/a><\/p>\n","protected":false},"author":4,"featured_media":58293,"comment_status":"open","ping_status":"open","sticky":false,"template":"","format":"standard","meta":{"site-sidebar-layout":"default","site-content-layout":"default","ast-global-header-display":"","ast-main-header-display":"","ast-hfb-above-header-display":"","ast-hfb-below-header-display":"","ast-hfb-mobile-header-display":"","site-post-title":"","ast-breadcrumbs-content":"","ast-featured-img":"","footer-sml-layout":"","theme-transparent-header-meta":"","adv-header-id-meta":"","stick-header-meta":"","header-above-stick-meta":"","header-main-stick-meta":"","header-below-stick-meta":""},"categories":[84,1621,1821,1617,2932,1191],"tags":[1063,1739,810,845,1964,1761],"sujet":[],"_links":{"self":[{"href":"https:\/\/israelmagazine.net\/index.php?rest_route=\/wp\/v2\/posts\/58292"}],"collection":[{"href":"https:\/\/israelmagazine.net\/index.php?rest_route=\/wp\/v2\/posts"}],"about":[{"href":"https:\/\/israelmagazine.net\/index.php?rest_route=\/wp\/v2\/types\/post"}],"author":[{"embeddable":true,"href":"https:\/\/israelmagazine.net\/index.php?rest_route=\/wp\/v2\/users\/4"}],"replies":[{"embeddable":true,"href":"https:\/\/israelmagazine.net\/index.php?rest_route=%2Fwp%2Fv2%2Fcomments&post=58292"}],"version-history":[{"count":0,"href":"https:\/\/israelmagazine.net\/index.php?rest_route=\/wp\/v2\/posts\/58292\/revisions"}],"wp:featuredmedia":[{"embeddable":true,"href":"https:\/\/israelmagazine.net\/index.php?rest_route=\/"}],"wp:attachment":[{"href":"https:\/\/israelmagazine.net\/index.php?rest_route=%2Fwp%2Fv2%2Fmedia&parent=58292"}],"wp:term":[{"taxonomy":"category","embeddable":true,"href":"https:\/\/israelmagazine.net\/index.php?rest_route=%2Fwp%2Fv2%2Fcategories&post=58292"},{"taxonomy":"post_tag","embeddable":true,"href":"https:\/\/israelmagazine.net\/index.php?rest_route=%2Fwp%2Fv2%2Ftags&post=58292"},{"taxonomy":"sujet","embeddable":true,"href":"https:\/\/israelmagazine.net\/index.php?rest_route=%2Fwp%2Fv2%2Fsujet&post=58292"}],"curies":[{"name":"wp","href":"https:\/\/api.w.org\/{rel}","templated":true}]}}