{"id":58331,"date":"2022-10-22T21:54:59","date_gmt":"2022-10-22T18:54:59","guid":{"rendered":"https:\/\/israelmagazine.net\/?p=58331"},"modified":"2022-10-22T21:54:59","modified_gmt":"2022-10-22T18:54:59","slug":"otzma-yehoudit-pret-a-dialoguer-avec-des-juifs-reformes","status":"publish","type":"post","link":"https:\/\/israelmagazine.net\/?p=58331","title":{"rendered":"Otzma Yehoudit pr\u00eat \u00e0 dialoguer avec des Juifs r\u00e9form\u00e9s"},"content":{"rendered":"<h2 style=\\\"font-weight: 400;\\\"><strong>Un seul juda\u00efsme<\/strong><\/h2>\n<p style=\\\"font-weight: 400;\\\"><img class=\\\"alignnone size-medium wp-image-58332\\\" src=\\\"https:\/\/israelmagazine.co.il\/wp-content\/uploads\/2022\/10\/Mon-projet-2022-10-22T204224.227-300x157.jpg\\\" alt=\\\"\\\" width=\\\"300\\\" height=\\\"157\\\" \/><\/p>\n<p style=\\\"font-weight: 400;\\\">\u00ab\u00a0Le Juif r\u00e9form\u00e9 est mon fr\u00e8re, je me porterais garant de lui si n\u00e9cessaire\u00a0\u00bb, a d\u00e9clar\u00e9 le rabbin Amicha\u00ef Eliyahou, membre du parti Otzma Yehoudit, lors d\u2019une conf\u00e9rence c\u00e9l\u00e9brant les 50 ans de l\u2019organisation Gesher.<\/p>\n<p style=\\\"font-weight: 400;\\\">Deux candidats du Parti sioniste religieux se d\u00e9clarent dispos\u00e9s \u00e0 engager le dialogue avec les courants r\u00e9form\u00e9 et conservateur du Juda\u00efsme. L\u2019un d\u2019eux est all\u00e9 jusqu\u2019\u00e0 consid\u00e9rer qu\u2019on pourrait \u00e9ventuellement rediscuter du compromis sur le Mur Occidental (Kotel), que le gouvernement isra\u00e9lien a enterr\u00e9, apr\u00e8s une approbation initiale.<\/p>\n<h2>Mieux conna\u00eetre le juda\u00efsme de diaspora<\/h2>\n<p style=\\\"font-weight: 400;\\\">Eliyahou, fils du Grand Rabbin de Sfat (Safed), qui est \u00e9galement membre du Conseil du Grand Rabbinat, a ajout\u00e9\u00a0: \u00ab\u00a0Le Juda\u00efsme r\u00e9form\u00e9 n\u2019est pas un courant dans le Juda\u00efsme. Il n\u2019y a qu\u2019un Juda\u00efsme. Je suis compl\u00e8tement en paix avec une personne qui se consid\u00e8re comme Juif r\u00e9form\u00e9. C\u2019est mon fr\u00e8re. Je me battrai pour lui, mais cela ne veut pas dire que je suis d\u2019accord avec lui.<\/p>\n<p>Eliyah d\u00e9clare avoir particip\u00e9 \u00e0 l\u2019une des tables rondes de l\u2019organisation Gesher, pour mieux conna\u00eetre la communaut\u00e9 juive de la diaspora. Il a not\u00e9 que cette participation avait chang\u00e9 certaines de ses opinions et qu\u2019il travaillait pour sensibiliser ses \u00e9l\u00e8ves, au sein d\u2019une organisation rabbinique qu\u2019il dirigeait, constitu\u00e9e principalement de communaut\u00e9s s\u00e9farades sionistes-religieuses.<\/p>\n<p style=\\\"font-weight: 400;\\\"><strong>Eliyahou a appel\u00e9 \u00e0 une neutralit\u00e9 du dialogue avec les Juifs de diaspora. Il a ajout\u00e9 qu\u2019Isra\u00ebl devait investir des fonds suppl\u00e9mentaires dans l\u2019\u00e9ducation juive de la diaspora.<\/strong><\/p>\n<p>Isra\u00ebl a investi plus d\u2019un milliard de shekels (288\u00a0300\u00a0500 \u20ac) au profit des communaut\u00e9s de la diaspora, au cours de la derni\u00e8re d\u00e9cennie, selon le minist\u00e8re\u00a0des Affaires de la diaspora. \u00ab\u00a0Ce n\u2019est pas assez\u00a0\u00bb, a d\u00e9clar\u00e9 Eliyahu. \u00ab\u00a0Puisque l\u2019Etat d\u2019Isra\u00ebl investit dans l\u2019\u00e9ducation, il est n\u00e9cessaire d\u2019aider les Juifs du monde. Pourquoi l\u2019\u00e9ducation juive devrait-elle \u00eatre aussi ch\u00e8re l\u00e0-bas\u00a0?<\/p>\n<h2>Isra\u00ebl doit revitaliser le juda\u00efsme<\/h2>\n<p>La pan\u00e9liste Amira Aharoniwitz, qui communique r\u00e9guli\u00e8rement des chiffres exploitables pour mener des \u00e9tudes, en tant que directrice de l\u2019Agence juive, a tenu \u00e0 souligner\u00a0: \u00ab\u00a0Enfin, nous soulevons un point sur lequel nous sommes tous les trois d\u2019accord\u00a0\u00bb.<\/p>\n<p style=\\\"font-weight: 400;\\\">Eliyahou a ajout\u00e9\u00a0: \u00ab\u00a0Un milliard de shekels ne repr\u00e9sente m\u00eame pas une fraction de ce qui doit \u00eatre investi dans cette question qui concerne six millions de Juifs de la diaspora\u00a0\u00bb.<\/p>\n<p>Lorsqu\u2019on lui a demand\u00e9 s\u2019il rencontrerait des rabbins r\u00e9form\u00e9s en tant que d\u00e9put\u00e9, Eliyahu a r\u00e9pondu\u00a0: \u00ab\u00a0Cela d\u00e9pend du contexte. Dans l\u2019Etat d\u2019Isra\u00ebl, le mouvement r\u00e9formiste est tr\u00e8s probl\u00e9matique, c\u2019est le moins qu\u2019on puisse dire.<\/p>\n<p style=\\\"font-weight: 400;\\\">Le 19 octobre s\u2019est tenu un panel politique au Mus\u00e9e Anu du peuple juif \u00e0 Tel Aviv et s\u2019est concentr\u00e9 sur l\u2019agenda du candidat, \u00e0 propos des Juifs de diaspora. Au cours de l\u2019\u00e9v\u00e9nement, organis\u00e9 par la Fondation de la Famille Ruderman et le\u00a0<a href=\\\"https:\/\/www.reutgroup.org\/\\\" data-saferedirecturl=\\\"https:\/\/www.google.com\/url?q=https:\/\/www.reutgroup.org\/&amp;source=gmail&amp;ust=1666550320428000&amp;usg=AOvVaw2ip0vCQKdKapBmi6pUqk0z\\\">groupe Reut<\/a>, le candidat Ohad Tal \u2013 n\u00b012 du Parti Sioniste religieux \u2013 a discut\u00e9 de l\u2019importance du dialogue avec les Juifs de diaspora et il a m\u00eame propos\u00e9 un dialogue approfondi, afin de r\u00e9soudre la question compliqu\u00e9e du Mur Occidental.<\/p>\n<p><strong>La suite de l\u2019article se trouve dans le prochain num\u00e9ro d\u2019Isra\u00ebl Magazine<\/strong><\/p>\n<p><strong>D\u00e9couvrez un exemplaire du magazine gratuitement et cliquez ensuite sur le rebord droit<\/strong><\/p>\n<p><a href=\\\"https:\/\/online.fliphtml5.com\/rjspi\/ypmm\/#p=1\\\"><strong>https:\/\/online.fliphtml5.com\/rjspi\/ypmm\/#p=1<\/strong><\/a><\/p>\n<p><strong>Votre magazine est livr\u00e9 chez vous en toute confidentialit\u00e9<br \/>\nS\u2019abonner au magazine par t\u00e9l\u00e9phone ou par whats app 00972 (0) 54 254 45 20 ou au 01 86 98 27 27<\/strong><\/p>\n<p><strong>Par email\u00a0\u00a0<\/strong><a href=\\\"mailto:Andredarmon21@gmail.com\\\"><strong>Andredarmon21@gmail.com<\/strong><\/a><strong>\u00a0 pay pal<\/strong><\/p>\n<p><strong>Ou directement sur le site<\/strong><\/p>\n<p><a href=\\\"https:\/\/israelmagazine.co.il\/sabonner-au-magazine\/\\\"><strong>https:\/\/israelmagazine.co.il\/sabonner-au-magazine\/<\/strong><\/a><\/p>\n<p><strong>Ou encore S\u2019abonner au magazine livr\u00e9 chez vous en toute confidentialit\u00e9. Remplir le formulaire<\/strong><\/p>\n<p><a href=\\\"https:\/\/docs.google.com\/forms\/d\/e\/1FAIpQLSfPYJfb8KjEya-X17w0DGPAuBlCGvqVUdh_Is8EL810Lxw82A\/viewform?entry.1189475001=Recipient_Email\\\"><strong>https:\/\/docs.google.com\/forms\/d\/e\/1FAIpQLSfPYJfb8KjEya-X17w0DGPAuBlCGvqVUdh_Is8EL810Lxw82A\/viewform?entry.1189475001=Recipient_Email<\/strong><\/a><\/p>\n","protected":false},"excerpt":{"rendered":"<p>Un seul juda\u00efsme \u00ab\u00a0Le Juif r\u00e9form\u00e9 est mon fr\u00e8re, je me porterais garant de lui si n\u00e9cessaire\u00a0\u00bb, a d\u00e9clar\u00e9 le rabbin Amicha\u00ef Eliyahou, membre du parti Otzma Yehoudit, lors d\u2019une conf\u00e9rence c\u00e9l\u00e9brant les 50 ans de l\u2019organisation Gesher. Deux candidats du Parti sioniste religieux se d\u00e9clarent dispos\u00e9s \u00e0 engager le dialogue avec les courants r\u00e9form\u00e9 &hellip;<\/p>\n<p class=\"read-more\"> <a class=\"\" href=\"https:\/\/israelmagazine.net\/?p=58331\"> <span class=\"screen-reader-text\">Otzma Yehoudit pr\u00eat \u00e0 dialoguer avec des Juifs r\u00e9form\u00e9s<\/span> Lire la suite \u00bb<\/a><\/p>\n","protected":false},"author":4,"featured_media":58333,"comment_status":"open","ping_status":"open","sticky":false,"template":"","format":"standard","meta":{"site-sidebar-layout":"default","site-content-layout":"default","ast-global-header-display":"","ast-main-header-display":"","ast-hfb-above-header-display":"","ast-hfb-below-header-display":"","ast-hfb-mobile-header-display":"","site-post-title":"","ast-breadcrumbs-content":"","ast-featured-img":"","footer-sml-layout":"","theme-transparent-header-meta":"","adv-header-id-meta":"","stick-header-meta":"","header-above-stick-meta":"","header-main-stick-meta":"","header-below-stick-meta":""},"categories":[84,1621,814,1622,1673,1674,1191],"tags":[845,937,2569,1761],"sujet":[],"_links":{"self":[{"href":"https:\/\/israelmagazine.net\/index.php?rest_route=\/wp\/v2\/posts\/58331"}],"collection":[{"href":"https:\/\/israelmagazine.net\/index.php?rest_route=\/wp\/v2\/posts"}],"about":[{"href":"https:\/\/israelmagazine.net\/index.php?rest_route=\/wp\/v2\/types\/post"}],"author":[{"embeddable":true,"href":"https:\/\/israelmagazine.net\/index.php?rest_route=\/wp\/v2\/users\/4"}],"replies":[{"embeddable":true,"href":"https:\/\/israelmagazine.net\/index.php?rest_route=%2Fwp%2Fv2%2Fcomments&post=58331"}],"version-history":[{"count":0,"href":"https:\/\/israelmagazine.net\/index.php?rest_route=\/wp\/v2\/posts\/58331\/revisions"}],"wp:featuredmedia":[{"embeddable":true,"href":"https:\/\/israelmagazine.net\/index.php?rest_route=\/"}],"wp:attachment":[{"href":"https:\/\/israelmagazine.net\/index.php?rest_route=%2Fwp%2Fv2%2Fmedia&parent=58331"}],"wp:term":[{"taxonomy":"category","embeddable":true,"href":"https:\/\/israelmagazine.net\/index.php?rest_route=%2Fwp%2Fv2%2Fcategories&post=58331"},{"taxonomy":"post_tag","embeddable":true,"href":"https:\/\/israelmagazine.net\/index.php?rest_route=%2Fwp%2Fv2%2Ftags&post=58331"},{"taxonomy":"sujet","embeddable":true,"href":"https:\/\/israelmagazine.net\/index.php?rest_route=%2Fwp%2Fv2%2Fsujet&post=58331"}],"curies":[{"name":"wp","href":"https:\/\/api.w.org\/{rel}","templated":true}]}}