{"id":58347,"date":"2022-10-24T23:30:11","date_gmt":"2022-10-24T20:30:11","guid":{"rendered":"https:\/\/israelmagazine.net\/?p=58347"},"modified":"2022-10-24T23:30:11","modified_gmt":"2022-10-24T20:30:11","slug":"israel-enterine-la-nomination-dherzi-halevi-comme-nouveau-chef-detat-major-de-tsahal","status":"publish","type":"post","link":"https:\/\/israelmagazine.net\/?p=58347","title":{"rendered":"Isra\u00ebl\u00a0enterine\u00a0la nomination\u00a0d\\&rsquo;Herzi\u00a0Halevi comme nouveau chef d\\&rsquo;\u00e9tat-major de Tsahal"},"content":{"rendered":"<h2><img class=\\\"alignnone size-medium wp-image-58351\\\" src=\\\"https:\/\/israelmagazine.co.il\/wp-content\/uploads\/2022\/10\/Mon-projet-2022-10-24T222747.070-300x157.jpg\\\" alt=\\\"\\\" width=\\\"300\\\" height=\\\"157\\\" \/><\/h2>\n<p>Par Marc Brzustowski<\/p>\n<h2 style=\\\"font-weight: 400;\\\"><strong>Dans la poursuite de l\\&rsquo;action de Kochavi<\/strong><\/h2>\n<p style=\\\"font-weight: 400;\\\"><strong>\u00a0<\/strong><\/p>\n<p style=\\\"font-weight: 400;\\\"><strong>L\\&rsquo;actuel chef d\\&rsquo;\u00e9tat-major de Tsahal, le g\u00e9n\u00e9ral de division Aviv Kochavi, se f\u00e9licite de cette nomination officielle, qualifiant Halevi d\\&rsquo;officier aussi brillant qu\u2019exp\u00e9riment\u00e9\\\u00a0\u00bb ; Halevi devrait prendre ses fonctions le 17 janvier 2023<\/strong><\/p>\n<p style=\\\"font-weight: 400;\\\">\n<p style=\\\"font-weight: 400;\\\">Le gouvernement isra\u00e9lien a nomm\u00e9 dimanche le g\u00e9n\u00e9ral de division Herzi Halevi comme nouveau chef d\\&rsquo;\u00e9tat-major de Tsahal.\u00a0Suite \u00e0 l\\&rsquo;annonce, l\\&rsquo;actuel chef d\\&rsquo;\u00e9tat-major de Tsahal, le g\u00e9n\u00e9ral de division Aviv Kochavi, a f\u00e9licit\u00e9 Halevi, qui deviendra le 23e chef de l\\&rsquo;arm\u00e9e.<\/p>\n<p style=\\\"font-weight: 400;\\\">\\\u00a0\u00bbJe salue cette nomination\\\u00a0\u00bb, a <span aria-haspopup=\\\"true\\\">d\u00e9clar\u00e9<\/span>\u00a0Kochavi, selon un communiqu\u00e9 officiel.\u00a0\\\u00a0\u00bbHerzi et moi nous connaissons depuis de nombreuses ann\u00e9es, au cours desquelles j\\&rsquo;ai fait la connaissance d\\&rsquo;un officier courageux, professionnel et talentueux. Herzi\u00a0<span aria-haspopup=\\\"true\\\">est<\/span> un officier brillant et exp\u00e9riment\u00e9 et je suis s\u00fbr qu\\&rsquo;il continuera \u00e0 diriger l\\&rsquo;arm\u00e9e isra\u00e9lienne comme il se doit, compte tenu des d\u00e9fis qui <span aria-haspopup=\\\"true\\\">l\u2019attendent<\/span>. Je lui souhaite beaucoup de succ\u00e8s.<\/p>\n<h2>Commandant de l\\&rsquo;unit\u00e9 Sayeret Matkal<\/h2>\n<p style=\\\"font-weight: 400;\\\">La semaine derni\u00e8re, une commission des nominations\u00a0officielles\u00a0avait approuv\u00e9 la candidature de Halevi, lui ouvrant la voie \u00e0 sa prise de fonction le 17 janvier 2023. Le ministre de la D\u00e9fense Benny Gantz a propos\u00e9 sa nomination d\u00e9but septembre.\u00a0N\u00e9 en 1967 dans une famille religieuse de J\u00e9rusalem, Halevi\u00a0<span aria-haspopup=\\\"true\\\">est<\/span> dipl\u00f4m\u00e9 en philosophie et commerce de l\\&rsquo;Universit\u00e9 h\u00e9bra\u00efque de J\u00e9rusalem et titulaire d\\&rsquo;une ma\u00eetrise en gestion des ressources humaines de la National Defense University de Washington.<\/p>\n<p style=\\\"font-weight: 400;\\\">Halevi a rejoint l\\&rsquo;arm\u00e9e isra\u00e9lienne en 1985 au sein d\\&rsquo;une unit\u00e9 de parachutistes avant d\\&rsquo;\u00eatre promu \u00e0 la t\u00eate de la \\\u00a0\u00bbSayeret Matkal\\\u00a0\u00bb, l\\&rsquo;unit\u00e9 d\\&rsquo;\u00e9lite de l\\&rsquo;arm\u00e9e, qu\\&rsquo;il a dirig\u00e9e pendant des ann\u00e9es. En 2014, il a \u00e9t\u00e9 nomm\u00e9 chef du renseignement militaire, et quatre ans plus tard, il a \u00e9t\u00e9 nomm\u00e9 chef du commandement sud.<\/p>\n<p><strong>La suite de l\u2019article se trouve dans le prochain num\u00e9ro d\u2019Isra\u00ebl Magazine<\/strong><\/p>\n<p><strong>D\u00e9couvrez un exemplaire du magazine gratuitement et cliquez ensuite sur le rebord droit<\/strong><\/p>\n<p><a href=\\\"https:\/\/online.fliphtml5.com\/rjspi\/ypmm\/#p=1\\\"><strong>https:\/\/online.fliphtml5.com\/rjspi\/ypmm\/#p=1<\/strong><\/a><\/p>\n<p><strong>Votre magazine est livr\u00e9 chez vous en toute confidentialit\u00e9<br \/>\nS\u2019abonner au magazine par t\u00e9l\u00e9phone ou par whats app 00972 (0) 54 254 45 20 ou au 01 86 98 27 27<\/strong><\/p>\n<p><strong>Par email\u00a0\u00a0<\/strong><a href=\\\"mailto:Andredarmon21@gmail.com\\\"><strong>Andredarmon21@gmail.com<\/strong><\/a><strong>\u00a0 pay pal<\/strong><\/p>\n<p><strong>Ou directement sur le site<\/strong><\/p>\n<p><a href=\\\"https:\/\/israelmagazine.co.il\/sabonner-au-magazine\/\\\"><strong>https:\/\/israelmagazine.co.il\/sabonner-au-magazine\/<\/strong><\/a><\/p>\n<p><strong>Ou encore S\u2019abonner au magazine livr\u00e9 chez vous en toute confidentialit\u00e9. Remplir le formulaire<\/strong><\/p>\n<p><a href=\\\"https:\/\/docs.google.com\/forms\/d\/e\/1FAIpQLSfPYJfb8KjEya-X17w0DGPAuBlCGvqVUdh_Is8EL810Lxw82A\/viewform?entry.1189475001=Recipient_Email\\\"><strong>https:\/\/docs.google.com\/forms\/d\/e\/1FAIpQLSfPYJfb8KjEya-X17w0DGPAuBlCGvqVUdh_Is8EL810Lxw82A\/viewform?entry.1189475001=Recipient_Email<\/strong><\/a><\/p>\n","protected":false},"excerpt":{"rendered":"<p>Par Marc Brzustowski Dans la poursuite de l\\&rsquo;action de Kochavi \u00a0 L\\&rsquo;actuel chef d\\&rsquo;\u00e9tat-major de Tsahal, le g\u00e9n\u00e9ral de division Aviv Kochavi, se f\u00e9licite de cette nomination officielle, qualifiant Halevi d\\&rsquo;officier aussi brillant qu\u2019exp\u00e9riment\u00e9\\\u00a0\u00bb ; Halevi devrait prendre ses fonctions le 17 janvier 2023 Le gouvernement isra\u00e9lien a nomm\u00e9 dimanche le g\u00e9n\u00e9ral de division Herzi &hellip;<\/p>\n<p class=\"read-more\"> <a class=\"\" href=\"https:\/\/israelmagazine.net\/?p=58347\"> <span class=\"screen-reader-text\">Isra\u00ebl\u00a0enterine\u00a0la nomination\u00a0d\\&rsquo;Herzi\u00a0Halevi comme nouveau chef d\\&rsquo;\u00e9tat-major de Tsahal<\/span> Lire la suite \u00bb<\/a><\/p>\n","protected":false},"author":4,"featured_media":58348,"comment_status":"open","ping_status":"open","sticky":false,"template":"","format":"standard","meta":{"site-sidebar-layout":"default","site-content-layout":"default","ast-global-header-display":"","ast-main-header-display":"","ast-hfb-above-header-display":"","ast-hfb-below-header-display":"","ast-hfb-mobile-header-display":"","site-post-title":"","ast-breadcrumbs-content":"","ast-featured-img":"","footer-sml-layout":"","theme-transparent-header-meta":"","adv-header-id-meta":"","stick-header-meta":"","header-above-stick-meta":"","header-main-stick-meta":"","header-below-stick-meta":""},"categories":[84,1621,1612,1616,1624],"tags":[742],"sujet":[],"_links":{"self":[{"href":"https:\/\/israelmagazine.net\/index.php?rest_route=\/wp\/v2\/posts\/58347"}],"collection":[{"href":"https:\/\/israelmagazine.net\/index.php?rest_route=\/wp\/v2\/posts"}],"about":[{"href":"https:\/\/israelmagazine.net\/index.php?rest_route=\/wp\/v2\/types\/post"}],"author":[{"embeddable":true,"href":"https:\/\/israelmagazine.net\/index.php?rest_route=\/wp\/v2\/users\/4"}],"replies":[{"embeddable":true,"href":"https:\/\/israelmagazine.net\/index.php?rest_route=%2Fwp%2Fv2%2Fcomments&post=58347"}],"version-history":[{"count":0,"href":"https:\/\/israelmagazine.net\/index.php?rest_route=\/wp\/v2\/posts\/58347\/revisions"}],"wp:featuredmedia":[{"embeddable":true,"href":"https:\/\/israelmagazine.net\/index.php?rest_route=\/"}],"wp:attachment":[{"href":"https:\/\/israelmagazine.net\/index.php?rest_route=%2Fwp%2Fv2%2Fmedia&parent=58347"}],"wp:term":[{"taxonomy":"category","embeddable":true,"href":"https:\/\/israelmagazine.net\/index.php?rest_route=%2Fwp%2Fv2%2Fcategories&post=58347"},{"taxonomy":"post_tag","embeddable":true,"href":"https:\/\/israelmagazine.net\/index.php?rest_route=%2Fwp%2Fv2%2Ftags&post=58347"},{"taxonomy":"sujet","embeddable":true,"href":"https:\/\/israelmagazine.net\/index.php?rest_route=%2Fwp%2Fv2%2Fsujet&post=58347"}],"curies":[{"name":"wp","href":"https:\/\/api.w.org\/{rel}","templated":true}]}}