{"id":58353,"date":"2022-10-25T00:06:22","date_gmt":"2022-10-24T21:06:22","guid":{"rendered":"https:\/\/israelmagazine.net\/?p=58353"},"modified":"2022-10-25T00:06:22","modified_gmt":"2022-10-24T21:06:22","slug":"un-haut-responsable-de-la-fosse-aux-lions-tue-dans-lexplosion-de-naplouse","status":"publish","type":"post","link":"https:\/\/israelmagazine.net\/?p=58353","title":{"rendered":"Un haut responsable de la \u00ab\u00a0Fosse aux Lions\u00a0\u00bb tu\u00e9 dans l\\&rsquo;explosion de Naplouse"},"content":{"rendered":"<h2>\u00c9limin\u00e9 par une moto pi\u00e9g\u00e9e<\/h2>\n<p><strong>Les Palestiniens affirment que Tamer al-Kilani, qui a aid\u00e9 \u00e0 ex\u00e9cuter des attaques contre des Isra\u00e9liens, a \u00e9t\u00e9 tu\u00e9 par une moto pi\u00e9g\u00e9e ;\u00a0on aper\u00e7oit un collaborateur palestinien film\u00e9 par une cam\u00e9ra de s\u00e9curit\u00e9 en train de poser des explosifs<\/strong><\/p>\n<p>&nbsp;<\/p>\n<p>Tamer al-Kilani, un haut responsable du groupe terroriste \u00ab La Fosse aux Lions \u00bb, a \u00e9t\u00e9 \u00e9limin\u00e9 samedi soir dans une explosion \u00e0 Naplouse. Des responsables palestiniens ont affirm\u00e9 dimanche que la source de l\\&rsquo;explosion \u00e9tait une moto sur laquelle un Palestinien collaborant avec Isra\u00ebl aurait pos\u00e9 des explosifs.<\/p>\n<p>Selon les affirmations, al-Kilani se promenait dans la Vieille ville de Naplouse et la moto a explos\u00e9 lorsqu\\&rsquo;il\u00a0<span aria-haspopup=\\\"true\\\">est<\/span>\u00a0pass\u00e9 \u00e0 c\u00f4t\u00e9. Le collaborateur a \u00e9t\u00e9 film\u00e9 par des cam\u00e9ras de s\u00e9curit\u00e9 \u00e0 proximit\u00e9 en train de placer les explosifs.<\/p>\n<p>Tsahal et le Shin Bet n\\&rsquo;ont fait aucun commentaire sur la mort d\\&rsquo;al-Kilani.<\/p>\n<h2>Impliqu\u00e9 dans plusieurs attentats<\/h2>\n<p>\\\u00a0\u00bbC\u2019est une charge adh\u00e9sive de TNT qui\u00a0<span aria-haspopup=\\\"true\\\">l\u2019a<\/span>\u00a0tu\u00e9\\\u00a0\u00bb, a\u00a0<span aria-haspopup=\\\"true\\\">d\u00e9clar\u00e9<\/span>\u00a0<span aria-haspopup=\\\"true\\\">le porte<\/span>-parole de \u00ab\u00a0La Fosse aux Lions\u00a0\u00bb, dimanche matin. \\\u00a0\u00bbNous appelons tout le peuple palestinien \u00e0 assister \u00e0 ses fun\u00e9railles.\\\u00a0\u00bb<\/p>\n<p>Al-Kilani, 33 ans, a d\u00e9j\u00e0 fait de la prison en Isra\u00ebl et a \u00e9t\u00e9 responsable de plusieurs attentats terroristes ces derniers mois. Il a planifi\u00e9 un attentat \u00e0 Tel-Aviv, qui a \u00e9chou\u00e9 apr\u00e8s l\\&rsquo;arrestation du terroriste \u00e0 Jaffa en novembre, et a \u00e9t\u00e9 impliqu\u00e9 dans plusieurs fusillades dans la r\u00e9gion de Naplouse. Le groupe terroriste de la \u00ab Fosse aux Lions \u00bb a \u00e9t\u00e9 responsable de plusieurs attentats terroristes ces derniers mois, dont l\\&rsquo;attaque par balle en Jud\u00e9e-Samarie qui a entra\u00een\u00e9 la mort du soldat de Tsahal, le sergent d\\&rsquo;\u00e9tat-major Ido Baruch.<\/p>\n<p>Le groupe continue de recruter de nouveaux membres et planifie de nouvelles attaques contre des cibles isra\u00e9liennes.<\/p>\n<h2>Les permis de travail des familles r\u00e9voqu\u00e9s<\/h2>\n<p>Les all\u00e9gations concernant la mort d\\&rsquo;al-Kilani font suite \u00e0 deux r\u00e9unions que le Premier ministre par\u00a0Int\u00e9rim\u00a0Yair Lapid a tenues avec des responsables de la s\u00e9curit\u00e9 la semaine derni\u00e8re concernant les op\u00e9rations du groupe terroriste en Jud\u00e9e-Samarie. Le Premier ministre suppl\u00e9ant Naftali Bennett et le ministre de la D\u00e9fense Benny Gantz ont assist\u00e9 \u00e0 ces r\u00e9unions.<\/p>\n<p>Isra\u00ebl a \u00e9galement annonc\u00e9 la semaine derni\u00e8re qu\\&rsquo;il avait r\u00e9voqu\u00e9 164 permis de travail de Palestiniens li\u00e9s \u00e0 des groupes terroristes. Le coordinateur des activit\u00e9s gouvernementales dans les territoires (COGAT), l\\&rsquo;agent de liaison de Tsahal avec les Palestiniens, a <span aria-haspopup=\\\"true\\\">d\u00e9clar\u00e9<\/span>\u00a0que \\\u00a0\u00bbles terroristes qui se cachent \u00e0 Naplouse doivent savoir que leur identit\u00e9\u00a0<span aria-haspopup=\\\"true\\\">est<\/span>\u00a0bien connue, et la terreur qu\\&rsquo;ils choisissent d\\&rsquo;infliger\u00a0<span aria-haspopup=\\\"true\\\">affectera<\/span>\u00a0leurs familles, qui ne pourront plus travailler en Isra\u00ebl.<\/p>\n<h2>La reddition ou la mort<\/h2>\n<p>Asharq Al-Awsat, un journal de langue arabe publi\u00e9 \u00e0 Londres, a rapport\u00e9 qu\\&rsquo;Isra\u00ebl a propos\u00e9 aux membres du groupe terroriste de se rendre \u00e0 Isra\u00ebl et d\\&rsquo;\u00eatre emprisonn\u00e9s dans une prison contr\u00f4l\u00e9e par l\\&rsquo;Autorit\u00e9 palestinienne, et d\\&rsquo;\u00eatre graci\u00e9s par Isra\u00ebl qui aurait obligation de ne pas les arr\u00eater.<\/p>\n<p>Les autorit\u00e9s isra\u00e9liennes n\\&rsquo;ont fait aucun commentaire sur le rapport et n\\&rsquo;ont pas confirm\u00e9 qu\\&rsquo;une telle offre avait \u00e9t\u00e9 faite aux membres de la Fosse aux Lions.<\/p>\n<h2>Bient\u00f4t \u00e9limin\u00e9s un par un<\/h2>\n<p>Selon le reportage, les membres de la Fosse aux Lions ont rejet\u00e9 l\\&rsquo;offre isra\u00e9lienne. Le journal a \u00e9galement rapport\u00e9 que \u00ab des sources \u00e0 Tel-Aviv (J\u00e9rusalem) ont confirm\u00e9 que l\\&rsquo;offre avait \u00e9t\u00e9 faite et ont affirm\u00e9 que l\\&rsquo;Autorit\u00e9 palestinienne l\\&rsquo;avait remise \u00bb.<\/p>\n<p>Selon le rapport, l\\&rsquo;Autorit\u00e9 Palestinienne a publi\u00e9 une d\u00e9claration aux membres de la Fosse aux Lions, disant que \u00ab l\\&rsquo;occupation\u00a0<span aria-haspopup=\\\"true\\\">est<\/span>\u00a0d\u00e9termin\u00e9e \u00e0 mettre fin \u00e0 vos op\u00e9rations, et vous \u00e9liminera un par un. Laissez-nous vous prot\u00e9ger de la tyrannie d\\&rsquo;Isra\u00ebl.<\/p>\n<p>Un porte-parole de la Fosse aux Lions a\u00a0<span aria-haspopup=\\\"true\\\">d\u00e9clar\u00e9<\/span>\u00a0que le groupe n\u2019avait pas accept\u00e9 l\\&rsquo;offre. \u00ab L\\&rsquo;offre montre l\\&rsquo;ignorance isra\u00e9lienne quant aux actions du front palestinien, qui s\\&rsquo;est \u00e9lev\u00e9 pour s\\&rsquo;opposer aux op\u00e9rations \u00e0 Al-Aqsa, \u00e0 J\u00e9rusalem et en\u00a0Jud\u00e9e\u00a0Samarie\u00a0, et pour affronter les forces de s\u00e9curit\u00e9 de l\\&rsquo;occupation. Les moudjahidines continueront d\\&rsquo;affronter et de semer la confusion dans l\u2019esprit de l\\&rsquo;occupation.<\/p>\n<p>Une source palestinienne a affirm\u00e9 la semaine derni\u00e8re que les forces de s\u00e9curit\u00e9 isra\u00e9liennes \u00e9taient dans le flou quant \u00e0 l\u2019ampleur des effectifs et des op\u00e9rations du groupe terroriste. \\\u00a0\u00bbIls pensent que le groupe se compose de 30 jeunes Palestiniens de Naplouse, mais la v\u00e9rit\u00e9 <span aria-haspopup=\\\"true\\\">est<\/span>\u00a0qu\\&rsquo;ils se comptent par centaines, voire par milliers.\\\u00a0\u00bb<\/p>\n<p><strong>La suite de l\u2019article se trouve dans le prochain num\u00e9ro d\u2019Isra\u00ebl Magazine<\/strong><\/p>\n<p><strong>D\u00e9couvrez un exemplaire du magazine gratuitement et cliquez ensuite sur le rebord droit<\/strong><\/p>\n<p><a href=\\\"https:\/\/online.fliphtml5.com\/rjspi\/ypmm\/#p=1\\\"><strong>https:\/\/online.fliphtml5.com\/rjspi\/ypmm\/#p=1<\/strong><\/a><\/p>\n<p><strong>Votre magazine est livr\u00e9 chez vous en toute confidentialit\u00e9<br \/>\nS\u2019abonner au magazine par t\u00e9l\u00e9phone ou par whats app 00972 (0) 54 254 45 20 ou au 01 86 98 27 27<\/strong><\/p>\n<p><strong>Par email\u00a0\u00a0<\/strong><a href=\\\"mailto:Andredarmon21@gmail.com\\\"><strong>Andredarmon21@gmail.com<\/strong><\/a><strong>\u00a0 pay pal<\/strong><\/p>\n<p><strong>Ou directement sur le site<\/strong><\/p>\n<p><a href=\\\"https:\/\/israelmagazine.co.il\/sabonner-au-magazine\/\\\"><strong>https:\/\/israelmagazine.co.il\/sabonner-au-magazine\/<\/strong><\/a><\/p>\n<p><strong>Ou encore S\u2019abonner au magazine livr\u00e9 chez vous en toute confidentialit\u00e9. Remplir le formulaire<\/strong><\/p>\n<p><a href=\\\"https:\/\/docs.google.com\/forms\/d\/e\/1FAIpQLSfPYJfb8KjEya-X17w0DGPAuBlCGvqVUdh_Is8EL810Lxw82A\/viewform?entry.1189475001=Recipient_Email\\\"><strong>https:\/\/docs.google.com\/forms\/d\/e\/1FAIpQLSfPYJfb8KjEya-X17w0DGPAuBlCGvqVUdh_Is8EL810Lxw82A\/viewform?entry.1189475001=Recipient_Email<\/strong><\/a><\/p>\n","protected":false},"excerpt":{"rendered":"<p>\u00c9limin\u00e9 par une moto pi\u00e9g\u00e9e Les Palestiniens affirment que Tamer al-Kilani, qui a aid\u00e9 \u00e0 ex\u00e9cuter des attaques contre des Isra\u00e9liens, a \u00e9t\u00e9 tu\u00e9 par une moto pi\u00e9g\u00e9e ;\u00a0on aper\u00e7oit un collaborateur palestinien film\u00e9 par une cam\u00e9ra de s\u00e9curit\u00e9 en train de poser des explosifs &nbsp; Tamer al-Kilani, un haut responsable du groupe terroriste \u00ab &hellip;<\/p>\n<p class=\"read-more\"> <a class=\"\" href=\"https:\/\/israelmagazine.net\/?p=58353\"> <span class=\"screen-reader-text\">Un haut responsable de la \u00ab\u00a0Fosse aux Lions\u00a0\u00bb tu\u00e9 dans l\\&rsquo;explosion de Naplouse<\/span> Lire la suite \u00bb<\/a><\/p>\n","protected":false},"author":4,"featured_media":58354,"comment_status":"open","ping_status":"open","sticky":false,"template":"","format":"standard","meta":{"site-sidebar-layout":"default","site-content-layout":"default","ast-global-header-display":"","ast-main-header-display":"","ast-hfb-above-header-display":"","ast-hfb-below-header-display":"","ast-hfb-mobile-header-display":"","site-post-title":"","ast-breadcrumbs-content":"","ast-featured-img":"","footer-sml-layout":"","theme-transparent-header-meta":"","adv-header-id-meta":"","stick-header-meta":"","header-above-stick-meta":"","header-main-stick-meta":"","header-below-stick-meta":""},"categories":[84,1621,1387,1612,1624,1616],"tags":[383,821],"sujet":[],"_links":{"self":[{"href":"https:\/\/israelmagazine.net\/index.php?rest_route=\/wp\/v2\/posts\/58353"}],"collection":[{"href":"https:\/\/israelmagazine.net\/index.php?rest_route=\/wp\/v2\/posts"}],"about":[{"href":"https:\/\/israelmagazine.net\/index.php?rest_route=\/wp\/v2\/types\/post"}],"author":[{"embeddable":true,"href":"https:\/\/israelmagazine.net\/index.php?rest_route=\/wp\/v2\/users\/4"}],"replies":[{"embeddable":true,"href":"https:\/\/israelmagazine.net\/index.php?rest_route=%2Fwp%2Fv2%2Fcomments&post=58353"}],"version-history":[{"count":0,"href":"https:\/\/israelmagazine.net\/index.php?rest_route=\/wp\/v2\/posts\/58353\/revisions"}],"wp:featuredmedia":[{"embeddable":true,"href":"https:\/\/israelmagazine.net\/index.php?rest_route=\/"}],"wp:attachment":[{"href":"https:\/\/israelmagazine.net\/index.php?rest_route=%2Fwp%2Fv2%2Fmedia&parent=58353"}],"wp:term":[{"taxonomy":"category","embeddable":true,"href":"https:\/\/israelmagazine.net\/index.php?rest_route=%2Fwp%2Fv2%2Fcategories&post=58353"},{"taxonomy":"post_tag","embeddable":true,"href":"https:\/\/israelmagazine.net\/index.php?rest_route=%2Fwp%2Fv2%2Ftags&post=58353"},{"taxonomy":"sujet","embeddable":true,"href":"https:\/\/israelmagazine.net\/index.php?rest_route=%2Fwp%2Fv2%2Fsujet&post=58353"}],"curies":[{"name":"wp","href":"https:\/\/api.w.org\/{rel}","templated":true}]}}