{"id":58378,"date":"2022-10-26T16:13:17","date_gmt":"2022-10-26T13:13:17","guid":{"rendered":"https:\/\/israelmagazine.net\/?p=58378"},"modified":"2022-10-26T16:13:17","modified_gmt":"2022-10-26T13:13:17","slug":"la-disparue-du-vatican","status":"publish","type":"post","link":"https:\/\/israelmagazine.net\/?p=58378","title":{"rendered":"La Disparue du Vatican"},"content":{"rendered":"<p style=\\\"font-weight: 400;\\\"><strong>La Disparue du Vatican<\/strong><\/p>\n<p><img class=\\\"alignnone size-medium wp-image-58381\\\" src=\\\"https:\/\/israelmagazine.co.il\/wp-content\/uploads\/2022\/10\/Mon-projet-2022-10-26T150926.913-300x157.jpg\\\" alt=\\\"\\\" width=\\\"300\\\" height=\\\"157\\\" \/><\/p>\n<h2 style=\\\"font-weight: 400;\\\"><strong>Digne d\\&rsquo;un livre de Dan Brown<\/strong><\/h2>\n<p style=\\\"font-weight: 400;\\\">Sa famille et particuli\u00e8rement son fr\u00e8re a\u00een\u00e9 Pietro continuent de rechercher Emanuela Orlandi, une adolescente qui a disparu il y a pr\u00e8s de 40 ans dans la Cit\u00e9 du Vatican, o\u00f9 elle habitait. Emanuela est la quatri\u00e8me des cinq enfants d\\&rsquo;Ercole et Maria Orlandi.<\/p>\n<p style=\\\"font-weight: 400;\\\">Son p\u00e8re est un employ\u00e9 la\u00efc de la pr\u00e9fecture de la Maison pontificale, qui vit avec sa famille dans la Cit\u00e9 du Vatican. Elle avait 15 ans. Emanuela a \u00e9t\u00e9 vue la derni\u00e8re fois le 22 juin 1983 alors qu\\&rsquo;elle sortait d\\&rsquo;un cours de musique \u00e0 Rome.<\/p>\n<h2>Vaticanleaks<\/h2>\n<p style=\\\"font-weight: 400;\\\">Il s\\&rsquo;agit encore du plus grand myst\u00e8re criminel en Italie. On se perd en conjectures avec mille pistes qui auraient pu mener \u00e0 elle, qui semblent les bonnes, puis qui s\u2019\u00e9tiolent.\u00a0 Puis arrivent les \u00abVaticanleaks\u00bb, ces documents secrets explosifs du Vatican, qui seront divulgu\u00e9s publiquement, o\u00f9 le Vatican s\u2019av\u00e8re une institution corrompue, gaspillant l\u2019argent par milliards, dissimulant ses propres p\u00e9ch\u00e9s capitaux, prot\u00e9geant nombre de ses \u00e9v\u00eaques et cardinaux p\u00e9dophiles, de notori\u00e9t\u00e9, malheureusement pas encore publique.<\/p>\n<p style=\\\"font-weight: 400;\\\">Or, apr\u00e8s plusieurs heures de film, un t\u00e9moin majeur appara\u00eet, Rafa\u00eblla Monzi, une ancienne camarade de classe d\u2019Emanuela qui vient faire une d\u00e9position mais cela, 35 ans apr\u00e8s les faits. Emanuela lui avait racont\u00e9, tout juste avant sa disparition, qu\u2019elle avait \u00e9t\u00e9 viol\u00e9e, sous une forme ou sous une autre, par un haut membre de l\\&rsquo;\u00c9glise, proche du pape. On parle du cardinal Giovanni Battista Re. Mais la censure veille.<\/p>\n<h2>La Mafia enterre ses morts \u00e0 l\\&rsquo;\u00e9glise<\/h2>\n<p style=\\\"font-weight: 400;\\\">La famille et ses avocats avaient \u00e9tabli de mani\u00e8re certaine qu\u2019Emanuela avait \u00e9t\u00e9 enlev\u00e9e par un membre de la mafia romaine (bizarrement enterr\u00e9 dans une \u00e9glise, privil\u00e8ge accord\u00e9 \u00e0 ceux qui ont rendu de grands services \u00e0 l\u2019\u00c9glise). On peut supposer que le Vatican avait pay\u00e9 la mafia avec laquelle elle entretient des rapports d\u2019argent pour enlever Emanuela, afin de la soustraire \u00e0 d\u2019\u00e9ventuelles r\u00e9v\u00e9lations qui pouvaient d\u00e9truire la r\u00e9putation de l\u2019\u00c9glise \u00e0 l\u2019\u00e9poque.\u00a0 Et la mafia, que rien n\u2019arr\u00eate, aurait fait chanter le Vatican. On a essay\u00e9 \u00e0 une \u00e9poque de lier cet enl\u00e8vement \u00e0 la tentative d\u2019assassinat de Jean-Paul 2,<\/p>\n<p><strong>La suite de l\u2019article se trouve dans le prochain num\u00e9ro d\u2019Isra\u00ebl Magazine<\/strong><\/p>\n<p><strong>D\u00e9couvrez un exemplaire du magazine gratuitement et cliquez ensuite sur le rebord droit<\/strong><\/p>\n<p><a href=\\\"https:\/\/online.fliphtml5.com\/rjspi\/ypmm\/#p=1\\\"><strong>https:\/\/online.fliphtml5.com\/rjspi\/ypmm\/#p=1<\/strong><\/a><\/p>\n<p><strong>Votre magazine est livr\u00e9 chez vous en toute confidentialit\u00e9<br \/>\nS\u2019abonner au magazine par t\u00e9l\u00e9phone ou par whats app 00972 (0) 54 254 45 20 ou au 01 86 98 27 27<\/strong><\/p>\n<p><strong>Par email\u00a0\u00a0<\/strong><a href=\\\"mailto:Andredarmon21@gmail.com\\\"><strong>Andredarmon21@gmail.com<\/strong><\/a><strong>\u00a0 pay pal<\/strong><\/p>\n<p><strong>Ou directement sur le site<\/strong><\/p>\n<p><a href=\\\"https:\/\/israelmagazine.co.il\/sabonner-au-magazine\/\\\"><strong>https:\/\/israelmagazine.co.il\/sabonner-au-magazine\/<\/strong><\/a><\/p>\n<p><strong>Ou encore S\u2019abonner au magazine livr\u00e9 chez vous en toute confidentialit\u00e9. Remplir le formulaire<\/strong><\/p>\n<p><a href=\\\"https:\/\/docs.google.com\/forms\/d\/e\/1FAIpQLSfPYJfb8KjEya-X17w0DGPAuBlCGvqVUdh_Is8EL810Lxw82A\/viewform?entry.1189475001=Recipient_Email\\\"><strong>https:\/\/docs.google.com\/forms\/d\/e\/1FAIpQLSfPYJfb8KjEya-X17w0DGPAuBlCGvqVUdh_Is8EL810Lxw82A\/viewform?entry.1189475001=Recipient_Email<\/strong><\/a><\/p>\n","protected":false},"excerpt":{"rendered":"<p>La Disparue du Vatican Digne d\\&rsquo;un livre de Dan Brown Sa famille et particuli\u00e8rement son fr\u00e8re a\u00een\u00e9 Pietro continuent de rechercher Emanuela Orlandi, une adolescente qui a disparu il y a pr\u00e8s de 40 ans dans la Cit\u00e9 du Vatican, o\u00f9 elle habitait. Emanuela est la quatri\u00e8me des cinq enfants d\\&rsquo;Ercole et Maria Orlandi. Son &hellip;<\/p>\n<p class=\"read-more\"> <a class=\"\" href=\"https:\/\/israelmagazine.net\/?p=58378\"> <span class=\"screen-reader-text\">La Disparue du Vatican<\/span> Lire la suite \u00bb<\/a><\/p>\n","protected":false},"author":4,"featured_media":58380,"comment_status":"open","ping_status":"open","sticky":false,"template":"","format":"standard","meta":{"site-sidebar-layout":"default","site-content-layout":"default","ast-global-header-display":"","ast-main-header-display":"","ast-hfb-above-header-display":"","ast-hfb-below-header-display":"","ast-hfb-mobile-header-display":"","site-post-title":"","ast-breadcrumbs-content":"","ast-featured-img":"","footer-sml-layout":"","theme-transparent-header-meta":"","adv-header-id-meta":"","stick-header-meta":"","header-above-stick-meta":"","header-main-stick-meta":"","header-below-stick-meta":""},"categories":[84,1621],"tags":[],"sujet":[],"_links":{"self":[{"href":"https:\/\/israelmagazine.net\/index.php?rest_route=\/wp\/v2\/posts\/58378"}],"collection":[{"href":"https:\/\/israelmagazine.net\/index.php?rest_route=\/wp\/v2\/posts"}],"about":[{"href":"https:\/\/israelmagazine.net\/index.php?rest_route=\/wp\/v2\/types\/post"}],"author":[{"embeddable":true,"href":"https:\/\/israelmagazine.net\/index.php?rest_route=\/wp\/v2\/users\/4"}],"replies":[{"embeddable":true,"href":"https:\/\/israelmagazine.net\/index.php?rest_route=%2Fwp%2Fv2%2Fcomments&post=58378"}],"version-history":[{"count":0,"href":"https:\/\/israelmagazine.net\/index.php?rest_route=\/wp\/v2\/posts\/58378\/revisions"}],"wp:featuredmedia":[{"embeddable":true,"href":"https:\/\/israelmagazine.net\/index.php?rest_route=\/"}],"wp:attachment":[{"href":"https:\/\/israelmagazine.net\/index.php?rest_route=%2Fwp%2Fv2%2Fmedia&parent=58378"}],"wp:term":[{"taxonomy":"category","embeddable":true,"href":"https:\/\/israelmagazine.net\/index.php?rest_route=%2Fwp%2Fv2%2Fcategories&post=58378"},{"taxonomy":"post_tag","embeddable":true,"href":"https:\/\/israelmagazine.net\/index.php?rest_route=%2Fwp%2Fv2%2Ftags&post=58378"},{"taxonomy":"sujet","embeddable":true,"href":"https:\/\/israelmagazine.net\/index.php?rest_route=%2Fwp%2Fv2%2Fsujet&post=58378"}],"curies":[{"name":"wp","href":"https:\/\/api.w.org\/{rel}","templated":true}]}}