{"id":58413,"date":"2022-10-30T14:19:03","date_gmt":"2022-10-30T12:19:03","guid":{"rendered":"https:\/\/israelmagazine.net\/?p=58413"},"modified":"2022-10-30T14:19:03","modified_gmt":"2022-10-30T12:19:03","slug":"la-droite-israelienne-en-colere-apres-la-comparaison-entre-le-parti-nazi-et-le-likoud-par-yesh-atid","status":"publish","type":"post","link":"https:\/\/israelmagazine.net\/?p=58413","title":{"rendered":"La droite isra\u00e9lienne en col\u00e8re apr\u00e8s la comparaison entre le parti nazi et le Likoud par Yesh Atid"},"content":{"rendered":"<h2>Qu\\&rsquo;est-ce qui permet de rapprocher le Likoud \\\u00a0\u00bb du parti nazi\\\u00a0\u00bb, selon Ben Barak, de Yesh Atid?<\/h2>\n<p><img class=\\\"alignnone size-medium wp-image-58421\\\" src=\\\"https:\/\/israelmagazine.co.il\/wp-content\/uploads\/2022\/10\/Mon-projet-2022-10-30T132013.489-300x157.jpg\\\" alt=\\\"\\\" width=\\\"300\\\" height=\\\"157\\\" \/><\/p>\n<p>Ram Ben Barak d\u00e9clare\u00a0: \u00ab\u00a0Netanyahou et Ben-Gvir qui ciblent la Haute Cour de Justice, rappellent Adolf Hitler\u00a0\u00bb<\/p>\n<p>\u00ab\u00a0Je ne compare cela \u00e0 rien \u2013 je dis cela par avance, afin qu\u2019on ne me fasse pas dire ce que je ne dis pas, &#8211; mais Hitler est arriv\u00e9 au pouvoir d\u00e9mocratiquement, il a \u00e9t\u00e9 \u00e9lu de mani\u00e8re d\u00e9mocratique, et l\u2019une des premi\u00e8res lois qu\u2019il a promulgu\u00e9, sinon la premi\u00e8re, a consist\u00e9 \u00e0 annuler la Haute Cour [allemande], puis il a fait progresser ses propres lois [de Nuremberg] et a fait de l\u2019Allemagne ce qu\u2019elle est devenue\u00a0\u00bb, a d\u00e9clar\u00e9 Ben Barak, pr\u00e9sident de la commission de la d\u00e9fense et des affaires \u00e9trang\u00e8res de la Knesset et d\u00e9put\u00e9 de Yesh Atid, Ram Ben Barak, ancien n\u00b02 du Mossad, lors d\u2019une interview sur un \u00e9v\u00e9nement culturel, \u00e0 Beer Sheva.<\/p>\n<h2>\\\u00a0\u00bbIls feront tout ce qu\\&rsquo;ils voudront\\\u00a0\u00bb<\/h2>\n<p>\u00ab\u00a0Nous devons prot\u00e9ger notre d\u00e9mocratie. C\u2019est pourquoi l\u2019association de Ben Gvir avec Binyamin Netanyahou -qui cherche \u00e0 \u00e9chapper \u00e0 son proc\u00e8s \u2013 et qui devrait leur permettre de faire presque tout ce qu\u2019ils veulent- est dangereuse. Il faut l\u2019emp\u00eacher et c\u2019est pourquoi il faut que nous devons gagner cette \u00e9lection\u00a0\u00bb, a d\u00e9clar\u00e9 Ben Barak sous les applaudissements de la foule.<\/p>\n<p>\u00ab\u00a0La d\u00e9mocratie ne consiste pas seulement \u00e0 mettre un bulletin dans l\u2019urne, c\u2019est aussi une culture qui s\u2019est construite ici depuis cent ans, bien avant la fondation de l\u2019Etat. Mais elle est pr\u00e9caire et tr\u00e8s facile \u00e0 d\u00e9truire\u00a0\u00bb.<\/p>\n<h2>Ben Barak veut clarifier sa comparaison comme n\u2019en \u00e9tant pas vraiment une<\/h2>\n<p>Sur Twitter, il r\u00e9\u00e9crit\u00a0: \u00ab\u00a0\u00e7a devrait pourtant \u00eatre clair\u00a0: je ne compare pas et ne comparerai jamais personne dans l\u2019Etat d\u2019Isra\u00ebl ou dans le monde \u00e0 Hitler. Cette tentative de le pr\u00e9senter comme tel n\u2019est pas vraie et il est regrettable que quelqu\u2019un essaie de le pr\u00e9senter comme tel\u00a0\u00bb.<\/p>\n<p>Les hommes politiques de droite ont exprim\u00e9 leur indignation, face \u00e0 ces contorsions.<\/p>\n<p>\u00ab Ram Ben Barak, l\u2019un des dix premiers candidats de Yesh Atid, m\u2019a compar\u00e9 \u00e0 Hitler et les partisans du Likoud au parti nazi \u00bb, d\u00e9clare Netanyahou sur vid\u00e9o. C\u2019est honteux et nous y r\u00e9pondrons par les urnes, mardi \u00bb.<\/p>\n<h2>La Reductio Ad Hitlerum, arme fatale du centre-gauche ?<\/h2>\n<p>\u00ab\u00a0Ram Ben Barak a franchi une ligne rouge en me comparant au plus grand oppresseur de l\u2019histoire pour tout le peuple juif\u00a0\u00bb, d\u00e9clare Ben Gvir dans un communiqu\u00e9.<\/p>\n<p>\u00ab\u00a0Cette comparaison stupide et honteuse n\u2019est pas seulement blessante pour moi, mais pour les six millions de Juifs qui ont \u00e9t\u00e9 extermin\u00e9s, massacr\u00e9s et br\u00fbl\u00e9s par les nazis\u00a0\u00bb.<\/p>\n<p>\u00ab\u00a0 J\u2019exige que Ya\u00efr Lapid expulse imm\u00e9diatement Ben Barak et Yesh Atid\u00a0\u00bb, a d\u00e9clar\u00e9 Ben-Gvir.<\/p>\n<p><strong>La suite de l\u2019article se trouve dans le prochain num\u00e9ro d\u2019Isra\u00ebl Magazine<\/strong><\/p>\n<p><strong>D\u00e9couvrez un exemplaire du magazine gratuitement et cliquez ensuite sur le rebord droit<\/strong><\/p>\n<p><a href=\\\"https:\/\/online.fliphtml5.com\/rjspi\/ypmm\/#p=1\\\"><strong>https:\/\/online.fliphtml5.com\/rjspi\/ypmm\/#p=1<\/strong><\/a><\/p>\n<p><strong>Votre magazine est livr\u00e9 chez vous en toute confidentialit\u00e9<br \/>\nS\u2019abonner au magazine par t\u00e9l\u00e9phone ou par whats app 00972 (0) 54 254 45 20 ou au 01 86 98 27 27<\/strong><\/p>\n<p><strong>Par email\u00a0\u00a0<\/strong><a href=\\\"mailto:Andredarmon21@gmail.com\\\"><strong>Andredarmon21@gmail.com<\/strong><\/a><strong>\u00a0 pay pal<\/strong><\/p>\n<p><strong>Ou directement sur le site<\/strong><\/p>\n<p><a href=\\\"https:\/\/israelmagazine.co.il\/sabonner-au-magazine\/\\\"><strong>https:\/\/israelmagazine.co.il\/sabonner-au-magazine\/<\/strong><\/a><\/p>\n<p><strong>Ou encore S\u2019abonner au magazine livr\u00e9 chez vous en toute confidentialit\u00e9. Remplir le formulaire<\/strong><\/p>\n<p><a href=\\\"https:\/\/docs.google.com\/forms\/d\/e\/1FAIpQLSfPYJfb8KjEya-X17w0DGPAuBlCGvqVUdh_Is8EL810Lxw82A\/viewform?entry.1189475001=Recipient_Email\\\"><strong>https:\/\/docs.google.com\/forms\/d\/e\/1FAIpQLSfPYJfb8KjEya-X17w0DGPAuBlCGvqVUdh_Is8EL810Lxw82A\/viewform?entry.1189475001=Recipient_Email<\/strong><\/a><\/p>\n","protected":false},"excerpt":{"rendered":"<p>Qu\\&rsquo;est-ce qui permet de rapprocher le Likoud \\\u00a0\u00bb du parti nazi\\\u00a0\u00bb, selon Ben Barak, de Yesh Atid? Ram Ben Barak d\u00e9clare\u00a0: \u00ab\u00a0Netanyahou et Ben-Gvir qui ciblent la Haute Cour de Justice, rappellent Adolf Hitler\u00a0\u00bb \u00ab\u00a0Je ne compare cela \u00e0 rien \u2013 je dis cela par avance, afin qu\u2019on ne me fasse pas dire ce que &hellip;<\/p>\n<p class=\"read-more\"> <a class=\"\" href=\"https:\/\/israelmagazine.net\/?p=58413\"> <span class=\"screen-reader-text\">La droite isra\u00e9lienne en col\u00e8re apr\u00e8s la comparaison entre le parti nazi et le Likoud par Yesh Atid<\/span> Lire la suite \u00bb<\/a><\/p>\n","protected":false},"author":4,"featured_media":58414,"comment_status":"open","ping_status":"open","sticky":false,"template":"","format":"standard","meta":{"site-sidebar-layout":"default","site-content-layout":"default","ast-global-header-display":"","ast-main-header-display":"","ast-hfb-above-header-display":"","ast-hfb-below-header-display":"","ast-hfb-mobile-header-display":"","site-post-title":"","ast-breadcrumbs-content":"","ast-featured-img":"","footer-sml-layout":"","theme-transparent-header-meta":"","adv-header-id-meta":"","stick-header-meta":"","header-above-stick-meta":"","header-main-stick-meta":"","header-below-stick-meta":""},"categories":[84,1621,1674,1191],"tags":[1739,1474,1105,1839,1761],"sujet":[],"_links":{"self":[{"href":"https:\/\/israelmagazine.net\/index.php?rest_route=\/wp\/v2\/posts\/58413"}],"collection":[{"href":"https:\/\/israelmagazine.net\/index.php?rest_route=\/wp\/v2\/posts"}],"about":[{"href":"https:\/\/israelmagazine.net\/index.php?rest_route=\/wp\/v2\/types\/post"}],"author":[{"embeddable":true,"href":"https:\/\/israelmagazine.net\/index.php?rest_route=\/wp\/v2\/users\/4"}],"replies":[{"embeddable":true,"href":"https:\/\/israelmagazine.net\/index.php?rest_route=%2Fwp%2Fv2%2Fcomments&post=58413"}],"version-history":[{"count":0,"href":"https:\/\/israelmagazine.net\/index.php?rest_route=\/wp\/v2\/posts\/58413\/revisions"}],"wp:featuredmedia":[{"embeddable":true,"href":"https:\/\/israelmagazine.net\/index.php?rest_route=\/"}],"wp:attachment":[{"href":"https:\/\/israelmagazine.net\/index.php?rest_route=%2Fwp%2Fv2%2Fmedia&parent=58413"}],"wp:term":[{"taxonomy":"category","embeddable":true,"href":"https:\/\/israelmagazine.net\/index.php?rest_route=%2Fwp%2Fv2%2Fcategories&post=58413"},{"taxonomy":"post_tag","embeddable":true,"href":"https:\/\/israelmagazine.net\/index.php?rest_route=%2Fwp%2Fv2%2Ftags&post=58413"},{"taxonomy":"sujet","embeddable":true,"href":"https:\/\/israelmagazine.net\/index.php?rest_route=%2Fwp%2Fv2%2Fsujet&post=58413"}],"curies":[{"name":"wp","href":"https:\/\/api.w.org\/{rel}","templated":true}]}}