{"id":58458,"date":"2022-11-03T15:19:45","date_gmt":"2022-11-03T13:19:45","guid":{"rendered":"https:\/\/israelmagazine.net\/?p=58458"},"modified":"2022-11-03T15:19:45","modified_gmt":"2022-11-03T13:19:45","slug":"ministre-disrael-ben-gvir-tentera-de-promouvoir-3-causes","status":"publish","type":"post","link":"https:\/\/israelmagazine.net\/?p=58458","title":{"rendered":"Ministre d\\&rsquo;Isra\u00ebl, Ben-Gvir tentera de promouvoir 3 causes"},"content":{"rendered":"<p><img class=\\\"alignnone size-medium wp-image-56294\\\" src=\\\"https:\/\/israelmagazine.co.il\/wp-content\/uploads\/2021\/12\/BenGvirReuters-300x176.jpg\\\" alt=\\\"\\\" width=\\\"300\\\" height=\\\"176\\\" \/><\/p>\n<p>Qu\\&rsquo;est-ce qu\\&rsquo;Itamar Ben-Gvir, l\\&rsquo;homme politique isra\u00e9lien le plus haut en couleurs et le plus controvers\u00e9, pr\u00e9voit de faire, alors qu\u2019il se trouve au c\u0153ur d\\&rsquo;une coalition dirig\u00e9e par Benjamin Netanyahu ?<\/p>\n<h2>S\u2019attaquer au terrorisme contre les Juifs<\/h2>\n<p>Itamar Ben Gvir aura \u00e0 c\u0153ur de \u00ab\u00a0s\u2019attaquer \u00e0 la mont\u00e9e de la terreur contre les Juifs et de faire comprendre qu\u2019il ne peut subsister de zones interdites en Isra\u00ebl\u00a0\u00bb, a expliqu\u00e9 une source proche du pr\u00e9sident du groupe de droite radicale Otzma Yehudit, Itamar Ben Gvir.<\/p>\n<h2>1-\u00a0\u00a0\u00a0\u00a0R\u00e9primer la criminalit\u00e9 arabe et expulser Ayman Odeh<\/h2>\n<p>Ben Gvir est d\u00e9termin\u00e9 \u00e0 apporter des changements spectaculaires concernant toutes les agences de s\u00e9curit\u00e9 isra\u00e9liennes.<\/p>\n<p>Cependant, des sources au sein du Mossad, du Shin Bet et de Tsahal ont insist\u00e9, de leur c\u00f4t\u00e9, pour mettre en garde les \u00e9chelons sup\u00e9rieurs des dangers potentiels que repr\u00e9senteraient Ben Gvir et Smotrich, s\u2019ils \u00e9taient plac\u00e9s \u00e0 la t\u00eate de minist\u00e8res r\u00e9galiens et s\u00e9curitaires comme l\u2019Int\u00e9rieur ou la D\u00e9fense. Selon, elles, cela se traduirait par l\u2019escalade en Jud\u00e9e-Samarie et l\u2019utilisation des agences au service d\u2019un agenda politis\u00e9. D\u2019autres, comme l\u2019ancien chef du Mossad, Danny Yatom, disent qu\u2019il n\u2019y a pas d\u2019inqui\u00e9tude particuli\u00e8re \u00e0 avoir et qu\u2019ils se conformeront aux usages et \u00e0 la discipline de ces services. Des informations officieuses \u00e9manant de l\\&rsquo;entourage de Bibi Netanyahou, si elles lui accordent un \\\u00a0\u00bbminist\u00e8re important\\\u00a0\u00bb, l\\&rsquo;\u00e9loignent de la sph\u00e8re de la s\u00e9curit\u00e9.<\/p>\n<p>Il y a peu, Ben Gvir d\u00e9clarait\u00a0\u00e0 la cha\u00eene 12 : \u00ab\u00a0Nous devrions expulser dans des navires et des charters ceux qui portent pr\u00e9judice aux soldats de Tsahal\u00a0\u00bb. Il a ajout\u00e9 que le chef du parti Hadash et de l\u2019alliance de la Liste arabe unifi\u00e9e, Ayman Odeh \u00ab\u00a0agit contre l\u2019int\u00e9r\u00eat et la s\u00e9curit\u00e9 de ce pays\u00a0\u00bb et doit \u00eatre expuls\u00e9. Entre les lignes, on ne sait exactement s\u2019il sous-entendait qu\u2019il souhaitait le voir quitter son si\u00e8ge \u00e0 la Knesset ou le pays tout simplement.<\/p>\n<p>Pourtant, il n\u2019entend pas se contenter de combattre le terrorisme et l\u2019incitation contre les Juifs, mais prend conscience de la n\u00e9cessit\u00e9 de lib\u00e9rer les villes et villages arabes de la criminalit\u00e9 intestine qui les affecte et de rallier les plus audacieux pour en venir \u00e0 bout\u00a0: \u00ab\u00a0Le temps est venu pour Ben Gvir, d\u2019arr\u00eater le crime\u00a0\u00bb, lit-on sur des affiches r\u00e9dig\u00e9es en arabe.<\/p>\n<p>Ses militants ont prudemment expos\u00e9 qu\u2019ils n\u2019iraient pas physiquement distribuer ces d\u00e9pliants, au risque de provocations, mais les diffuseraient en ligne. Ben Gvir a l\u2019ambition de s\u2019adresser directement au public arabe et de contourner la m\u00e9diation de ses politiciens.<\/p>\n<p>\u00ab\u00a0Vous aussi m\u00e9ritez que vos enfants \u00e9chappent au meurtre, au cours de guerres intestines et que cesse la violence dans les quartiers (arabes)\u00a0\u00bb, a d\u00e9clar\u00e9 le chef d\u2019Otzma Yehudit dans une interview \u00e0 Mohammad Magadli de la cha\u00eene 12, au cours d\u2019une interview.<\/p>\n<p>\u00ab\u00a0Je n\u2019ai aucun probl\u00e8me avec les Arabes. J\u2019ai un probl\u00e8me avec les terroristes. J\u2019ai un v\u00e9ritable probl\u00e8me avec ceux qui l\u00e8vent la main et jettent des pierres et des cocktails-molotov [sur nous] uniquement parce que nous sommes Juifs\u00a0\u00bb, a d\u00e9clar\u00e9 Ben Gvir. Pour d\u00e9finir ces distinctions, il a ajout\u00e9\u00a0: \u00ab\u00a0Un citoyen arabe peut \u00eatre ministre, il peut \u00eatre juge \u2013 mais il doit \u00eatre loyal envers ce pays. Je ne peux pas autoriser la pr\u00e9sence de ceux qui ne sont pas fid\u00e8les au pays dans la coalition [dont nous ferons partie\u00a0]. Il s\u2019ing\u00e9nie \u00e0 se montrer plus mature et moins provocateur, ces derniers temps, mais on ne discerne pas encore clairement s\u2019il s\u2019agit d\u2019un v\u00e9ritable changement ou d\u2019une position strat\u00e9gique qu\u2019il a adopt\u00e9e pour se \u00ab\u00a0respectabiliser\u00a0\u00bb comme on dit en France. Seul l\u2019usage le dira.<\/p>\n<p>\u00ab J\u2019ai \u00e9t\u00e9 condamn\u00e9 il y a vingt ans pour avoir cr\u00e9\u00e9 un autocollant sur lequel on \u00e9crivait : \u00ab Expulsez les Arabes \u00bb, a-t-il rappel\u00e9 \u00e0 Magadli. \u00ab Aujourd\u2019hui, je ne suis plus favorable \u00e0 l\u2019expulsion des Arabes \u00bb. \u00ab Quand je demande au d\u00e9put\u00e9 Mansour Abbas de condamner les jets de pierre sur les soldats de Tsahal \u2013[il fait l\u2019inverse- et] soutient le terrorisme \u00bb.<\/p>\n<h2>2-\u00a0\u00a0\u00a0\u00a0Renforcer le conservatisme sur la religion et l\u2019\u00c9tat et limiter l\u2019influence r\u00e9formatrice<\/h2>\n<p>Ben Gvir et son parti sont r\u00e9solus \u00e0 travailler sur les questions de la religion et de l\u2019\u00c9tat, dans une perspective conservatrice\u00a0: \u00ab\u00a0Les Juifs r\u00e9form\u00e9s s\u00e8ment la destruction (et l\u2019assimilation) au sein des communaut\u00e9s juives am\u00e9ricaines, l\u2019assimilation produite porte un coup terrible (au juda\u00efsme), a d\u00e9clar\u00e9 Yitzhak Wasserlauf, n\u00b02 d\u2019Otzma Yehudit, lors d\u2019une interview \u00e0 Makor Rishon. Selon lui, les Juifs r\u00e9form\u00e9s en viennent \u00e0 se \u00ab\u00a0moquer de la religion\u00a0: ils c\u00e9l\u00e8brent des bar mitzvah pour les chiens et pratiquent des mariages associant un rabbin et un pr\u00eatre en m\u00eame temps. La cons\u00e9quence se traduit par la perte annuelle d\u2019un grand pourcentage de Juifs aux \u00c9tats-Unis. En Isra\u00ebl, il n\u2019y a presque pas de communaut\u00e9s r\u00e9form\u00e9es, ils font juste un peu de bruit comme s\u2019ils disposaient d\u2019un large soutien mondial\u00a0\u00bb<\/p>\n<p>Le rabbin Amichai Eliyahu, fils du grand rabbin de Safed, Shmuel Eliyahu et conscience spirituelle d\\&rsquo;Otzma\u00a0Yehudit, a d\u00e9clar\u00e9 que le juda\u00efsme r\u00e9form\u00e9\u00a0n\u2019est pas un courant (diff\u00e9rent) du juda\u00efsme, car il ne peut exister qu\u2019un seul juda\u00efsme unifi\u00e9. Je suis compl\u00e8tement ne paix avec celui qui se d\u00e9clare juif r\u00e9form\u00e9. C\u2019est mon fr\u00e8re, je me battrai pour lui, mais ce n\u2019est pas pour autant que je suis d\u2019accord avec lui. Soulignant que le mouvement est tr\u00e8s probl\u00e9matique, il se dit pr\u00eat \u00e0 rencontrer des juifs r\u00e9form\u00e9s ou peut-\u00eatre des rabbins, mais pas la direction du mouvement.<\/p>\n<h3>3-\u00a0\u00a0\u00a0\u00a0Lutter contre l\u2019immigration ill\u00e9gale<\/h3>\n<p>Pour Ben Gvir, Isra\u00ebl doit \u00eatre plus strict envers les migrants ill\u00e9gaux vivant en Isra\u00ebl sans permis ni visa.<\/p>\n<p><strong>La suite de l\u2019article se trouve dans le prochain num\u00e9ro d\u2019Isra\u00ebl Magazine<\/strong><\/p>\n<p><strong>D\u00e9couvrez un exemplaire du magazine gratuitement et cliquez ensuite sur le rebord droit<\/strong><\/p>\n<p><a href=\\\"https:\/\/online.fliphtml5.com\/rjspi\/ypmm\/#p=1\\\"><strong>https:\/\/online.fliphtml5.com\/rjspi\/ypmm\/#p=1<\/strong><\/a><\/p>\n<p><strong>Votre magazine est livr\u00e9 chez vous en toute confidentialit\u00e9<br \/>\nS\u2019abonner au magazine par t\u00e9l\u00e9phone ou par whats app 00972 (0) 54 254 45 20 ou au 01 86 98 27 27<\/strong><\/p>\n<p><strong>Par email\u00a0\u00a0<\/strong><a href=\\\"mailto:Andredarmon21@gmail.com\\\"><strong>Andredarmon21@gmail.com<\/strong><\/a><strong>\u00a0 pay pal<\/strong><\/p>\n<p><strong>Ou directement sur le site<\/strong><\/p>\n<p><a href=\\\"https:\/\/israelmagazine.co.il\/sabonner-au-magazine\/\\\"><strong>https:\/\/israelmagazine.co.il\/sabonner-au-magazine\/<\/strong><\/a><\/p>\n<p><strong>Ou encore S\u2019abonner au magazine livr\u00e9 chez vous en toute confidentialit\u00e9. Remplir le formulaire<\/strong><\/p>\n<p><a href=\\\"https:\/\/docs.google.com\/forms\/d\/e\/1FAIpQLSfPYJfb8KjEya-X17w0DGPAuBlCGvqVUdh_Is8EL810Lxw82A\/viewform?entry.1189475001=Recipient_Email\\\"><strong>https:\/\/docs.google.com\/forms\/d\/e\/1FAIpQLSfPYJfb8KjEya-X17w0DGPAuBlCGvqVUdh_Is8EL810Lxw82A\/viewform?entry.1189475001=Recipient_Email<\/strong><\/a><\/p>\n","protected":false},"excerpt":{"rendered":"<p>Qu\\&rsquo;est-ce qu\\&rsquo;Itamar Ben-Gvir, l\\&rsquo;homme politique isra\u00e9lien le plus haut en couleurs et le plus controvers\u00e9, pr\u00e9voit de faire, alors qu\u2019il se trouve au c\u0153ur d\\&rsquo;une coalition dirig\u00e9e par Benjamin Netanyahu ? S\u2019attaquer au terrorisme contre les Juifs Itamar Ben Gvir aura \u00e0 c\u0153ur de \u00ab\u00a0s\u2019attaquer \u00e0 la mont\u00e9e de la terreur contre les Juifs et &hellip;<\/p>\n<p class=\"read-more\"> <a class=\"\" href=\"https:\/\/israelmagazine.net\/?p=58458\"> <span class=\"screen-reader-text\">Ministre d\\&rsquo;Isra\u00ebl, Ben-Gvir tentera de promouvoir 3 causes<\/span> Lire la suite \u00bb<\/a><\/p>\n","protected":false},"author":4,"featured_media":55573,"comment_status":"open","ping_status":"open","sticky":false,"template":"","format":"standard","meta":{"site-sidebar-layout":"default","site-content-layout":"default","ast-global-header-display":"","ast-main-header-display":"","ast-hfb-above-header-display":"","ast-hfb-below-header-display":"","ast-hfb-mobile-header-display":"","site-post-title":"","ast-breadcrumbs-content":"","ast-featured-img":"","footer-sml-layout":"","theme-transparent-header-meta":"","adv-header-id-meta":"","stick-header-meta":"","header-above-stick-meta":"","header-main-stick-meta":"","header-below-stick-meta":""},"categories":[84,1621,1387,1612,841,1673,1674,1191,1615],"tags":[1739,845,1474,2013,1628,1700,383,2569,1636,821],"sujet":[],"_links":{"self":[{"href":"https:\/\/israelmagazine.net\/index.php?rest_route=\/wp\/v2\/posts\/58458"}],"collection":[{"href":"https:\/\/israelmagazine.net\/index.php?rest_route=\/wp\/v2\/posts"}],"about":[{"href":"https:\/\/israelmagazine.net\/index.php?rest_route=\/wp\/v2\/types\/post"}],"author":[{"embeddable":true,"href":"https:\/\/israelmagazine.net\/index.php?rest_route=\/wp\/v2\/users\/4"}],"replies":[{"embeddable":true,"href":"https:\/\/israelmagazine.net\/index.php?rest_route=%2Fwp%2Fv2%2Fcomments&post=58458"}],"version-history":[{"count":0,"href":"https:\/\/israelmagazine.net\/index.php?rest_route=\/wp\/v2\/posts\/58458\/revisions"}],"wp:featuredmedia":[{"embeddable":true,"href":"https:\/\/israelmagazine.net\/index.php?rest_route=\/"}],"wp:attachment":[{"href":"https:\/\/israelmagazine.net\/index.php?rest_route=%2Fwp%2Fv2%2Fmedia&parent=58458"}],"wp:term":[{"taxonomy":"category","embeddable":true,"href":"https:\/\/israelmagazine.net\/index.php?rest_route=%2Fwp%2Fv2%2Fcategories&post=58458"},{"taxonomy":"post_tag","embeddable":true,"href":"https:\/\/israelmagazine.net\/index.php?rest_route=%2Fwp%2Fv2%2Ftags&post=58458"},{"taxonomy":"sujet","embeddable":true,"href":"https:\/\/israelmagazine.net\/index.php?rest_route=%2Fwp%2Fv2%2Fsujet&post=58458"}],"curies":[{"name":"wp","href":"https:\/\/api.w.org\/{rel}","templated":true}]}}