{"id":58493,"date":"2022-11-07T18:53:52","date_gmt":"2022-11-07T16:53:52","guid":{"rendered":"https:\/\/israelmagazine.net\/?p=58493"},"modified":"2022-11-07T18:53:52","modified_gmt":"2022-11-07T16:53:52","slug":"itamar-ben-gvir-veut-rassurer-a-gauche","status":"publish","type":"post","link":"https:\/\/israelmagazine.net\/?p=58493","title":{"rendered":"Itamar Ben Gvir veut rassurer \u00e0 gauche"},"content":{"rendered":"<h2>Fraternit\u00e9<\/h2>\n<p>Itamar Be, Gvir, pr\u00e9sident d\u2019Otzma Yehudit, a r\u00e9dig\u00e9 une chronique sp\u00e9ciale, ce matin (lundi 7), dans Isra\u00ebl Hayom, \u00e0 l\u2019intention de ceux qui s\u2019inqui\u00e8tent sur le poids de son parti dans la future coalition.<\/p>\n<p>Ben Gvir \u00e9crit\u00a0: \u00ab\u00a0Mes amis de gauche, nous sommes fr\u00e8res. Malgr\u00e9 les pol\u00e9miques, malgr\u00e9 quatre campagnes \u00e9lectorales, qui ont conduit \u00e0 un discours polaris\u00e9 et \u00e0 couteaux tir\u00e9s, malgr\u00e9 la diabolisation et la haine, malgr\u00e9 tout cela, nous sommes fr\u00e8res\u00a0\u00bb.<\/p>\n<h2>Pas de chasse aux sorci\u00e8res la\u00efques<\/h2>\n<p>Il ajoute\u00a0: \u00ab\u00a0L\u2019Etat ne fonctionnait pas uniquement dans votre sens, vous et moi tous ensemble sommes l\u2019Etat et nous n\u2019avons pas l\u2019intention de changer ce service pour tous. J\u2019entends parler de la \u00ab\u00a0peur de la coercition religieuse\u00a0\u00bb, mais je m\u2019interroge\u00a0: qui sera forc\u00e9 de faire quoi\u00a0? Sera-ce mon fr\u00e8re Sha\u00ef qui ne porte pas la kippa ou Tzvika Fogel et Almog Cohen, candidats \u00ab\u00a0la\u00efcs\u00a0\u00bb que j\u2019ai insist\u00e9 pour int\u00e9grer au sein du parti du \u00ab\u00a0Pouvoir Juif\u00a0\u00bb\u00a0?<\/p>\n<p>\u00ab J\u2019entends parler de la peur de la \u00ab police de la pens\u00e9e \u00bb ou de l\u2019interdiction de manifestations et je vous rappelle que ceux qui se sont battus plus que toute autre organisation \u00ab des droits civiques \u00bb pour la libert\u00e9 d\u2019expression et le droit de manifester, c\u2019est nous ! Parmi ce qui m\u2019a le plus attrist\u00e9, c\u2019est d\u2019entendre un journaliste pr\u00e9tendre que lorsque je serai en position influente, la \u00ab Gay Pride \u00bb ne serait plus s\u00e9curis\u00e9e. Et-ce un raisonnement normal ? Pense-t-il que je souhaite un meurtre odieux, comme celui, il y a quelques ann\u00e9es, d\u2019une jeune fille se rendant \u00e0 la parade ? Bien s\u00fbr que non et si ce d\u00e9fil\u00e9 ne m\u2019enchante pas, je veillerai \u00e0 ce que la vie des marcheurs soit prot\u00e9g\u00e9e \u00e0 tout prix. \u00bb.<\/p>\n<h2>Erreurs de jeunesse ?<\/h2>\n<p>\u00ab\u00a0J\u2019entends tous ceux qui me rappellent le symbole du Premier Ministre Yitzhak Rabin et la photo de Baruch Goldstein, mais je vous rappelle le chemin que j\u2019ai parcouru depuis\u00a0: j\u2019ai m\u00fbri, mod\u00e9r\u00e9 mes points de vue et r\u00e9alis\u00e9 que la vie est plus complexe\u00a0\u00bb.<\/p>\n<p>Ben Gvir opte pour des messages de r\u00e9confort\u00a0: \u00ab\u00a0Je ne vois plus les gens de gauche comme tous taill\u00e9s dans le m\u00eame bois. Je fais une distinction claire entre Ofer Kasif et la gauche sioniste qui aime Isra\u00ebl. Nous \u00e9tablirons un gouvernement national de droite, qui \u00e9tablira la s\u00e9curit\u00e9 personnelle dans les rues, dans les gouvernorats de Galil\u00e9e et du N\u00e9guev, gardera la t\u00eate haute, en baissera pas les yeux ou ne se livrera pas \u00e0 du client\u00e9lisme face aux menaces qui p\u00e8sent sur nos \u00e9pouses. Si vous apprenez \u00e0 me conna\u00eetre, vous changerez de position. On a eu assez peur les uns des autres pendant trop longtemps.<\/p>\n<h2>Retrouver l\\&rsquo;endurance et la dissuasion face au chaos int\u00e9rieur<\/h2>\n<p>\u00ab\u00a0La r\u00e9alit\u00e9 selon laquelle partout, des Juifs fuient par crainte des \u00e9meutes au c\u0153ur de J\u00e9rusalem est une r\u00e9alit\u00e9 qui transporte le d\u00e9faitisme de la galout (exil diasporique) au c\u0153ur d\u2019Isra\u00ebl. Les m\u00e8res de Beer Sheva ne doivent pas craindre pour la s\u00e9curit\u00e9 de leurs filles adolescentes au centre commercial ou dans la rue et un soldat qui se rend \u00e0 Akko (Saint Jean d\u2019Acre) en week-end n\u2019a pas besoin de retirer son uniforme quand il rentre chez lui. La soci\u00e9t\u00e9 de la Start-Up Nation et de la cybers\u00e9curit\u00e9 ont perdu de leur endurance et de leur force de dissuasion sur le front int\u00e9rieur. S\u2019enfuir, s\u2019incliner et s\u2019excuser sont devenus la norme, c\u2019est pr\u00e9cis\u00e9ment sur ce point que ce sont jou\u00e9es les \u00e9lections.\u00a0C\u2019est sur ce point que nous allons gagner\u00a0\u00bb.<\/p>\n<h2>Pr\u00f4ner le rapprochement<\/h2>\n<p>\u00ab Vous \u00eates nombreux \u00e0 ressentir de la col\u00e8re ou de la frustration qui conduit \u00e0 la peur, qui peut aussi se manifester par de la haine. Ces sentiments m\u00eal\u00e9s naissent de la distance, de l\u2019absence de familiarit\u00e9 entre nous. Si nous nous rapprochons, si vous \u00e9coutez le contenu de nos propos, vous constaterez que nous sommes fr\u00e8res. Vous verrez que nous sommes d\u2019accord sur 90 % des sujets, que les th\u00e8mes que nous abordons vous concernent aussi en premier lieu.<\/p>\n<p>Avec l\u2019aide de D., nous \u00e9tablirons dans quelques jours un gouvernement national. Il y aura de nouvelles pol\u00e9miques, beaucoup de luttes \u00e0 mener. Les 10% qui nous s\u00e9parent les uns des autres peuvent emplir des encyclop\u00e9dies enti\u00e8res et des parachiot pour les jours de f\u00eates. Mais ce n\u2019est pas une raison pour avoir peur et se d\u00e9tester, car nous sommes fr\u00e8res\u00a0\u00bb.<\/p>\n<p><strong>La suite de l\u2019article se trouve dans le prochain num\u00e9ro d\u2019Isra\u00ebl Magazine<\/strong><\/p>\n<p><strong>D\u00e9couvrez un exemplaire du magazine gratuitement et cliquez ensuite sur le rebord droit<\/strong><\/p>\n<p><a href=\\\"https:\/\/online.fliphtml5.com\/rjspi\/ypmm\/#p=1\\\"><strong>https:\/\/online.fliphtml5.com\/rjspi\/ypmm\/#p=1<\/strong><\/a><\/p>\n<p><strong>Votre magazine est livr\u00e9 chez vous en toute confidentialit\u00e9<br \/>\nS\u2019abonner au magazine par t\u00e9l\u00e9phone ou par whats app 00972 (0) 54 254 45 20 ou au 01 86 98 27 27<\/strong><\/p>\n<p><strong>Par email\u00a0\u00a0<\/strong><a href=\\\"mailto:Andredarmon21@gmail.com\\\"><strong>Andredarmon21@gmail.com<\/strong><\/a><strong>\u00a0 pay pal<\/strong><\/p>\n<p><strong>Ou directement sur le site<\/strong><\/p>\n<p><a href=\\\"https:\/\/israelmagazine.co.il\/sabonner-au-magazine\/\\\"><strong>https:\/\/israelmagazine.co.il\/sabonner-au-magazine\/<\/strong><\/a><\/p>\n<p><strong>Ou encore S\u2019abonner au magazine livr\u00e9 chez vous en toute confidentialit\u00e9. Remplir le formulaire<\/strong><\/p>\n<p><a href=\\\"https:\/\/docs.google.com\/forms\/d\/e\/1FAIpQLSfPYJfb8KjEya-X17w0DGPAuBlCGvqVUdh_Is8EL810Lxw82A\/viewform?entry.1189475001=Recipient_Email\\\"><strong>https:\/\/docs.google.com\/forms\/d\/e\/1FAIpQLSfPYJfb8KjEya-X17w0DGPAuBlCGvqVUdh_Is8EL810Lxw82A\/viewform?entry.1189475001=Recipient_Email<\/strong><\/a><\/p>\n","protected":false},"excerpt":{"rendered":"<p>Fraternit\u00e9 Itamar Be, Gvir, pr\u00e9sident d\u2019Otzma Yehudit, a r\u00e9dig\u00e9 une chronique sp\u00e9ciale, ce matin (lundi 7), dans Isra\u00ebl Hayom, \u00e0 l\u2019intention de ceux qui s\u2019inqui\u00e8tent sur le poids de son parti dans la future coalition. Ben Gvir \u00e9crit\u00a0: \u00ab\u00a0Mes amis de gauche, nous sommes fr\u00e8res. Malgr\u00e9 les pol\u00e9miques, malgr\u00e9 quatre campagnes \u00e9lectorales, qui ont conduit &hellip;<\/p>\n<p class=\"read-more\"> <a class=\"\" href=\"https:\/\/israelmagazine.net\/?p=58493\"> <span class=\"screen-reader-text\">Itamar Ben Gvir veut rassurer \u00e0 gauche<\/span> Lire la suite \u00bb<\/a><\/p>\n","protected":false},"author":4,"featured_media":58494,"comment_status":"open","ping_status":"open","sticky":false,"template":"","format":"standard","meta":{"site-sidebar-layout":"default","site-content-layout":"default","ast-global-header-display":"","ast-main-header-display":"","ast-hfb-above-header-display":"","ast-hfb-below-header-display":"","ast-hfb-mobile-header-display":"","site-post-title":"","ast-breadcrumbs-content":"","ast-featured-img":"","footer-sml-layout":"","theme-transparent-header-meta":"","adv-header-id-meta":"","stick-header-meta":"","header-above-stick-meta":"","header-main-stick-meta":"","header-below-stick-meta":""},"categories":[84,1621,1191,1615],"tags":[845,1700,937,383,1105,1839,1761],"sujet":[],"_links":{"self":[{"href":"https:\/\/israelmagazine.net\/index.php?rest_route=\/wp\/v2\/posts\/58493"}],"collection":[{"href":"https:\/\/israelmagazine.net\/index.php?rest_route=\/wp\/v2\/posts"}],"about":[{"href":"https:\/\/israelmagazine.net\/index.php?rest_route=\/wp\/v2\/types\/post"}],"author":[{"embeddable":true,"href":"https:\/\/israelmagazine.net\/index.php?rest_route=\/wp\/v2\/users\/4"}],"replies":[{"embeddable":true,"href":"https:\/\/israelmagazine.net\/index.php?rest_route=%2Fwp%2Fv2%2Fcomments&post=58493"}],"version-history":[{"count":0,"href":"https:\/\/israelmagazine.net\/index.php?rest_route=\/wp\/v2\/posts\/58493\/revisions"}],"wp:featuredmedia":[{"embeddable":true,"href":"https:\/\/israelmagazine.net\/index.php?rest_route=\/"}],"wp:attachment":[{"href":"https:\/\/israelmagazine.net\/index.php?rest_route=%2Fwp%2Fv2%2Fmedia&parent=58493"}],"wp:term":[{"taxonomy":"category","embeddable":true,"href":"https:\/\/israelmagazine.net\/index.php?rest_route=%2Fwp%2Fv2%2Fcategories&post=58493"},{"taxonomy":"post_tag","embeddable":true,"href":"https:\/\/israelmagazine.net\/index.php?rest_route=%2Fwp%2Fv2%2Ftags&post=58493"},{"taxonomy":"sujet","embeddable":true,"href":"https:\/\/israelmagazine.net\/index.php?rest_route=%2Fwp%2Fv2%2Fsujet&post=58493"}],"curies":[{"name":"wp","href":"https:\/\/api.w.org\/{rel}","templated":true}]}}