{"id":58544,"date":"2022-11-09T17:47:03","date_gmt":"2022-11-09T15:47:03","guid":{"rendered":"https:\/\/israelmagazine.net\/?p=58544"},"modified":"2022-11-09T17:47:03","modified_gmt":"2022-11-09T15:47:03","slug":"la-communaute-juive-de-besancon-entre-beaute-et-serenite","status":"publish","type":"post","link":"https:\/\/israelmagazine.net\/?p=58544","title":{"rendered":"La Communaut\u00e9 juive de Besan\u00e7on  Entre Beaut\u00e9 et S\u00e9r\u00e9nit\u00e9"},"content":{"rendered":"<p style=\\\"font-weight: 400;\\\"><img class=\\\"alignnone size-medium wp-image-58548\\\" src=\\\"https:\/\/israelmagazine.co.il\/wp-content\/uploads\/2022\/11\/Mon-projet-2022-11-09T172741.874-300x157.jpg\\\" alt=\\\"\\\" width=\\\"300\\\" height=\\\"157\\\" \/><\/p>\n<p style=\\\"font-weight: 400;\\\">par Genevi\u00e8ve\u00a0Wittmann<\/p>\n<h2 style=\\\"font-weight: 400;\\\"><strong>La plus belle synagogue de France ?<\/strong><\/h2>\n<p style=\\\"font-weight: 400;\\\"><strong>J\u2019ai rendez-vous ce matin quai de Strasbourg, le long du Doubs. La rivi\u00e8re enserre la vieille Cit\u00e9 franc-comtoise dans une large boucle. Les b\u00e2timents sur l\u2019autre rive forment une ligne continue un peu aust\u00e8re\u00a0: fa\u00e7ades de pierres blanches, fen\u00eatres \u00e9troites et hautes, toits pointus h\u00e9riss\u00e9s de chiens-assis. Le b\u00e2timent au pied duquel j\u2019ai rendez-vous et qui leur fait face, a toute autre allure\u00a0! L\u2019\u0153il per\u00e7oit imm\u00e9diatement comme une fantaisie architecturale, une folie joyeuse, la demeure d\u2019un maharaja peut-\u00eatre, pos\u00e9e au bord de l\u2019eau. Le b\u00e2timent blanc carr\u00e9 comporte des tourelles aux quatre coins et un d\u00f4me central sur le toit. Les fen\u00eatres en ogives sont \u00e9troites, orn\u00e9es de savants entrelacs de pierre. L\u2019entr\u00e9e principale ressemble \u00e0 celle d\u2019un palais des contes de mille et une nuits. Si l\u2019on ne relevait pas la pr\u00e9sence des Dix Paroles sur le fronton, on h\u00e9siterait \u00e0 identifier le b\u00e2timent. Celle qui a si fi\u00e8re allure au centre de Besan\u00e7on, c\u2019est bien la synagogue\u00a0; l\u2019une des plus belles de France\u00a0!<\/strong><\/p>\n<h2 style=\\\"font-weight: 400;\\\">Les Juifs pr\u00e9sents depuis le Moyen-\u00c2ge<\/h2>\n<p><span style=\\\"font-weight: 400;\\\">Pour l\u2019heure, il pleut des trombes d\u2019eau sur la ville et je m\u2019abrite sous les magnolias \u00e0 l\u2019\u00e9pais feuillage luisant. Mais l\u2019int\u00e9r\u00eat d\u2019avoir rendez-vous dans la ville de France, berceau de l\u2019horlogerie, avec un architecte cr\u00e9ateur d\u2019horlogerie de luxe, c\u2019est\u2026 qu\u2019il est ponctuel\u00a0! Alain Silberstein est le pr\u00e9sident de la communaut\u00e9. Il m\u2019accueille dans l\u2019oratoire \u00e0 l\u2019arri\u00e8re de la synagogue et nous entamons une longue conversation \u00e0 b\u00e2tons rompus sur l\u2019histoire de cette communaut\u00e9, son devenir en 2022 et bien s\u00fbr d\u2019autres sujets autour du Juda\u00efsme, de la philosophie, de la foi, de la Shoah.<\/span><\/p>\n<h2>On l\\&rsquo;appelle l\\&rsquo;Orientale<\/h2>\n<p><span style=\\\"font-weight: 400;\\\"><br \/>\nL\u2019int\u00e9rieur de la synagogue est un somptueux bijou d\u2019architecture mauresque. La nef blanche et bleu ciel est d\u00e9licatement agr\u00e9ment\u00e9e de dentelles sculpt\u00e9es le long des galeries des femmes au premier \u00e9tage. Cinq grandes coupoles viennent \u00e9clairer l\u2019ensemble de la synagogue. Tout au fond surgit au loin, habill\u00e9 de pourpre et d\u2019or, l\u2019Aron haKodech (arche sainte), surmont\u00e9 de trois bulbes sculpt\u00e9s. On retrouve ces motifs peints le long de l\u2019escalier qui m\u00e8ne aux galeries.\u00a0 Un bel orgue tr\u00f4ne au-dessus de la grande porte d\u2019entr\u00e9e au cintre fixe, arrondi, en forme de bulbe. Les bancs de bois align\u00e9s de part et d\u2019autre, sont eux-m\u00eames enti\u00e8rement sculpt\u00e9s, \u00e9toiles et losanges d\u00e9coup\u00e9s dans les dossiers.\u00a0<\/span><\/p>\n<p><strong>La suite de l\u2019article se trouve dans le prochain num\u00e9ro d\u2019Isra\u00ebl Magazine<\/strong><\/p>\n<p><strong>D\u00e9couvrez un exemplaire du magazine gratuitement et cliquez ensuite sur le rebord droit<\/strong><\/p>\n<p><a href=\\\"https:\/\/online.fliphtml5.com\/rjspi\/ypmm\/#p=1\\\"><strong>https:\/\/online.fliphtml5.com\/rjspi\/ypmm\/#p=1<\/strong><\/a><\/p>\n<p><strong>Votre magazine est livr\u00e9 chez vous en toute confidentialit\u00e9<br \/>\nS\u2019abonner au magazine par t\u00e9l\u00e9phone ou par whats app 00972 (0) 54 254 45 20 ou au 01 86 98 27 27<\/strong><\/p>\n<p><strong>Par email\u00a0\u00a0<\/strong><a href=\\\"mailto:Andredarmon21@gmail.com\\\"><strong>Andredarmon21@gmail.com<\/strong><\/a><strong>\u00a0 pay pal<\/strong><\/p>\n<p><strong>Ou directement sur le site<\/strong><\/p>\n<p><a href=\\\"https:\/\/israelmagazine.co.il\/sabonner-au-magazine\/\\\"><strong>https:\/\/israelmagazine.co.il\/sabonner-au-magazine\/<\/strong><\/a><\/p>\n<p><strong>Ou encore S\u2019abonner au magazine livr\u00e9 chez vous en toute confidentialit\u00e9. Remplir le formulaire<\/strong><\/p>\n<p><a href=\\\"https:\/\/docs.google.com\/forms\/d\/e\/1FAIpQLSfPYJfb8KjEya-X17w0DGPAuBlCGvqVUdh_Is8EL810Lxw82A\/viewform?entry.1189475001=Recipient_Email\\\"><strong>https:\/\/docs.google.com\/forms\/d\/e\/1FAIpQLSfPYJfb8KjEya-X17w0DGPAuBlCGvqVUdh_Is8EL810Lxw82A\/viewform?entry.1189475001=Recipient_Email<\/strong><\/a><\/p>\n","protected":false},"excerpt":{"rendered":"<p>par Genevi\u00e8ve\u00a0Wittmann La plus belle synagogue de France ? J\u2019ai rendez-vous ce matin quai de Strasbourg, le long du Doubs. La rivi\u00e8re enserre la vieille Cit\u00e9 franc-comtoise dans une large boucle. Les b\u00e2timents sur l\u2019autre rive forment une ligne continue un peu aust\u00e8re\u00a0: fa\u00e7ades de pierres blanches, fen\u00eatres \u00e9troites et hautes, toits pointus h\u00e9riss\u00e9s de &hellip;<\/p>\n<p class=\"read-more\"> <a class=\"\" href=\"https:\/\/israelmagazine.net\/?p=58544\"> <span class=\"screen-reader-text\">La Communaut\u00e9 juive de Besan\u00e7on  Entre Beaut\u00e9 et S\u00e9r\u00e9nit\u00e9<\/span> Lire la suite \u00bb<\/a><\/p>\n","protected":false},"author":4,"featured_media":58545,"comment_status":"open","ping_status":"open","sticky":false,"template":"","format":"standard","meta":{"site-sidebar-layout":"default","site-content-layout":"default","ast-global-header-display":"","ast-main-header-display":"","ast-hfb-above-header-display":"","ast-hfb-below-header-display":"","ast-hfb-mobile-header-display":"","site-post-title":"","ast-breadcrumbs-content":"","ast-featured-img":"","footer-sml-layout":"","theme-transparent-header-meta":"","adv-header-id-meta":"","stick-header-meta":"","header-above-stick-meta":"","header-main-stick-meta":"","header-below-stick-meta":""},"categories":[84,1621,1630,814,1642,1673,1674,1615],"tags":[937],"sujet":[],"_links":{"self":[{"href":"https:\/\/israelmagazine.net\/index.php?rest_route=\/wp\/v2\/posts\/58544"}],"collection":[{"href":"https:\/\/israelmagazine.net\/index.php?rest_route=\/wp\/v2\/posts"}],"about":[{"href":"https:\/\/israelmagazine.net\/index.php?rest_route=\/wp\/v2\/types\/post"}],"author":[{"embeddable":true,"href":"https:\/\/israelmagazine.net\/index.php?rest_route=\/wp\/v2\/users\/4"}],"replies":[{"embeddable":true,"href":"https:\/\/israelmagazine.net\/index.php?rest_route=%2Fwp%2Fv2%2Fcomments&post=58544"}],"version-history":[{"count":0,"href":"https:\/\/israelmagazine.net\/index.php?rest_route=\/wp\/v2\/posts\/58544\/revisions"}],"wp:featuredmedia":[{"embeddable":true,"href":"https:\/\/israelmagazine.net\/index.php?rest_route=\/"}],"wp:attachment":[{"href":"https:\/\/israelmagazine.net\/index.php?rest_route=%2Fwp%2Fv2%2Fmedia&parent=58544"}],"wp:term":[{"taxonomy":"category","embeddable":true,"href":"https:\/\/israelmagazine.net\/index.php?rest_route=%2Fwp%2Fv2%2Fcategories&post=58544"},{"taxonomy":"post_tag","embeddable":true,"href":"https:\/\/israelmagazine.net\/index.php?rest_route=%2Fwp%2Fv2%2Ftags&post=58544"},{"taxonomy":"sujet","embeddable":true,"href":"https:\/\/israelmagazine.net\/index.php?rest_route=%2Fwp%2Fv2%2Fsujet&post=58544"}],"curies":[{"name":"wp","href":"https:\/\/api.w.org\/{rel}","templated":true}]}}