{"id":58580,"date":"2022-11-14T10:47:54","date_gmt":"2022-11-14T08:47:54","guid":{"rendered":"https:\/\/israelmagazine.net\/?p=58580"},"modified":"2022-11-14T10:47:54","modified_gmt":"2022-11-14T08:47:54","slug":"un-dirigeant-juif-allemand-appelle-les-juifs-a-quitter-lallemagne","status":"publish","type":"post","link":"https:\/\/israelmagazine.net\/?p=58580","title":{"rendered":"Un dirigeant juif allemand appelle les Juifs \u00e0 quitter l\u2019Allemagne"},"content":{"rendered":"<h1><img class=\\\"alignnone size-medium wp-image-58587\\\" src=\\\"https:\/\/israelmagazine.co.il\/wp-content\/uploads\/2022\/11\/Mon-projet-2022-11-14T104716.083-300x157.jpg\\\" alt=\\\"\\\" width=\\\"300\\\" height=\\\"157\\\" \/><\/h1>\n<div>\n<div>Par\u00a0<a href=\\\"http:\/\/www.kountrass.com\/author\/ravk\/\\\" target=\\\"_blank\\\" rel=\\\"nofollow noopener\\\" data-saferedirecturl=\\\"https:\/\/www.google.com\/url?q=http:\/\/www.kountrass.com\/author\/ravk\/&amp;source=gmail&amp;ust=1668500190306000&amp;usg=AOvVaw3-WKd_Q2lxpV0e380TDNlz\\\">Rav Henri Kahn<\/a>\u00a0&#8211;<\/div>\n<div>10 novembre 2022<\/div>\n<div><\/div>\n<\/div>\n<h2>L\\&rsquo;appel \u00e0 une Aliyah de masse<\/h2>\n<p>Le pr\u00e9sident d\u2019une communaut\u00e9 juive de l\u2019\u00c9tat allemand de Brandebourg a annonc\u00e9 hier soir dans une lettre publique qu\u2019il immigre en Isra\u00ebl et a appel\u00e9 les Juifs allemands \u00e0 le suivre. \u00ab\u00a0L\u2019antis\u00e9mitisme fait partie int\u00e9grante du pays, et je ne veux plus vivre dans ce pays\u00a0\u00bb.<\/p>\n<p>Un dirigeant juif en Allemagne appelle les Juifs \u00e0 se rendre en Isra\u00ebl. Le pr\u00e9sident de la communaut\u00e9 juive de l\u2019\u00c9tat allemand de Brandebourg a publi\u00e9 une lettre publique hier soir (mercredi) dans laquelle il \u00e9crit qu\u2019il immigre en Isra\u00ebl \u2013 et appelle les Juifs allemands \u00e0 le suivre. Ceci, pr\u00e9tend-il, est provoqu\u00e9 par l\u2019antis\u00e9mitisme dans le pays, a d\u00e9clar\u00e9 le chef de la communaut\u00e9, Seman Gorlick, dans un message au site d\u2019information allemand Die Achse des Guten.<\/p>\n<h2>Un antis\u00e9mitisme consubstantiel \u00e0 la culture de l\\&rsquo;Europe<\/h2>\n<p>Gorlick, qui est arriv\u00e9 en Allemagne en 1996 en tant que r\u00e9fugi\u00e9 de l\u2019ex-Union sovi\u00e9tique, a \u00e9crit : \u00ab\u00a0Avec sa politique \u00e9trang\u00e8re et int\u00e9rieure anti-juive, le pays a prouv\u00e9 que l\u2019antis\u00e9mitisme fait partie int\u00e9grante du pays. Vous ne pouvez pas vivre dans ce pays en tant que Juif, et je ne veux pas vivre dans ce pays plus longtemps\u00a0\u00bb. Il a \u00e9galement \u00e9crit : \u00ab\u00a0Je ne veux pas vivre dans un pays dont le pr\u00e9sident Frank-Walter Steinmeier a d\u00e9pos\u00e9 une gerbe sur la tombe du meurtrier, terroriste et antis\u00e9mite Yasser Arafat\u00a0\u00bb.<\/p>\n<h2>Sans soutien cultuel ni s\u00e9curitaire<\/h2>\n<p>Il a soulign\u00e9 que le gouvernement de Brandebourg avait refus\u00e9 pendant des d\u00e9cennies de soutenir la restauration de la vie juive et d\u2019assurer la s\u00e9curit\u00e9 pour la protection n\u00e9cessaire de la communaut\u00e9 juive. \u00ab\u00a0L\u2019\u00c9tat a refus\u00e9 de nous donner les fonds n\u00e9cessaires pour restaurer la vie juive d\u00e9truite et a toujours rejet\u00e9 les normes de d\u00e9fense et de s\u00e9curit\u00e9 requises pour notre communaut\u00e9 r\u00e9gionale. Aujourd\u2019hui encore, la communaut\u00e9 reste sans aucune protection.\u00a0\u00bb<\/p>\n<h2>Le contrecoup d\\&rsquo;une immigration musulmane massive<\/h2>\n<p>Il a \u00e9galement \u00e9crit : \u00ab\u00a0Je ne veux pas vivre dans un pays dont la chanceli\u00e8re am\u00e8ne des millions de musulmans antis\u00e9mites qui attaquent les Juifs et les institutions juives en Allemagne. Je ne veux pas vivre dans un pays dont la chanceli\u00e8re accueille le c\u00e9l\u00e8bre anti- s\u00e9mite Abou Mazen, et lui serre la main apr\u00e8s avoir fait une d\u00e9claration antis\u00e9mite. Je ne veux pas vivre dans un pays qui promeut les gangs, le terrorisme et la collaboration avec les pays antis\u00e9mites qui veulent d\u00e9truire notre \u00c9tat d\u2019Isra\u00ebl et nous, les Juifs.\u00a0\u00bb<\/p>\n<p>Il a \u00e9galement \u00e9crit : \u00ab Je ne veux pas vivre dans un pays o\u00f9 des enfants, qui ne sont certainement pas n\u00e9s antis\u00e9mites, grandissent pour devenir antis\u00e9mites avec l\u2019aide de la propagande anti-juive et anti-isra\u00e9lienne de l\u2019\u00c9tat financ\u00e9e par l\u2019\u00e9ducation et politiques de formation. Il m\\&rsquo;est impossible de vivre dans un pays o\u00f9 la majorit\u00e9 de la population croissante d\u00e9clare que l\u2019antis\u00e9mitisme est normal. Je ne vivrai dans un pays o\u00f9, en tant que Juif, je dois me cacher partout et \u00e0 tout moment. Impossible de vivre dans un pays o\u00f9 une partie de la population consid\u00e8re notre drapeau isra\u00e9lien comme une provocation. Pas question de vivre dans un pays o\u00f9 on ne peut pas porter de kippa dans la rue \u00bb.<\/p>\n<div>\u00c0 la fin, il \u00e9crit : \u00ab Cela ne sert \u00e0 rien de continuer cette liste interminable. Il est impossible de changer quoi que ce soit. Je vais en Isra\u00ebl et je recommande \u00e0 tous ceux qui pr\u00e9tendent faire partie du juda\u00efsme de quitter ce pays au plus vite \u00bb.<\/div>\n<div><\/div>\n<div>\n<p><strong>La suite de l\u2019article se trouve dans le prochain num\u00e9ro d\u2019Isra\u00ebl Magazine<\/strong><\/p>\n<p><strong>D\u00e9couvrez un exemplaire du magazine gratuitement et cliquez ensuite sur le rebord droit<\/strong><\/p>\n<p><a href=\\\"https:\/\/online.fliphtml5.com\/rjspi\/ypmm\/#p=1\\\"><strong>https:\/\/online.fliphtml5.com\/rjspi\/ypmm\/#p=1<\/strong><\/a><\/p>\n<p><strong>Votre magazine est livr\u00e9 chez vous en toute confidentialit\u00e9<br \/>\nS\u2019abonner au magazine par t\u00e9l\u00e9phone ou par whats app 00972 (0) 54 254 45 20 ou au 01 86 98 27 27<\/strong><\/p>\n<p><strong>Par email\u00a0\u00a0<\/strong><a href=\\\"mailto:Andredarmon21@gmail.com\\\"><strong>Andredarmon21@gmail.com<\/strong><\/a><strong>\u00a0 pay pal<\/strong><\/p>\n<p><strong>Ou directement sur le site<\/strong><\/p>\n<p><a href=\\\"https:\/\/israelmagazine.co.il\/sabonner-au-magazine\/\\\"><strong>https:\/\/israelmagazine.co.il\/sabonner-au-magazine\/<\/strong><\/a><\/p>\n<p><strong>Ou encore S\u2019abonner au magazine livr\u00e9 chez vous en toute confidentialit\u00e9. Remplir le formulaire<\/strong><\/p>\n<p><a href=\\\"https:\/\/docs.google.com\/forms\/d\/e\/1FAIpQLSfPYJfb8KjEya-X17w0DGPAuBlCGvqVUdh_Is8EL810Lxw82A\/viewform?entry.1189475001=Recipient_Email\\\"><strong>https:\/\/docs.google.com\/forms\/d\/e\/1FAIpQLSfPYJfb8KjEya-X17w0DGPAuBlCGvqVUdh_Is8EL810Lxw82A\/viewform?entry.1189475001=Recipient_Email<\/strong><\/a><\/p>\n<p><strong><u>\u00a0<\/u><\/strong><\/p>\n<\/div>\n","protected":false},"excerpt":{"rendered":"<p>Par\u00a0Rav Henri Kahn\u00a0&#8211; 10 novembre 2022 L\\&rsquo;appel \u00e0 une Aliyah de masse Le pr\u00e9sident d\u2019une communaut\u00e9 juive de l\u2019\u00c9tat allemand de Brandebourg a annonc\u00e9 hier soir dans une lettre publique qu\u2019il immigre en Isra\u00ebl et a appel\u00e9 les Juifs allemands \u00e0 le suivre. \u00ab\u00a0L\u2019antis\u00e9mitisme fait partie int\u00e9grante du pays, et je ne veux plus vivre &hellip;<\/p>\n<p class=\"read-more\"> <a class=\"\" href=\"https:\/\/israelmagazine.net\/?p=58580\"> <span class=\"screen-reader-text\">Un dirigeant juif allemand appelle les Juifs \u00e0 quitter l\u2019Allemagne<\/span> Lire la suite \u00bb<\/a><\/p>\n","protected":false},"author":4,"featured_media":58584,"comment_status":"open","ping_status":"open","sticky":false,"template":"","format":"standard","meta":{"site-sidebar-layout":"default","site-content-layout":"default","ast-global-header-display":"","ast-main-header-display":"","ast-hfb-above-header-display":"","ast-hfb-below-header-display":"","ast-hfb-mobile-header-display":"","site-post-title":"","ast-breadcrumbs-content":"","ast-featured-img":"","footer-sml-layout":"","theme-transparent-header-meta":"","adv-header-id-meta":"","stick-header-meta":"","header-above-stick-meta":"","header-main-stick-meta":"","header-below-stick-meta":""},"categories":[84,1621,1630,814,3146,1642,1673,811,1615],"tags":[825,937,1105],"sujet":[],"_links":{"self":[{"href":"https:\/\/israelmagazine.net\/index.php?rest_route=\/wp\/v2\/posts\/58580"}],"collection":[{"href":"https:\/\/israelmagazine.net\/index.php?rest_route=\/wp\/v2\/posts"}],"about":[{"href":"https:\/\/israelmagazine.net\/index.php?rest_route=\/wp\/v2\/types\/post"}],"author":[{"embeddable":true,"href":"https:\/\/israelmagazine.net\/index.php?rest_route=\/wp\/v2\/users\/4"}],"replies":[{"embeddable":true,"href":"https:\/\/israelmagazine.net\/index.php?rest_route=%2Fwp%2Fv2%2Fcomments&post=58580"}],"version-history":[{"count":0,"href":"https:\/\/israelmagazine.net\/index.php?rest_route=\/wp\/v2\/posts\/58580\/revisions"}],"wp:featuredmedia":[{"embeddable":true,"href":"https:\/\/israelmagazine.net\/index.php?rest_route=\/"}],"wp:attachment":[{"href":"https:\/\/israelmagazine.net\/index.php?rest_route=%2Fwp%2Fv2%2Fmedia&parent=58580"}],"wp:term":[{"taxonomy":"category","embeddable":true,"href":"https:\/\/israelmagazine.net\/index.php?rest_route=%2Fwp%2Fv2%2Fcategories&post=58580"},{"taxonomy":"post_tag","embeddable":true,"href":"https:\/\/israelmagazine.net\/index.php?rest_route=%2Fwp%2Fv2%2Ftags&post=58580"},{"taxonomy":"sujet","embeddable":true,"href":"https:\/\/israelmagazine.net\/index.php?rest_route=%2Fwp%2Fv2%2Fsujet&post=58580"}],"curies":[{"name":"wp","href":"https:\/\/api.w.org\/{rel}","templated":true}]}}