{"id":58758,"date":"2022-11-28T11:19:26","date_gmt":"2022-11-28T09:19:26","guid":{"rendered":"https:\/\/israelmagazine.net\/?p=58758"},"modified":"2022-11-28T11:19:26","modified_gmt":"2022-11-28T09:19:26","slug":"neguev-et-galilee-au-bord-de-la-guerre-civile-shimon-lankri-maire-dakko","status":"publish","type":"post","link":"https:\/\/israelmagazine.net\/?p=58758","title":{"rendered":"N\u00e9guev et Galil\u00e9e au bord de la \u00ab\u00a0guerre civile\u00a0\u00bb\u00a0? -Shimon Lankri, maire d\\&rsquo;Akko"},"content":{"rendered":"<h2><img class=\\\"alignnone size-medium wp-image-58763\\\" src=\\\"https:\/\/israelmagazine.co.il\/wp-content\/uploads\/2022\/11\/Mon-projet-2022-11-28T112051.345-300x157.jpg\\\" alt=\\\"\\\" width=\\\"300\\\" height=\\\"157\\\" \/><\/h2>\n<h2 style=\\\"font-weight: 400;\\\"><strong><span aria-haspopup=\\\"true\\\">L\u2019Etat<\/span>\u00a0<span aria-haspopup=\\\"true\\\">d\u2019Isra\u00ebl<\/span>\u00a0est \u00ab\u00a0au bord de la guerre civile\u00a0\u00bb, entre Juifs et Arabes, a averti le maire d\u2019Acre, Shimon Lankri<\/strong><\/h2>\n<p style=\\\"font-weight: 400;\\\">La Conf\u00e9rence pour la s\u00e9curit\u00e9, la gouvernance et la reconqu\u00eate, un forum r\u00e9unissant les autorit\u00e9s locales et r\u00e9gionales du nord et du sud, -sans la pr\u00e9sence de d\u00e9put\u00e9s ni de membres des gouvernements pass\u00e9 et futur- a propos\u00e9 un plan de 110 milliards de shekels pour lutter contre la criminalit\u00e9 et r\u00e9tablir la gouvernance dans la p\u00e9riph\u00e9rie.<\/p>\n<p style=\\\"font-weight: 400;\\\">\u00ab\u00a0 Juste avant que nous ne\u00a0<span aria-haspopup=\\\"true\\\">sombrions<\/span>\u00a0dans la guerre civile, et je le dis apr\u00e8s avoir \u00e9t\u00e9 t\u00e9moin des \u00e9v\u00e9nements de mai 2021, pendant l\\&rsquo;Op\u00e9ration Gardien des Murs, le point\u00a0<span aria-haspopup=\\\"true\\\">d\u2019orgue<\/span> de ces \u00e9v\u00e9nements de mai est aussi le point de rupture pour les \u00e9v\u00e9nements \u00e0 venir \u00bb, d\u00e9clare Lankri. \u00ab Beaucoup n\\&rsquo;ont pas encore compris que nous sommes au bord de la guerre civile, en Isra\u00ebl, non pas entre Haredim et Juifs la\u00efcs, mais plut\u00f4t, entre les Arabes et les Juifs. Cela peut nous arriver bient\u00f4t, si on ne prend pas de mesures drastiques et imm\u00e9diates \u00bb.<\/p>\n<h2>Ces r\u00e9gions sont abandonn\u00e9es au profit du centre<\/h2>\n<p>Lankri a appel\u00e9 \u00e0 la restauration de la gouvernance dans le N\u00e9guev et la Galil\u00e9e, en d\u00e9clarant \u00ab\u00a0Nous devons faire tout ce que nous\u00a0<span aria-haspopup=\\\"true\\\">n\u2019avons<\/span>\u00a0pas fait\u00a0<span aria-haspopup=\\\"true\\\">jusqu\u2019\u00e0<\/span>\u00a0pr\u00e9sent\u00a0: nous avons abandonn\u00e9 la r\u00e9gion et son sort est entre nos mains\u00a0\u00bb.<\/p>\n<p style=\\\"font-weight: 400;\\\">Le maire de Beer-Sheva, Rouvik Danilovich, a \u00e9galement pris la parole, avertissant que, tout comme les tirs de roquettes depuis la bande de Gaza, la \u00ab\u00a0terreur civile\u00a0\u00bb se propage au reste du pays. \u00ab\u00a0Elle\u00a0<span aria-haspopup=\\\"true\\\">n\u2019a<\/span>\u00a0pas de limites g\u00e9ographiques et ne se r\u00e9veille pas subitement\u00a0\u00bb.<\/p>\n<h2>Implanter et p\u00e9renniser la pr\u00e9sence juive en Galil\u00e9e et dans le N\u00e9guev<\/h2>\n<p style=\\\"font-weight: 400;\\\">Le G\u00e9n\u00e9ral-Major (de r\u00e9serve) de Tsahal et ex-D\u00e9put\u00e9 Eyal Ben-Reuven a soulign\u00e9 que \u00ab\u00a0la plus grande menace\u00a0<span aria-haspopup=\\\"true\\\">aujourd\u2019hui<\/span>\u00a0sur la soci\u00e9t\u00e9 isra\u00e9lienne est la menace int\u00e9rieure. La menace sur la s\u00e9curit\u00e9 personnelle des r\u00e9sidents\u00a0\u00bb.<\/p>\n<p>Ben Reuven a averti qu\u2019il y a une \u00ab\u00a0grave n\u00e9gligence\u00a0\u00bb concernant\u00a0<span aria-haspopup=\\\"true\\\">l\u2019insuffisance<\/span>\u00a0de\u00a0<span aria-haspopup=\\\"true\\\">l\u2019implantation<\/span>\u00a0juive en Galil\u00e9e et dans le N\u00e9guev. Un manque\u00a0<span aria-haspopup=\\\"true\\\">d\u2019\u00e9quilibre<\/span> d\u00e9mographique, tel que celui-ci cr\u00e9e des tensions et permet une excellente base\u00a0<span aria-haspopup=\\\"true\\\">d\u2019activit\u00e9<\/span>\u00a0pour les entit\u00e9s extr\u00e9mistes pour inciter \u00e0 ce type d\u2019actions nationalistes\u00a0\u00bb.<\/p>\n<p>Les \u00e9meutes qui ont balay\u00e9 Isra\u00ebl lors de\u00a0<span aria-haspopup=\\\"true\\\">l\u2019op\u00e9ration<\/span> \u00ab Gardien des Murs \u00bb ont d\u00e9montr\u00e9 que, pendant que Tsahal combattait dans le sud, les habitants du nord ont re\u00e7u pour instruction de ne pas quitter leur domicile apr\u00e8s 17h \u00bb.<\/p>\n<h2>Un parti-pris pour la \\\u00a0\u00bbfragmentation nationale\\\u00a0\u00bb jusqu\\&rsquo;\u00e0 aujourd\\&rsquo;hui<\/h2>\n<p>Le G\u00e9n\u00e9ral de Tsahal (\u00e0 la retraite) Isra\u00ebl Zvi, a appel\u00e9 \u00e0 ce\u00a0<span aria-haspopup=\\\"true\\\">qu\u2019on<\/span>\u00a0prenne des mesures\u00a0<span aria-haspopup=\\\"true\\\">d\u2019urgence<\/span> substantielles, concernant la gouvernance et le d\u00e9s\u00e9quilibre d\u00e9mographique, avertissant que si on <span aria-haspopup=\\\"true\\\">reportait cette restructuration indispensable<\/span>, cela reviendrait \u00e0 d\u00e9sint\u00e9grer le pays, \u00e0 le pousser dans un \u00e9tat de <em><strong>fragmentation nationale<\/strong><\/em>, d\u2019anarchie, qui pourrait d\u00e9g\u00e9n\u00e9rer en guerre civile \u00bb.<\/p>\n<p>Zvi a d\u00e9clar\u00e9 \u00ab\u00a0qu\u2019une partie d\u00e9cisive de la population\u00a0<span aria-haspopup=\\\"true\\\">d\u2019environ<\/span>\u00a020%, soit un million sept cent mille personnes, sont des citoyens poss\u00e9dant la carte d\u2019identit\u00e9, mais\u00a0<span aria-haspopup=\\\"true\\\">qu\u2019ils<\/span>\u00a0ne se sentent pas citoyens dans leur identit\u00e9 et dans leur engagement\u00a0\u00bb.<\/p>\n<h2>La n\u00e9cessaire concertation avec la communaut\u00e9 druze<\/h2>\n<p style=\\\"font-weight: 400;\\\">Le chef du conseil r\u00e9gional d\u2019Usfiya,\u00a0<span aria-haspopup=\\\"true\\\">Behij<\/span>\u00a0Mansour a averti que \u00ab\u00a0<span aria-haspopup=\\\"true\\\">Si<\/span> l\u2019Etat continue d\u2019exister sous sa forme actuelle, nous allons p\u00e9rir \u00bb \u00ab Commencez \u00e0 penser diff\u00e9remment, sinon, vous et nous ne serons plus l\u00e0 demain pour en parler : les Druzes traitent de la question de la construction et de la gouvernance. Isra\u00ebl a expropri\u00e9 (l\u00e9galement, NDLR) de nombreux dunams pris aux Druzes. Je ne veux pas \u00e9tablir un \u00c9tat druze ind\u00e9pendant, je veux juste avoir un horizon de bonne planification. Je ne veux pas de constructions ill\u00e9gales \u00bb, a d\u00e9clar\u00e9 Mansour.<\/p>\n<p style=\\\"font-weight: 400;\\\">\u00ab Il n\u2019y a pas de gouvernance dans la population druze. Des familles criminelles commencent \u00e0 s\u2019emparer des villages druzes. Sur les 90 fusillades qui se sont d\u00e9roul\u00e9es \u00e0 <span aria-haspopup=\\\"true\\\">Usfiya<\/span>, la police\u00a0<span aria-haspopup=\\\"true\\\">n\u2019a<\/span>\u00a0pas su trouver les coupables ! Les gens sortent et ont peur de se faire tirer dessus. La police isra\u00e9lienne\u00a0<span aria-haspopup=\\\"true\\\">n\u2019a<\/span>\u00a0pas suffisamment de main d\u2019\u0153uvre et ne peut rien faire\u00a0\u00bb.<\/p>\n<p>Le pr\u00e9sident de l\u2019Organisation Sioniste Mondiale, Yaakov Hagoel s\u2019est \u00e9galement adress\u00e9 \u00e0 la conf\u00e9rence en insistant sur la n\u00e9cessit\u00e9 \u00ab d\u2019aimer son prochain, mais avec une tol\u00e9rance z\u00e9ro pour la violence \u00bb. Il veut accro\u00eetre le sentiment de s\u00e9curit\u00e9 personnelle pour chaque citoyen\u00a0<span aria-haspopup=\\\"true\\\">d\u2019Isra\u00ebl<\/span>.<\/p>\n<h2>110 milliards de shekels pour doubler la population juive<\/h2>\n<p>Les participants proposent un document d\u2019orientation dot\u00e9 d\u2019un plan syst\u00e9mique pour restaurer la gouvernance dans tout le pays contre la criminalit\u00e9, exigeant du gouvernement qu\u2019il adopte. Le plan consiste \u00e0 doubler la population g\u00e9n\u00e9rale de la Galil\u00e9e et du N\u00e9guev sous moins de dix ans, avec <span aria-haspopup=\\\"true\\\">l\u2019implantation<\/span>\u00a0d\u2019au moins 1\u00a0750\u00a0000 personnes.<\/p>\n<p style=\\\"font-weight: 400;\\\">Gantz a exprim\u00e9, ce mois-ci, sa crainte que la violence en Jud\u00e9e-Samarie ne se propage dans les villes mixtes.\u00a0R\u00e9cemment, le contr\u00f4leur de l\u2019Etat a constat\u00e9 des \u00ab\u00a0lacunes notables\u00a0\u00bb dans les op\u00e9rations de maintien et de r\u00e9tablissement de l\u2019ordre dans les villes mixtes, dont l\u2019interface entre le Shin Bet et la police. Durant \u00ab l\\&rsquo;op\u00e9ration\u00a0Gardien des Murs\u00a0\u00bb, on a constat\u00e9 environ 520 flamb\u00e9es de violence dans tout Isra\u00ebl, tuant 3 personnes, en blessant des centaines et entra\u00eenant 3200 arrestations, dont environ 240 Juifs. Les d\u00e9g\u00e2ts s\u2019\u00e9l\u00e8vent \u00e0 48 millions de NIS, dont 10 millions contre les biens de la police.<\/p>\n<h2>Disparit\u00e9s et s\u00e9quelles de mai 21<\/h2>\n<p style=\\\"font-weight: 400;\\\">Les disparit\u00e9s restent fortes dans l\u2019\u00e9ducation, les budgets, les postes municipaux et les attributions de propri\u00e9t\u00e9s.\u00a0 Les Initiatives d\u2019Abraham expliquent ces tensions par ces lacunes dans l\u2019\u00e9galit\u00e9 de traitement. \u00ab\u00a0Des mesures doivent \u00eatre prises pour cr\u00e9er un sentiment d\u2019appartenance des citoyens arabes \u00e0 l\u2019Etat\u00a0\u00bb.\u00a0<span aria-haspopup=\\\"true\\\">L\u2019Etat<\/span>\u00a0doit investir dans la police pour qu\u2019elle travaille intelligemment, main dans la main avec les communaut\u00e9s dans les villes mixtes. L\u2019organisation a ajout\u00e9 que les investissements suppl\u00e9mentaires peuvent combler les graves lacunes dans les villes mixtes.<\/p>\n<p><strong>La suite de l\u2019article se trouve dans le prochain num\u00e9ro d\u2019Isra\u00ebl Magazine<\/strong><\/p>\n<p><strong>D\u00e9couvrez un exemplaire du magazine gratuitement et cliquez ensuite sur le rebord droit<\/strong><\/p>\n<p><a href=\\\"https:\/\/online.fliphtml5.com\/rjspi\/ypmm\/#p=1\\\"><strong>https:\/\/online.fliphtml5.com\/rjspi\/ypmm\/#p=1<\/strong><\/a><\/p>\n<p><strong>Votre magazine est livr\u00e9 chez vous en toute confidentialit\u00e9<br \/>\nS\u2019abonner au magazine par t\u00e9l\u00e9phone ou par whats app 00972 (0) 54 254 45 20 ou au 01 86 98 27 27<\/strong><\/p>\n<p><strong>Par email\u00a0\u00a0<\/strong><a href=\\\"mailto:Andredarmon21@gmail.com\\\"><strong>Andredarmon21@gmail.com<\/strong><\/a><strong>\u00a0 pay pal<\/strong><\/p>\n<p><strong>Ou directement sur le site<\/strong><\/p>\n<p><a href=\\\"https:\/\/israelmagazine.co.il\/sabonner-au-magazine\/\\\"><strong>https:\/\/israelmagazine.co.il\/sabonner-au-magazine\/<\/strong><\/a><\/p>\n<p><strong>Ou encore S\u2019abonner au magazine livr\u00e9 chez vous en toute confidentialit\u00e9. Remplir le formulaire<\/strong><\/p>\n<p><a href=\\\"https:\/\/docs.google.com\/forms\/d\/e\/1FAIpQLSfPYJfb8KjEya-X17w0DGPAuBlCGvqVUdh_Is8EL810Lxw82A\/viewform?entry.1189475001=Recipient_Email\\\"><strong>https:\/\/docs.google.com\/forms\/d\/e\/1FAIpQLSfPYJfb8KjEya-X17w0DGPAuBlCGvqVUdh_Is8EL810Lxw82A\/viewform?entry.1189475001=Recipient_Email<\/strong><\/a><\/p>\n","protected":false},"excerpt":{"rendered":"<p>L\u2019Etat\u00a0d\u2019Isra\u00ebl\u00a0est \u00ab\u00a0au bord de la guerre civile\u00a0\u00bb, entre Juifs et Arabes, a averti le maire d\u2019Acre, Shimon Lankri La Conf\u00e9rence pour la s\u00e9curit\u00e9, la gouvernance et la reconqu\u00eate, un forum r\u00e9unissant les autorit\u00e9s locales et r\u00e9gionales du nord et du sud, -sans la pr\u00e9sence de d\u00e9put\u00e9s ni de membres des gouvernements pass\u00e9 et futur- a &hellip;<\/p>\n<p class=\"read-more\"> <a class=\"\" href=\"https:\/\/israelmagazine.net\/?p=58758\"> <span class=\"screen-reader-text\">N\u00e9guev et Galil\u00e9e au bord de la \u00ab\u00a0guerre civile\u00a0\u00bb\u00a0? -Shimon Lankri, maire d\\&rsquo;Akko<\/span> Lire la suite \u00bb<\/a><\/p>\n","protected":false},"author":4,"featured_media":58759,"comment_status":"open","ping_status":"open","sticky":false,"template":"","format":"standard","meta":{"site-sidebar-layout":"default","site-content-layout":"default","ast-global-header-display":"","ast-main-header-display":"","ast-hfb-above-header-display":"","ast-hfb-below-header-display":"","ast-hfb-mobile-header-display":"","site-post-title":"","ast-breadcrumbs-content":"","ast-featured-img":"","footer-sml-layout":"","theme-transparent-header-meta":"","adv-header-id-meta":"","stick-header-meta":"","header-above-stick-meta":"","header-main-stick-meta":"","header-below-stick-meta":""},"categories":[41],"tags":[1739,2013,821],"sujet":[],"_links":{"self":[{"href":"https:\/\/israelmagazine.net\/index.php?rest_route=\/wp\/v2\/posts\/58758"}],"collection":[{"href":"https:\/\/israelmagazine.net\/index.php?rest_route=\/wp\/v2\/posts"}],"about":[{"href":"https:\/\/israelmagazine.net\/index.php?rest_route=\/wp\/v2\/types\/post"}],"author":[{"embeddable":true,"href":"https:\/\/israelmagazine.net\/index.php?rest_route=\/wp\/v2\/users\/4"}],"replies":[{"embeddable":true,"href":"https:\/\/israelmagazine.net\/index.php?rest_route=%2Fwp%2Fv2%2Fcomments&post=58758"}],"version-history":[{"count":0,"href":"https:\/\/israelmagazine.net\/index.php?rest_route=\/wp\/v2\/posts\/58758\/revisions"}],"wp:featuredmedia":[{"embeddable":true,"href":"https:\/\/israelmagazine.net\/index.php?rest_route=\/"}],"wp:attachment":[{"href":"https:\/\/israelmagazine.net\/index.php?rest_route=%2Fwp%2Fv2%2Fmedia&parent=58758"}],"wp:term":[{"taxonomy":"category","embeddable":true,"href":"https:\/\/israelmagazine.net\/index.php?rest_route=%2Fwp%2Fv2%2Fcategories&post=58758"},{"taxonomy":"post_tag","embeddable":true,"href":"https:\/\/israelmagazine.net\/index.php?rest_route=%2Fwp%2Fv2%2Ftags&post=58758"},{"taxonomy":"sujet","embeddable":true,"href":"https:\/\/israelmagazine.net\/index.php?rest_route=%2Fwp%2Fv2%2Fsujet&post=58758"}],"curies":[{"name":"wp","href":"https:\/\/api.w.org\/{rel}","templated":true}]}}