{"id":58812,"date":"2022-12-01T15:42:33","date_gmt":"2022-12-01T13:42:33","guid":{"rendered":"https:\/\/israelmagazine.net\/?p=58812"},"modified":"2022-12-01T15:42:33","modified_gmt":"2022-12-01T13:42:33","slug":"deux-chefs-terroristes-du-jihad-islamique-elimines-dans-des-fusillades-avec-tsahal-pres-de-jenine","status":"publish","type":"post","link":"https:\/\/israelmagazine.net\/?p=58812","title":{"rendered":"Deux chefs terroristes du Jihad Islamique \u00e9limin\u00e9s dans des fusillades avec Tsahal pr\u00e8s de J\u00e9nine"},"content":{"rendered":"<p style=\\\"font-weight: 400;\\\"><img class=\\\"alignnone size-medium wp-image-58816\\\" src=\\\"https:\/\/israelmagazine.co.il\/wp-content\/uploads\/2022\/12\/Mon-projet-16-240x300.jpg\\\" alt=\\\"\\\" width=\\\"240\\\" height=\\\"300\\\" \/><\/p>\n<h2 style=\\\"font-weight: 400;\\\"><strong>Affrontements arm\u00e9s dans les fiefs du Jihad Islamique<\/strong><\/h2>\n<p style=\\\"font-weight: 400;\\\">Le paradoxe s\u00e9curitaire actuel veut que l\u2019op\u00e9ration \u00ab\u00a0Briser la Vague\u00a0\u00bb fonctionne tr\u00e8s bien, avec des arrestations et \u00e9liminations, presque quotidiennes. Mais, parall\u00e8lement, les menaces d\u2019attentats ne font que s\u2019intensifier, avec plus de 500 attaques enray\u00e9es, depuis 8 mois et 550 op\u00e9rations d\u2019arrestations, soit une moyenne de 2 op\u00e9rations sp\u00e9ciales par jour\u2026<\/p>\n<p style=\\\"font-weight: 400;\\\">Les forces isra\u00e9liennes ont abattu deux terroristes palestiniens, bless\u00e9 un troisi\u00e8me et arr\u00eat\u00e9 au moins 9 individus suspects, \u00e0 Burqin, pr\u00e8s de J\u00e9nine.<\/p>\n<p>On redoute que, comme en d\u00e9but ao\u00fbt 2022, le Jihad islamique ne lance des tirs de roquettes en direction d\\&rsquo;Isra\u00ebl depuis Gaza. Bien mal lui en prit en ao\u00fbt, puisque, pr\u00e9ventivement, Tsahal avait \u00e9limin\u00e9 la plupart des chefs en vue \u00e0 ce moment-l\u00e0, de fa\u00e7on souvent simultan\u00e9e.<\/p>\n<p><img class=\\\"alignnone size-medium wp-image-58819\\\" src=\\\"https:\/\/israelmagazine.co.il\/wp-content\/uploads\/2022\/12\/Mon-projet-17-300x157.jpg\\\" alt=\\\"\\\" width=\\\"300\\\" height=\\\"157\\\" \/><\/p>\n<p style=\\\"font-weight: 400;\\\">Des affrontements arm\u00e9s ont \u00e9clat\u00e9 et deux commandants du Jihad Palestiniens ont trouv\u00e9 la mort dans cette localit\u00e9 de Burqin. Au moins neuf Palestiniens soup\u00e7onn\u00e9s d\u2019implication terroriste sont aux arr\u00eats et Tsahal a confisqu\u00e9 plusieurs armes \u00e0 feu, dont un certain nombre de M-16.<\/p>\n<h2><strong>Le Jihad confirme la mort de Muhammad Ayman al-Saadi et de Naeem Jamal Zubaidi, au cours de ces affrontements.<\/strong><\/h2>\n<p style=\\\"font-weight: 400;\\\">Tsahal savait que Saadi \u00e9tait responsable d\u2019une s\u00e9rie d\u2019attaques par balles contre les forces isra\u00e9liennes, ainsi que de la fourniture d\u2019armement \u00e0 des terroristes, sous la direction du Jihad Islamique. Zubaidi est, lui aussi, impliqu\u00e9 dans des fusillades contre des Isra\u00e9liens.<\/p>\n<p>Les factions palestiniennes ont d\u00e9clar\u00e9 une gr\u00e8ve et une \u00ab\u00a0mobilisation g\u00e9n\u00e9rale\u00a0\u00bb, \u00e0 la suite de ces affrontements. Tariq Ezz El Din a averti que \u00ab\u00a0le massacre commis par Isra\u00ebl contre notre peuple et nos combattants de la r\u00e9sistance dans le camp de J\u00e9nine, \u00e0 l\u2019aube du (1<sup>er<\/sup>\u00a0d\u00e9cembre),ne passera pas inaper\u00e7u et cet occupant criminel paiera le prix de son crime odieux\u00a0\u00bb.<\/p>\n<h2>Cinq terroristes \u00e9limin\u00e9s la veille<\/h2>\n<p style=\\\"font-weight: 400;\\\">Tsahal a \u00e9galement op\u00e9r\u00e9 \u00e0 Dura et Dayr Samet, arr\u00eatant 4 autres suspects\u00a0 et confisquant une arme de poing. Les forces anti-terroristes ont arr\u00eat\u00e9 deux autres suspects suppl\u00e9mentaires \u00e0 Bayt Furiket Abu Shukhaydam.<\/p>\n<p>Ya\u00efr Lapid a salu\u00e9 l\u2019op\u00e9ration, en la qualifiant de \u00ab\u00a0continuation directe de notre politique intransigeante dans la lutte contre le terrorisme\u00a0\u00bb.<\/p>\n<p style=\\\"font-weight: 400;\\\">\u00ab\u00a0En ces jours orageux, je tiens \u00e0 exprimer ma gratitude aux forces de s\u00e9curit\u00e9. C\u2019est la bonne fa\u00e7on de lutter contre le terrorisme et la fa\u00e7on de prot\u00e9ger les citoyens d\u2019Isra\u00ebl\u00a0\u00bb.\u00a0Ces affrontements surviennent dans un climat tendu en Jud\u00e9e-Samarie. Mardi 30 novembre, les forces isra\u00e9liennes ont \u00e9limin\u00e9 cinq terroristes palestiniens \u00e0 Beit- Ummar et Al- Mughayyir.<\/p>\n<p>\u00a0La semaine derni\u00e8re, apr\u00e8s l\u2019enl\u00e8vement du corps d\u2019un adolescent druze-isra\u00e9lien, des manifestants druzes ont menac\u00e9 d\u2019entrer d\u2019eux-m\u00eames \u00e0 J\u00e9nine afin d\u2019y r\u00e9cup\u00e9rer le corps. Celui-ci a \u00e9t\u00e9 restitu\u00e9 \u00e0 Isra\u00ebl, alors qu\u2019on \u00e9voquait l\\&rsquo;enl\u00e8vement \u00e0 H\u00e9bron de 4 arabes par un commando druze auto-constitu\u00e9\u2026<\/p>\n<p><img class=\\\"article-image-element\\\" title=\\\" IDF operates in West Bank as part of Operation Break the Wave, December 1, 2022\\\" src=\\\"https:\/\/images.jpost.com\/image\/upload\/f_auto,fl_lossy\/t_JD_ArticleMainImageFaceDetect\/520415\\\" alt=\\\" IDF operates in West Bank as part of Operation Break the Wave, December 1, 2022 (photo credit: IDF SPOKESPERSON\\'S UNIT)\\\" width=\\\"822\\\" height=\\\"537\\\" \/><\/p>\n<p><strong>La suite de l\u2019article se trouve dans le prochain num\u00e9ro d\u2019Isra\u00ebl Magazine<\/strong><\/p>\n<p><strong>D\u00e9couvrez un exemplaire du magazine gratuitement et cliquez ensuite sur le rebord droit<\/strong><\/p>\n<p><a href=\\\"https:\/\/online.fliphtml5.com\/rjspi\/ypmm\/#p=1\\\"><strong>https:\/\/online.fliphtml5.com\/rjspi\/ypmm\/#p=1<\/strong><\/a><\/p>\n<p><strong>Votre magazine est livr\u00e9 chez vous en toute confidentialit\u00e9<br \/>\nS\u2019abonner au magazine par t\u00e9l\u00e9phone ou par whats app 00972 (0) 54 254 45 20 ou au 01 86 98 27 27<\/strong><\/p>\n<p><strong>Par email\u00a0\u00a0<\/strong><a href=\\\"mailto:Andredarmon21@gmail.com\\\"><strong>Andredarmon21@gmail.com<\/strong><\/a><strong>\u00a0 pay pal<\/strong><\/p>\n<p><strong>Ou directement sur le site<\/strong><\/p>\n<p><a href=\\\"https:\/\/israelmagazine.co.il\/sabonner-au-magazine\/\\\"><strong>https:\/\/israelmagazine.co.il\/sabonner-au-magazine\/<\/strong><\/a><\/p>\n<p><strong>Ou encore S\u2019abonner au magazine livr\u00e9 chez vous en toute confidentialit\u00e9. Remplir le formulaire<\/strong><\/p>\n<p><a href=\\\"https:\/\/docs.google.com\/forms\/d\/e\/1FAIpQLSfPYJfb8KjEya-X17w0DGPAuBlCGvqVUdh_Is8EL810Lxw82A\/viewform?entry.1189475001=Recipient_Email\\\"><strong>https:\/\/docs.google.com\/forms\/d\/e\/1FAIpQLSfPYJfb8KjEya-X17w0DGPAuBlCGvqVUdh_Is8EL810Lxw82A\/viewform?entry.1189475001=Recipient_Email<\/strong><\/a><\/p>\n<p><strong><u>\u00a0<\/u><\/strong><\/p>\n","protected":false},"excerpt":{"rendered":"<p>Affrontements arm\u00e9s dans les fiefs du Jihad Islamique Le paradoxe s\u00e9curitaire actuel veut que l\u2019op\u00e9ration \u00ab\u00a0Briser la Vague\u00a0\u00bb fonctionne tr\u00e8s bien, avec des arrestations et \u00e9liminations, presque quotidiennes. Mais, parall\u00e8lement, les menaces d\u2019attentats ne font que s\u2019intensifier, avec plus de 500 attaques enray\u00e9es, depuis 8 mois et 550 op\u00e9rations d\u2019arrestations, soit une moyenne de 2 &hellip;<\/p>\n<p class=\"read-more\"> <a class=\"\" href=\"https:\/\/israelmagazine.net\/?p=58812\"> <span class=\"screen-reader-text\">Deux chefs terroristes du Jihad Islamique \u00e9limin\u00e9s dans des fusillades avec Tsahal pr\u00e8s de J\u00e9nine<\/span> Lire la suite \u00bb<\/a><\/p>\n","protected":false},"author":4,"featured_media":58815,"comment_status":"open","ping_status":"open","sticky":false,"template":"","format":"standard","meta":{"site-sidebar-layout":"default","site-content-layout":"default","ast-global-header-display":"","ast-main-header-display":"","ast-hfb-above-header-display":"","ast-hfb-below-header-display":"","ast-hfb-mobile-header-display":"","site-post-title":"","ast-breadcrumbs-content":"","ast-featured-img":"","footer-sml-layout":"","theme-transparent-header-meta":"","adv-header-id-meta":"","stick-header-meta":"","header-above-stick-meta":"","header-main-stick-meta":"","header-below-stick-meta":""},"categories":[84,1621,1387,1612,841,822,1616,1624],"tags":[1240,383,821],"sujet":[],"_links":{"self":[{"href":"https:\/\/israelmagazine.net\/index.php?rest_route=\/wp\/v2\/posts\/58812"}],"collection":[{"href":"https:\/\/israelmagazine.net\/index.php?rest_route=\/wp\/v2\/posts"}],"about":[{"href":"https:\/\/israelmagazine.net\/index.php?rest_route=\/wp\/v2\/types\/post"}],"author":[{"embeddable":true,"href":"https:\/\/israelmagazine.net\/index.php?rest_route=\/wp\/v2\/users\/4"}],"replies":[{"embeddable":true,"href":"https:\/\/israelmagazine.net\/index.php?rest_route=%2Fwp%2Fv2%2Fcomments&post=58812"}],"version-history":[{"count":0,"href":"https:\/\/israelmagazine.net\/index.php?rest_route=\/wp\/v2\/posts\/58812\/revisions"}],"wp:featuredmedia":[{"embeddable":true,"href":"https:\/\/israelmagazine.net\/index.php?rest_route=\/"}],"wp:attachment":[{"href":"https:\/\/israelmagazine.net\/index.php?rest_route=%2Fwp%2Fv2%2Fmedia&parent=58812"}],"wp:term":[{"taxonomy":"category","embeddable":true,"href":"https:\/\/israelmagazine.net\/index.php?rest_route=%2Fwp%2Fv2%2Fcategories&post=58812"},{"taxonomy":"post_tag","embeddable":true,"href":"https:\/\/israelmagazine.net\/index.php?rest_route=%2Fwp%2Fv2%2Ftags&post=58812"},{"taxonomy":"sujet","embeddable":true,"href":"https:\/\/israelmagazine.net\/index.php?rest_route=%2Fwp%2Fv2%2Fsujet&post=58812"}],"curies":[{"name":"wp","href":"https:\/\/api.w.org\/{rel}","templated":true}]}}