{"id":58868,"date":"2022-12-06T10:56:57","date_gmt":"2022-12-06T08:56:57","guid":{"rendered":"https:\/\/israelmagazine.net\/?p=58868"},"modified":"2022-12-06T10:56:57","modified_gmt":"2022-12-06T08:56:57","slug":"le-saviez-vous-cest-arrive-a-jenine","status":"publish","type":"post","link":"https:\/\/israelmagazine.net\/?p=58868","title":{"rendered":"Le saviez-vous\u00a0? C\u2019est arriv\u00e9 \u00e0 J\u00e9nine"},"content":{"rendered":"<img class=\\\"size-medium wp-image-58870\\\" src=\\\"https:\/\/israelmagazine.co.il\/wp-content\/uploads\/2022\/12\/Mon-projet-1-240x300.png\\\" alt=\\\"Palestinien bri\u00e8vement enlev\u00e9 \u00e0 Yarka, pr\u00e8s de Carmiel, pour r\u00e9cup\u00e9rer le corps de Tiran Fero\\\" width=\\\"240\\\" height=\\\"300\\\" \/>\n<h2 style=\\\"font-weight: 400;\\\"><strong>Mich\u00e8le Mazel pour Isra\u00ebl Magazine<\/strong><\/h2>\n<p>&nbsp;<\/p>\n<p>Chef-lieu du gouvernorat du m\u00eame nom de l\u2019Autorit\u00e9 palestinienne, J\u00e9nine d\u00e9fraye r\u00e9guli\u00e8rement la chronique. C\u2019est que le camp de r\u00e9fugi\u00e9s qui s\u2019y trouve, bastion du mouvement terroriste \u00ab Brigades des Martyrs d\u2019Al Aksa \u00bb d\u2019o\u00f9 partent de sanglants attentats \u00e0 l\u2019int\u00e9rieur d\u2019Isra\u00ebl, fait souvent l\u2019objet de batailles rang\u00e9es avec les forces de s\u00e9curit\u00e9 d\u2019Isra\u00ebl.<\/p>\n<h2>Une voie d\\&rsquo;\u00e9changes avec le nord d\\&rsquo;Isra\u00ebl<\/h2>\n<p>Pourtant avec ses pr\u00e8s de cinquante mille habitants, la ville est aussi un important centre commercial tr\u00e8s pris\u00e9 des arabes isra\u00e9liens car tout y est moins cher qu\u2019en Isra\u00ebl.<\/p>\n<p>Deux jeunes druzes de Daliat el Carmel,\u00a0gros bourg du nord d\u2019Isra\u00ebl situ\u00e9e \u00e0 une trentaine de kilom\u00e8tres, en ont ainsi pris le chemin dans l\u2019intention d\u2019effectuer des r\u00e9parations sur leur v\u00e9hicule.<\/p>\n<p>Faut-il le pr\u00e9ciser, les Druzes sont des arabes.<\/p>\n<h2>Le pi\u00e8ge des services m\u00e9dicaux palestiniens se referme<\/h2>\n<p>Peu apr\u00e8s le poste de contr\u00f4le isra\u00e9lien \u00e0 l\u2019entr\u00e9e des territoires palestiniens, ils ont \u00e9t\u00e9 victimes d\u2019un grave accident. L\u2019un d\u2019eux a pu \u00eatre transf\u00e9r\u00e9 dans un h\u00f4pital isra\u00e9lien, mais Tiran Fero, le second, trop gravement atteint pour \u00eatre transport\u00e9, a \u00e9t\u00e9 hospitalis\u00e9 \u00e0 J\u00e9nine o\u00f9 son p\u00e8re est rapidement venu le rejoindre.<\/p>\n<p>Bref, un simple fait divers ne m\u00e9ritant pas d\u2019\u00eatre repris par les agences de presse \u00e9trang\u00e8res. Soudain une bande d\u2019individus encagoul\u00e9s et puissamment arm\u00e9s est arriv\u00e9e en hurlant dans les couloirs de l\u2019h\u00f4pital.<\/p>\n<h2>Un gosse de 17 ans pris pour un \\\u00a0\u00bbsoldat\\\u00a0\u00bb ou un \\\u00a0\u00bbagent\\\u00a0\u00bb<\/h2>\n<p>Selon le r\u00e9cit du p\u00e8re et de l\u2019oncle, qui ont assist\u00e9 impuissants \u00e0 la sc\u00e8ne, ils d\u00e9branchent les appareils du mourant et enl\u00e8vent le corps. Il s\u2019av\u00e8re qu\u2019il s\u2019agit de courageux pour ne pas dire h\u00e9ro\u00efques \u00ab\u00a0militants\u00a0\u00bb du mouvement terroriste Jihad Islamique venus porter un nouveau coup \u00e0 l\u2019ennemi sioniste en d\u00e9robant le corps de Tiran qu\u2019ils comptent marchander pour obtenir des concessions.<\/p>\n<p>Il s\u2019agit d\u2019un arabe\u00a0comme eux ? La belle affaire.\u00a0 En Isra\u00ebl on s\u2019\u00e9meut mais les agences de presse \u00e9trang\u00e8res ne relayent pas l\u2019information. Le gouvernement isra\u00e9lien exige de l\u2019Autorit\u00e9 palestinienne qu\u2019elle agisse imm\u00e9diatement pour faire rendre le corps \u00e0 la famille. C\u2019est qu\u2019il y a des pr\u00e9c\u00e9dents.<\/p>\n<h2>Les Druzes pr\u00eats \u00e0 marcher sur J\u00e9nine<\/h2>\n<p>Le Hamas de Gaza d\u00e9tient depuis 2014 les restes de deux officiers isra\u00e9liens et affichent des exigences exorbitantes pour leur restitution. Malgr\u00e9 des interventions discr\u00e8tes des Nations-Unies et plus appuy\u00e9es des Etats-Unis, Ramallah tergiverse, peu soucieux de se confronter aux jihadistes. Les heures tournent.<\/p>\n<p>La famille de Tiran s\u2019impatiente. Elle a le soutien de toute la communaut\u00e9 druze, qui se mobilise et parle de repr\u00e9sailles.<\/p>\n<p>Ses chefs font savoir que des centaines d\u2019hommes sont pr\u00eats \u00e0 marcher sur J\u00e9nine armes \u00e0 la main.<\/p>\n<div class=\\\"wp-block-image\\\"><\/div>\n<p>P<strong>arall\u00e8lement, trois ouvriers palestiniens sont kidnapp\u00e9s par des activistes druzes qui menacent de les tuer\u00a0; terroris\u00e9s, ils lancent des appels d\u00e9sesp\u00e9r\u00e9s repris par les r\u00e9seaux sociaux arabes. Il est urgent d\u2019en finir.\u00a0<\/strong><\/p>\n<p>L\u2019arm\u00e9e isra\u00e9lienne fait alors savoir qu\u2019elle se pr\u00e9pare \u00e0 une action de grande envergure \u00e0 J\u00e9nine.<\/p>\n<p>Cela ne sera finalement pas n\u00e9cessaire. Les courageux jihadistes r\u00e9v\u00e8lent \u00e0 l\u2019Autorit\u00e9 palestinienne le lieu o\u00f9 ils ont dissimul\u00e9 leur \u00ab\u00a0prise de guerre\u00a0\u00bb. Une ambulance s\u2019y rend, accompagn\u00e9e par une solide escorte\u00a0: qui sait si un autre mouvement terroriste ne va pas chercher \u00e0 reprendre l\u2019op\u00e9ration \u00e0 son compte.<\/p>\n<p>Il n\u2019en est rien et l\u2019ambulance arrive sans encombre en territoire isra\u00e9lien o\u00f9 l\u2019attendent les membres de la famille de Tiran.<\/p>\n<p>L\u2019incident est clos. La presse \u00e9trang\u00e8re n\u2019en aura pas parl\u00e9.<\/p>\n<div class=\\\"wp-block-image\\\">\n<figure class=\\\"alignleft size-thumbnail\\\"><img class=\\\"wp-image-19837\\\" src=\\\"https:\/\/israel247.org\/wp-content\/uploads\/2022\/01\/Screen-Shot-2021-05-14-at-17.20.21-150x150.jpg\\\" sizes=\\\"(max-width: 150px) 100vw, 150px\\\" srcset=\\\"https:\/\/israel247.org\/wp-content\/uploads\/2022\/01\/Screen-Shot-2021-05-14-at-17.20.21-150x150.jpg 150w, https:\/\/israel247.org\/wp-content\/uploads\/2022\/01\/Screen-Shot-2021-05-14-at-17.20.21-75x75.jpg 75w\\\" alt=\\\"\\\" width=\\\"150\\\" height=\\\"150\\\" data-pin-no-hover=\\\"true\\\" \/><\/figure>\n<\/div>\n<p>&nbsp;<\/p>\n<p class=\\\"has-small-font-size\\\"><em>Mich\u00e8le Mazel est dipl\u00f4m\u00e9e de Sciences-Po et licenci\u00e9e en Droit, et a \u00e9t\u00e9 boursi\u00e8re Fullbright en science politique. Pendant plus de trente ans, elle a accompagn\u00e9 de par le monde son mari, le diplomate Zvi Mazel, qui fut notamment ambassadeur d\u2019Isra\u00ebl en Egypte, en Roumanie et en Su\u00e8de. Elle en a tir\u00e9 la mati\u00e8re de nombreux ouvrages \u2013 thrillers et romans.\u00a0<\/em><\/p>\n<h4 style=\\\"font-weight: 400;\\\"><strong>Mich\u00e8le Mazel pour Isra\u00ebl Magazine<\/strong><\/h4>\n<p><strong>La suite de l\u2019article se trouve dans le prochain num\u00e9ro d\u2019Isra\u00ebl Magazine<\/strong><\/p>\n<p><strong>D\u00e9couvrez un exemplaire du magazine gratuitement et cliquez ensuite sur le rebord droit<\/strong><\/p>\n<p><a href=\\\"https:\/\/online.fliphtml5.com\/rjspi\/ypmm\/#p=1\\\"><strong>https:\/\/online.fliphtml5.com\/rjspi\/ypmm\/#p=1<\/strong><\/a><\/p>\n<p><strong>Votre magazine est livr\u00e9 chez vous en toute confidentialit\u00e9<br \/>\nS\u2019abonner au magazine par t\u00e9l\u00e9phone ou par whats app 00972 (0) 54 254 45 20 ou au 01 86 98 27 27<\/strong><\/p>\n<p><strong>Par email\u00a0\u00a0<\/strong><a href=\\\"mailto:Andredarmon21@gmail.com\\\"><strong>Andredarmon21@gmail.com<\/strong><\/a><strong>\u00a0 pay pal<\/strong><\/p>\n<p><strong>Ou directement sur le site<\/strong><\/p>\n<p><a href=\\\"https:\/\/israelmagazine.co.il\/sabonner-au-magazine\/\\\"><strong>https:\/\/israelmagazine.co.il\/sabonner-au-magazine\/<\/strong><\/a><\/p>\n<p><strong>Ou encore S\u2019abonner au magazine livr\u00e9 chez vous en toute confidentialit\u00e9. Remplir le formulaire<\/strong><\/p>\n<p><a href=\\\"https:\/\/docs.google.com\/forms\/d\/e\/1FAIpQLSfPYJfb8KjEya-X17w0DGPAuBlCGvqVUdh_Is8EL810Lxw82A\/viewform?entry.1189475001=Recipient_Email\\\"><strong>https:\/\/docs.google.com\/forms\/d\/e\/1FAIpQLSfPYJfb8KjEya-X17w0DGPAuBlCGvqVUdh_Is8EL810Lxw82A\/viewform?entry.1189475001=Recipient_Email<\/strong><\/a><\/p>\n","protected":false},"excerpt":{"rendered":"<p>Mich\u00e8le Mazel pour Isra\u00ebl Magazine &nbsp; Chef-lieu du gouvernorat du m\u00eame nom de l\u2019Autorit\u00e9 palestinienne, J\u00e9nine d\u00e9fraye r\u00e9guli\u00e8rement la chronique. C\u2019est que le camp de r\u00e9fugi\u00e9s qui s\u2019y trouve, bastion du mouvement terroriste \u00ab Brigades des Martyrs d\u2019Al Aksa \u00bb d\u2019o\u00f9 partent de sanglants attentats \u00e0 l\u2019int\u00e9rieur d\u2019Isra\u00ebl, fait souvent l\u2019objet de batailles rang\u00e9es avec &hellip;<\/p>\n<p class=\"read-more\"> <a class=\"\" href=\"https:\/\/israelmagazine.net\/?p=58868\"> <span class=\"screen-reader-text\">Le saviez-vous\u00a0? C\u2019est arriv\u00e9 \u00e0 J\u00e9nine<\/span> Lire la suite \u00bb<\/a><\/p>\n","protected":false},"author":4,"featured_media":58874,"comment_status":"open","ping_status":"open","sticky":false,"template":"","format":"standard","meta":{"site-sidebar-layout":"default","site-content-layout":"default","ast-global-header-display":"","ast-main-header-display":"","ast-hfb-above-header-display":"","ast-hfb-below-header-display":"","ast-hfb-mobile-header-display":"","site-post-title":"","ast-breadcrumbs-content":"","ast-featured-img":"","footer-sml-layout":"","theme-transparent-header-meta":"","adv-header-id-meta":"","stick-header-meta":"","header-above-stick-meta":"","header-main-stick-meta":"","header-below-stick-meta":""},"categories":[84,1621,814,1612,841,1623,1615],"tags":[383,877],"sujet":[],"_links":{"self":[{"href":"https:\/\/israelmagazine.net\/index.php?rest_route=\/wp\/v2\/posts\/58868"}],"collection":[{"href":"https:\/\/israelmagazine.net\/index.php?rest_route=\/wp\/v2\/posts"}],"about":[{"href":"https:\/\/israelmagazine.net\/index.php?rest_route=\/wp\/v2\/types\/post"}],"author":[{"embeddable":true,"href":"https:\/\/israelmagazine.net\/index.php?rest_route=\/wp\/v2\/users\/4"}],"replies":[{"embeddable":true,"href":"https:\/\/israelmagazine.net\/index.php?rest_route=%2Fwp%2Fv2%2Fcomments&post=58868"}],"version-history":[{"count":0,"href":"https:\/\/israelmagazine.net\/index.php?rest_route=\/wp\/v2\/posts\/58868\/revisions"}],"wp:featuredmedia":[{"embeddable":true,"href":"https:\/\/israelmagazine.net\/index.php?rest_route=\/"}],"wp:attachment":[{"href":"https:\/\/israelmagazine.net\/index.php?rest_route=%2Fwp%2Fv2%2Fmedia&parent=58868"}],"wp:term":[{"taxonomy":"category","embeddable":true,"href":"https:\/\/israelmagazine.net\/index.php?rest_route=%2Fwp%2Fv2%2Fcategories&post=58868"},{"taxonomy":"post_tag","embeddable":true,"href":"https:\/\/israelmagazine.net\/index.php?rest_route=%2Fwp%2Fv2%2Ftags&post=58868"},{"taxonomy":"sujet","embeddable":true,"href":"https:\/\/israelmagazine.net\/index.php?rest_route=%2Fwp%2Fv2%2Fsujet&post=58868"}],"curies":[{"name":"wp","href":"https:\/\/api.w.org\/{rel}","templated":true}]}}