{"id":58888,"date":"2022-12-09T11:33:57","date_gmt":"2022-12-09T09:33:57","guid":{"rendered":"https:\/\/israelmagazine.net\/?p=58888"},"modified":"2022-12-09T11:33:57","modified_gmt":"2022-12-09T09:33:57","slug":"larabie-saoudite-et-israel-pourraient-normaliser-leurs-relations-dans-le-courant-de-lannee-selon-danny-danon","status":"publish","type":"post","link":"https:\/\/israelmagazine.net\/?p=58888","title":{"rendered":"L\u2019Arabie Saoudite et Isra\u00ebl pourraient normaliser leurs relations dans le courant de l\u2019ann\u00e9e, selon Danny Danon"},"content":{"rendered":"<p><img class=\\\"alignnone size-medium wp-image-58893\\\" src=\\\"https:\/\/israelmagazine.co.il\/wp-content\/uploads\/2022\/12\/Mon-projet-2022-12-09T113028.605-300x157.jpg\\\" alt=\\\"\\\" width=\\\"300\\\" height=\\\"157\\\" \/><\/p>\n<h3><em>Apr\u00e8s les signatures de 4 pays, aucune autre nation n\u2019est entr\u00e9e dans le cadre des Accords d\u2019Abraham depuis le Maroc en d\u00e9cembre 2020.<\/em><\/h3>\n<p>&nbsp;<\/p>\n<p>L\u2019Arabie Saoudite est susceptible de se joindre aux accords d\u2019Abraham, en normalisant ses relations avec Isra\u00ebl, au cours de l\u2019ann\u00e9e qui vient (2023), selon l\u2019ancien ambassadeur \u00e0 l\u2019ONU, Danny Danon.<\/p>\n<p>Danon a fait cette d\u00e9claration au cours du premier sommet mondial des dirigeants participant aux Accords d\u2019Abraham, qui s\u2019est tenu \u00e0 Rome, en pr\u00e9sence de repr\u00e9sentants de 30 pays.<\/p>\n<h2>Poursuivre la conclusion d\\&rsquo;accords sera une priorit\u00e9 du gouvernement Netanyahou<\/h2>\n<p>Le Premier ministre Binyamin Netanyahou est le signataire isra\u00e9lien et l\u2019un des architectes des accords, avec Yossi Cohen en sous-main.<\/p>\n<p>Selon Danon, \u00ab\u00a0Apr\u00e8s la r\u00e9\u00e9lection de Netanyahou, la priorit\u00e9 de son gouvernement sera d\u2019augmenter le nombre de signataires des accords d\u2019Abraham\u00a0\u00bb<\/p>\n<p>\u00ab\u00a0La premi\u00e8re visite d\u2019\u00c9tat de Netanyahou aura lieu \u00e0 Abou Dhabi et nous esp\u00e9rons que Riyad suivra\u00a0\u00bb, a d\u00e9clar\u00e9 ce membre \u00e9minent du Likoud, aide de camp de Bibi \u00e0 l\u2019internationale.<\/p>\n<h2>Beaucoup de travail de coulisse avant le r\u00e9sultat<\/h2>\n<p>\u00ab\u00a0Les accords d\u2019Abraham ne se sont pas construits en un jour. Le plus dur a \u00e9t\u00e9 de les rendre public. Nous sommes en contact avec les Saoudiens depuis des ann\u00e9es. J\u2019ai travaill\u00e9 personnellement avec eux aux Nations-Unies sur des questions de stabilit\u00e9 et de s\u00e9curit\u00e9 r\u00e9gionales. Ce n\u2019est qu\u2019une question de temps avant que des dirigeants courageux ne sortent de l\u2019ombre et qu\u2019une paix totale soit r\u00e9alis\u00e9e entre tous les enfants d\u2019Abraham\u00a0\u00bb, a pr\u00e9cis\u00e9 Danon.<\/p>\n<p>En d\u00e9but de semaine, le pr\u00e9sident Itzhak Herzog s\u2019est rendu dans deux pays signataires, le Bahre\u00efn et les \u00c9mirats Arabes Unis, pour d\u00e9velopper ces liens et inciter d\u2019autres pays arabes\u00a0 \u00e0 normaliser leurs relations avec l\u2019\u00c9tat Juif.<\/p>\n<h2>Ne leurrer personne sur les chances d\\&rsquo;accord avec les Palestiniens<\/h2>\n<p>Le ministre des Affaires \u00e9trang\u00e8res de Bahre\u00efn, Abdoullatif bin Rashid Al Zayanit, a r\u00e9affirm\u00e9 la position officielle selon laquelle des progr\u00e8s dans la r\u00e9solution du conflit isra\u00e9lo-palestinien sont n\u00e9cessaires, avant que d\u2019autres pays arabes ne normalisent leurs relations avec Isra\u00ebl.<\/p>\n<p>Cela dit, certains patientent, bien conscients que nous vivons le chant du Cygne de l\u2019Autorit\u00e9 Palestinienne sous Mahmoud Abbas et que personne n\u2019est tr\u00e8s \u00e9clair\u00e9 sur la fa\u00e7on dont ce d\u00e9clin est susceptible de se terminer. La situation s\u00e9curitaire est donc sujette \u00e0 des \u00e9pisodes de terrorisme et de violence pour que le plus fort localement s\u2019impose. Et cela n\u2019ira pas dans le sens de la \u00ab\u00a0paix\u00a0\u00bb r\u00eav\u00e9e.<\/p>\n<h2>Sp\u00e9culations sur l\u2019adh\u00e9sion de l\u2019Arabie Saoudite<\/h2>\n<p>Malgr\u00e9 les sceptiques affirmant que l\u2019Arabie Saoudite n\u2019est pas encore pr\u00eate, et m\u00eame si les dirigeants voudraient faire un pas, les sp\u00e9culations positives \u00e0 ce sujet continuent de s\u2019\u00e9lever.<\/p>\n<p>\u00c0 Rome, l\u2019imam chiite Mohammad Tawhidi, vice-pr\u00e9sident du Conseil mondial des imams, a dit qu\u2019il per\u00e7oit un avenir o\u00f9 l\u2019Arabie Saoudite et l\u2019Iran auront des relations avec Isra\u00ebl. T\u00e9h\u00e9ran et J\u00e9rusalem marchaient main dans la main avant la r\u00e9volution iranienne.<\/p>\n<h2>Le peuple iranien ne r\u00eave que de cela<\/h2>\n<p>\u00ab\u00a0Malgr\u00e9 les inimiti\u00e9s entretenues, la paix entre Isra\u00ebl, l\u2019Iran et m\u00eame entre Chiites et Sunnites est plus proche qu\u2019elle ne l\u2019a jamais \u00e9t\u00e9\u00a0\u00bb.<\/p>\n<p>\u00ab\u00a0Le peuple iranien a vu que les accords d\u2019Abraham portaient leurs fruits, il est t\u00e9moin de la rapidit\u00e9 avec laquelle on peut construire la paix. Nombreux se souviennent de la pr\u00e9sence des touristes isra\u00e9liens \u00e0 T\u00e9h\u00e9ran et aspirent au retour de ces beaux jours\u00a0\u00bb, a ajout\u00e9 Tawhidi.<\/p>\n<h2>L\\&rsquo;alliance d\\&rsquo;Abraham pour lutter contre l\\&rsquo;extr\u00e9misme religieux<\/h2>\n<p>Il a ajout\u00e9 que l\u2019\u00e9valuation de Danon est correcte, rappelant que les accords d\u2019Abraham n\u2019auraient jamais eu lieu sans le consentement tacite de l\u2019Arabie Saoudite, donnant son approbation \u00e0 ses voisins, partant en \u00e9claireurs.<\/p>\n<p>L\u2019objectif de ces accords, selon Tawhidi, est que les chefs religieux des trois religions abrahamiques se sentent renforc\u00e9s pour marginaliser toutes les approches extr\u00e9mistes qui parlent en leur nom. Les chefs religieux peuvent soutenir les d\u00e9cisions des politiques et \u00ab\u00a0contribuer directement au r\u00e9cit sur le terrain\u00a0\u00bb.<\/p>\n<p>Tous les participants ont sign\u00e9 l\u2019Engagement des valeurs d\u2019Abraham, selon les 6 piliers fondamentaux\u00a0: \u00ab Tol\u00e9rance, coexistence et diversit\u00e9, famille ainsi que paix \u00e9conomique\u00a0\u00bb.<\/p>\n<p><strong>La suite de l\u2019article se trouve dans le prochain num\u00e9ro d\u2019Isra\u00ebl Magazine<\/strong><\/p>\n<p><strong>D\u00e9couvrez un exemplaire du magazine gratuitement et cliquez ensuite sur le rebord droit<\/strong><\/p>\n<p><a href=\\\"https:\/\/online.fliphtml5.com\/rjspi\/ypmm\/#p=1\\\"><strong>https:\/\/online.fliphtml5.com\/rjspi\/ypmm\/#p=1<\/strong><\/a><\/p>\n<p><strong>Votre magazine est livr\u00e9 chez vous en toute confidentialit\u00e9<br \/>\nS\u2019abonner au magazine par t\u00e9l\u00e9phone ou par whats app 00972 (0) 54 254 45 20 ou au 01 86 98 27 27<\/strong><\/p>\n<p><strong>Par email\u00a0\u00a0<\/strong><a href=\\\"mailto:Andredarmon21@gmail.com\\\"><strong>Andredarmon21@gmail.com<\/strong><\/a><strong>\u00a0 pay pal<\/strong><\/p>\n<p><strong>Ou directement sur le site<\/strong><\/p>\n<p><a href=\\\"https:\/\/israelmagazine.co.il\/sabonner-au-magazine\/\\\"><strong>https:\/\/israelmagazine.co.il\/sabonner-au-magazine\/<\/strong><\/a><\/p>\n<p><strong>Ou encore S\u2019abonner au magazine livr\u00e9 chez vous en toute confidentialit\u00e9. Remplir le formulaire<\/strong><\/p>\n<p><a href=\\\"https:\/\/docs.google.com\/forms\/d\/e\/1FAIpQLSfPYJfb8KjEya-X17w0DGPAuBlCGvqVUdh_Is8EL810Lxw82A\/viewform?entry.1189475001=Recipient_Email\\\"><strong>https:\/\/docs.google.com\/forms\/d\/e\/1FAIpQLSfPYJfb8KjEya-X17w0DGPAuBlCGvqVUdh_Is8EL810Lxw82A\/viewform?entry.1189475001=Recipient_Email<\/strong><\/a><\/p>\n<p>&nbsp;<\/p>\n","protected":false},"excerpt":{"rendered":"<p>Apr\u00e8s les signatures de 4 pays, aucune autre nation n\u2019est entr\u00e9e dans le cadre des Accords d\u2019Abraham depuis le Maroc en d\u00e9cembre 2020. &nbsp; L\u2019Arabie Saoudite est susceptible de se joindre aux accords d\u2019Abraham, en normalisant ses relations avec Isra\u00ebl, au cours de l\u2019ann\u00e9e qui vient (2023), selon l\u2019ancien ambassadeur \u00e0 l\u2019ONU, Danny Danon. Danon &hellip;<\/p>\n<p class=\"read-more\"> <a class=\"\" href=\"https:\/\/israelmagazine.net\/?p=58888\"> <span class=\"screen-reader-text\">L\u2019Arabie Saoudite et Isra\u00ebl pourraient normaliser leurs relations dans le courant de l\u2019ann\u00e9e, selon Danny Danon<\/span> Lire la suite \u00bb<\/a><\/p>\n","protected":false},"author":4,"featured_media":58889,"comment_status":"open","ping_status":"open","sticky":false,"template":"","format":"standard","meta":{"site-sidebar-layout":"default","site-content-layout":"default","ast-global-header-display":"","ast-main-header-display":"","ast-hfb-above-header-display":"","ast-hfb-below-header-display":"","ast-hfb-mobile-header-display":"","site-post-title":"","ast-breadcrumbs-content":"","ast-featured-img":"","footer-sml-layout":"","theme-transparent-header-meta":"","adv-header-id-meta":"","stick-header-meta":"","header-above-stick-meta":"","header-main-stick-meta":"","header-below-stick-meta":""},"categories":[84,3160,1621,1612,1617,1679,1610,822,1622,1673,1614,1623,1619,1615],"tags":[1739,810,881,931,1628,383,2569,877,1761,821],"sujet":[],"_links":{"self":[{"href":"https:\/\/israelmagazine.net\/index.php?rest_route=\/wp\/v2\/posts\/58888"}],"collection":[{"href":"https:\/\/israelmagazine.net\/index.php?rest_route=\/wp\/v2\/posts"}],"about":[{"href":"https:\/\/israelmagazine.net\/index.php?rest_route=\/wp\/v2\/types\/post"}],"author":[{"embeddable":true,"href":"https:\/\/israelmagazine.net\/index.php?rest_route=\/wp\/v2\/users\/4"}],"replies":[{"embeddable":true,"href":"https:\/\/israelmagazine.net\/index.php?rest_route=%2Fwp%2Fv2%2Fcomments&post=58888"}],"version-history":[{"count":0,"href":"https:\/\/israelmagazine.net\/index.php?rest_route=\/wp\/v2\/posts\/58888\/revisions"}],"wp:featuredmedia":[{"embeddable":true,"href":"https:\/\/israelmagazine.net\/index.php?rest_route=\/"}],"wp:attachment":[{"href":"https:\/\/israelmagazine.net\/index.php?rest_route=%2Fwp%2Fv2%2Fmedia&parent=58888"}],"wp:term":[{"taxonomy":"category","embeddable":true,"href":"https:\/\/israelmagazine.net\/index.php?rest_route=%2Fwp%2Fv2%2Fcategories&post=58888"},{"taxonomy":"post_tag","embeddable":true,"href":"https:\/\/israelmagazine.net\/index.php?rest_route=%2Fwp%2Fv2%2Ftags&post=58888"},{"taxonomy":"sujet","embeddable":true,"href":"https:\/\/israelmagazine.net\/index.php?rest_route=%2Fwp%2Fv2%2Fsujet&post=58888"}],"curies":[{"name":"wp","href":"https:\/\/api.w.org\/{rel}","templated":true}]}}