{"id":58928,"date":"2022-12-13T08:32:45","date_gmt":"2022-12-13T06:32:45","guid":{"rendered":"https:\/\/israelmagazine.net\/?p=58928"},"modified":"2022-12-13T08:32:45","modified_gmt":"2022-12-13T06:32:45","slug":"priorite-des-priorites-de-hitler-eliminer-les-enfants-juifs","status":"publish","type":"post","link":"https:\/\/israelmagazine.net\/?p=58928","title":{"rendered":"Priorit\u00e9 des priorit\u00e9s de Hitler\u00a0: \u00e9liminer les enfants juifs."},"content":{"rendered":"<h1><img class=\\\"alignnone size-medium wp-image-58939\\\" src=\\\"https:\/\/israelmagazine.co.il\/wp-content\/uploads\/2022\/12\/Mon-projet-2022-12-13T082755.274-300x157.jpg\\\" alt=\\\"\\\" width=\\\"300\\\" height=\\\"157\\\" \/><\/h1>\n<h1 style=\\\"font-weight: 400;\\\"><strong>1941-1945.\u00a0\u00a0\u00a0\u00a0\u00a0\u00a0\u00a0\u00a0\u00a0\u00a0\u00a0\u00a0\u00a0\u00a0<\/strong><\/h1>\n<h1 style=\\\"font-weight: 400;\\\"><strong>\u00a0\u00a0\u00a0\u00a0\u00a0\u00a0\u00a0\u00a0\u00a0Priorit\u00e9 des priorit\u00e9s de Hitler : <\/strong><strong>\u00e9liminer les enfants juifs.<\/strong><\/h1>\n<p style=\\\"font-weight: 400;\\\"><strong>Pour les nazis ils repr\u00e9sentent des reproducteurs en puissance\u00a0de la \u00ab\u00a0peste juive\u00a0\u00bb qu\u2019il faut supprimer. Ils ont largement r\u00e9ussi leur pari inf\u00e2me. Il ne faut jamais oublier que trois fois plus d\u2019enfants que d\u2019adultes ont \u00e9t\u00e9 massacr\u00e9s.<\/strong><strong>[1]<\/strong><\/p>\n<p style=\\\"font-weight: 400;\\\"><strong>\u00a0<\/strong><\/p>\n<p style=\\\"font-weight: 400;\\\"><strong>Marc-Andr\u00e9 Chargu\u00e9raud<\/strong><\/p>\n<p style=\\\"font-weight: 400;\\\"><strong>\u00a0<\/strong><\/p>\n<p style=\\\"font-weight: 400;\\\">Sur quelque 1 600 000 enfants juifs vivant en Europe continentale en 1940, on estime que 100 000 \u00e0 200 000 ont surv\u00e9cu, soit entre 6 et 12 %.[2]\u00a0Sur les 5 200 000 adultes juifs europ\u00e9ens, 2 000 000 environ soit 38% sont en vie \u00e0 la Lib\u00e9ration.[3]\u00a0Ils ont \u00e9chapp\u00e9 \u00e0 la catastrophe. 6 \u00e0 12% d\u2019enfants survivants, 38% d\u2019adultes, ces chiffres n\u2019illustrent-ils pas l\u2019acharnement mortel des nazis envers les jeunes Juifs\u00a0?<\/p>\n<p style=\\\"font-weight: 400;\\\">Que les enfants aient \u00e9t\u00e9 plus fragiles que leurs a\u00een\u00e9s n\u2019est qu\u2019une partie de l\u2019explication. Certes les enfants sont plus nombreux \u00e0 succomber dans les camps de transit, dans les ghettos, dans les transports vers les camps de la mort o\u00f9 ils sont syst\u00e9matiquement extermin\u00e9s comme tous ceux qui ne sont pas aptes au travail, les vieux, les malades, les invalides. Nombre d\u2019enfants ont pu \u00e9chapper aux arrestations. Ils ont \u00e9t\u00e9 pris en charge par les populations locales, confi\u00e9s par leurs parents avant leur arrestation imminente ou abandonn\u00e9s, livr\u00e9s \u00e0 eux-m\u00eames au gr\u00e9 des drames. Ils sont plus faciles \u00e0 cacher. Ils se fondent parmi les autres enfants et adoptent naturellement ou sont incit\u00e9s \u00e0 pratiquer les usages et parfois les rites religieux pratiqu\u00e9s par leur milieu d\u2019accueil, ce qui posera de nombreux probl\u00e8mes \u00e0 la Lib\u00e9ration mais les sauvera.<\/p>\n<p style=\\\"font-weight: 400;\\\">Tout au long de sa carri\u00e8re politique Hitler a manifest\u00e9 sa volont\u00e9 morbide d\u2019\u00e9radiquer de la surface de la terre le peuple juif qu\u2019il consid\u00e8re comme son pire ennemi.\u00a0\u00a0Jusqu\\&rsquo;\u00e0 ses derniers jours l\u2019extermination des Juifs reste sa priorit\u00e9 absolue. Le 15 f\u00e9vrier 1945, Hitler r\u00e9p\u00e8te une fois de plus\u00a0: \u00ab\u00a0Je ne leur ai pas laiss\u00e9 ignorer que s\u2019ils pr\u00e9cipitaient de nouveau le monde dans la guerre, cette fois ils ne seraient pas \u00e9pargn\u00e9s, que la vermine serait d\u00e9finitivement extirp\u00e9e d\u2019Europe \u00bb.[4]\u00a0Le F\u00fchrer s\u2019imagine \u00eatre investi d\u2019une mission \u00ab c\u00e9leste \u00bb, lorsqu\u2019il s\u2019exclame le 2 avril 1945, moins d\u2019un mois avant son suicide\u00a0: \u00ab On sera \u00e9ternellement reconnaissant au national-socialisme d\u2019avoir effac\u00e9 les Juifs d\u2019Allemagne et d\u2019Europe centrale \u00bb.[5]<\/p>\n<p style=\\\"font-weight: 400;\\\">(&#8230;.)<\/p>\n<p style=\\\"font-weight: 400;\\\">Copyright Marc-Andr\u00e9 Chargu\u00e9raud. Gen\u00e8ve 2022<\/p>\n<p><strong>La suite de l\u2019article se trouve dans le prochain num\u00e9ro d\u2019Isra\u00ebl Magazine<\/strong><\/p>\n<p><strong>D\u00e9couvrez un exemplaire du magazine gratuitement et cliquez ensuite sur le rebord droit<\/strong><\/p>\n<p><a href=\\\"https:\/\/online.fliphtml5.com\/rjspi\/ypmm\/#p=1\\\"><strong>https:\/\/online.fliphtml5.com\/rjspi\/ypmm\/#p=1<\/strong><\/a><\/p>\n<p><strong>Votre magazine est livr\u00e9 chez vous en toute confidentialit\u00e9<br \/>\nS\u2019abonner au magazine par t\u00e9l\u00e9phone ou par whats app 00972 (0) 54 254 45 20 ou au 01 86 98 27 27<\/strong><\/p>\n<p><strong>Par email\u00a0\u00a0<\/strong><a href=\\\"mailto:Andredarmon21@gmail.com\\\"><strong>Andredarmon21@gmail.com<\/strong><\/a><strong>\u00a0 pay pal<\/strong><\/p>\n<p><strong>Ou directement sur le site<\/strong><\/p>\n<p><a href=\\\"https:\/\/israelmagazine.co.il\/sabonner-au-magazine\/\\\"><strong>https:\/\/israelmagazine.co.il\/sabonner-au-magazine\/<\/strong><\/a><\/p>\n<p><strong>Ou encore S\u2019abonner au magazine livr\u00e9 chez vous en toute confidentialit\u00e9. Remplir le formulaire<\/strong><\/p>\n<p><a href=\\\"https:\/\/docs.google.com\/forms\/d\/e\/1FAIpQLSfPYJfb8KjEya-X17w0DGPAuBlCGvqVUdh_Is8EL810Lxw82A\/viewform?entry.1189475001=Recipient_Email\\\"><strong>https:\/\/docs.google.com\/forms\/d\/e\/1FAIpQLSfPYJfb8KjEya-X17w0DGPAuBlCGvqVUdh_Is8EL810Lxw82A\/viewform?entry.1189475001=Recipient_Email<\/strong><\/a><\/p>\n<p style=\\\"font-weight: 400;\\\">\n","protected":false},"excerpt":{"rendered":"<p>1941-1945.\u00a0\u00a0\u00a0\u00a0\u00a0\u00a0\u00a0\u00a0\u00a0\u00a0\u00a0\u00a0\u00a0\u00a0 \u00a0\u00a0\u00a0\u00a0\u00a0\u00a0\u00a0\u00a0\u00a0Priorit\u00e9 des priorit\u00e9s de Hitler : \u00e9liminer les enfants juifs. Pour les nazis ils repr\u00e9sentent des reproducteurs en puissance\u00a0de la \u00ab\u00a0peste juive\u00a0\u00bb qu\u2019il faut supprimer. Ils ont largement r\u00e9ussi leur pari inf\u00e2me. Il ne faut jamais oublier que trois fois plus d\u2019enfants que d\u2019adultes ont \u00e9t\u00e9 massacr\u00e9s.[1] \u00a0 Marc-Andr\u00e9 Chargu\u00e9raud \u00a0 Sur quelque 1 &hellip;<\/p>\n<p class=\"read-more\"> <a class=\"\" href=\"https:\/\/israelmagazine.net\/?p=58928\"> <span class=\"screen-reader-text\">Priorit\u00e9 des priorit\u00e9s de Hitler\u00a0: \u00e9liminer les enfants juifs.<\/span> Lire la suite \u00bb<\/a><\/p>\n","protected":false},"author":4,"featured_media":58937,"comment_status":"open","ping_status":"open","sticky":false,"template":"","format":"standard","meta":{"site-sidebar-layout":"default","site-content-layout":"default","ast-global-header-display":"","ast-main-header-display":"","ast-hfb-above-header-display":"","ast-hfb-below-header-display":"","ast-hfb-mobile-header-display":"","site-post-title":"","ast-breadcrumbs-content":"","ast-featured-img":"","footer-sml-layout":"","theme-transparent-header-meta":"","adv-header-id-meta":"","stick-header-meta":"","header-above-stick-meta":"","header-main-stick-meta":"","header-below-stick-meta":""},"categories":[811],"tags":[1240,873],"sujet":[],"_links":{"self":[{"href":"https:\/\/israelmagazine.net\/index.php?rest_route=\/wp\/v2\/posts\/58928"}],"collection":[{"href":"https:\/\/israelmagazine.net\/index.php?rest_route=\/wp\/v2\/posts"}],"about":[{"href":"https:\/\/israelmagazine.net\/index.php?rest_route=\/wp\/v2\/types\/post"}],"author":[{"embeddable":true,"href":"https:\/\/israelmagazine.net\/index.php?rest_route=\/wp\/v2\/users\/4"}],"replies":[{"embeddable":true,"href":"https:\/\/israelmagazine.net\/index.php?rest_route=%2Fwp%2Fv2%2Fcomments&post=58928"}],"version-history":[{"count":0,"href":"https:\/\/israelmagazine.net\/index.php?rest_route=\/wp\/v2\/posts\/58928\/revisions"}],"wp:featuredmedia":[{"embeddable":true,"href":"https:\/\/israelmagazine.net\/index.php?rest_route=\/"}],"wp:attachment":[{"href":"https:\/\/israelmagazine.net\/index.php?rest_route=%2Fwp%2Fv2%2Fmedia&parent=58928"}],"wp:term":[{"taxonomy":"category","embeddable":true,"href":"https:\/\/israelmagazine.net\/index.php?rest_route=%2Fwp%2Fv2%2Fcategories&post=58928"},{"taxonomy":"post_tag","embeddable":true,"href":"https:\/\/israelmagazine.net\/index.php?rest_route=%2Fwp%2Fv2%2Ftags&post=58928"},{"taxonomy":"sujet","embeddable":true,"href":"https:\/\/israelmagazine.net\/index.php?rest_route=%2Fwp%2Fv2%2Fsujet&post=58928"}],"curies":[{"name":"wp","href":"https:\/\/api.w.org\/{rel}","templated":true}]}}