{"id":58950,"date":"2022-12-16T08:09:32","date_gmt":"2022-12-16T06:09:32","guid":{"rendered":"https:\/\/israelmagazine.net\/?p=58950"},"modified":"2022-12-16T08:09:32","modified_gmt":"2022-12-16T06:09:32","slug":"la-normalisation-israelo-saoudienne-peut-resoudre-le-conflit-avec-les-palestiniens-selon-netanyahou","status":"publish","type":"post","link":"https:\/\/israelmagazine.net\/?p=58950","title":{"rendered":"La normalisation isra\u00e9lo-saoudienne peut r\u00e9soudre le conflit avec les Palestiniens, selon Netanyahou"},"content":{"rendered":"<h2 dir=\\\"ltr\\\"><img class=\\\"alignnone size-medium wp-image-58826\\\" src=\\\"https:\/\/israelmagazine.co.il\/wp-content\/uploads\/2022\/12\/Mon-projet-2022-12-02T143247.007-300x157.jpg\\\" alt=\\\"\\\" width=\\\"300\\\" height=\\\"157\\\" \/><\/h2>\n<h2 dir=\\\"ltr\\\"><span style=\\\"font-size: large;\\\">La normalisation isra\u00e9lo-saoudienne peut r\u00e9soudre le conflit avec les Palestiniens, selon Netanyahou<\/span><\/h2>\n<p dir=\\\"ltr\\\">Benjamin Netanyahou s\\&rsquo;est exprim\u00e9 pour apaiser les craintes internationales quant \u00e0 l\\&rsquo;impact que le nouveau gouvernement qu\\&rsquo;il cherche \u00e0 former avec ses partenaires d\\&rsquo;extr\u00eame droite aurait sur les relations entre Isra\u00ebl et le reste du monde.<\/p>\n<p dir=\\\"ltr\\\">Un accord de normalisation entre Isra\u00ebl et l\\&rsquo;Arabie saoudite pourrait faire partie d\\&rsquo;une nouvelle initiative de paix susceptible de r\u00e9soudre le conflit entre l\\&rsquo;\u00c9tat juif et les Palestiniens, a d\u00e9clar\u00e9 jeudi le Premier ministre entrant Benjamin Netanyahou dans une longue interview vid\u00e9o avec Al Arabiya en anglais, bas\u00e9e \u00e0 Duba\u00ef.<\/p>\n<p dir=\\\"ltr\\\">\\\u00a0\u00bbJe pense que nous pouvons mettre fin au conflit arabo-isra\u00e9lien et parvenir \u00e0 la paix avec les Palestiniens, et nous devons juste \u00eatre cr\u00e9atifs \u00e0 ce sujet\\\u00a0\u00bb, a-t-il d\u00e9clar\u00e9.<\/p>\n<p dir=\\\"ltr\\\">\\\u00a0\u00bbJ\\&rsquo;ai h\u00e2te d\\&rsquo;en discuter avec les dirigeants arabes et les Palestiniens eux-m\u00eames\\\u00a0\u00bb, a-t-il d\u00e9clar\u00e9.<\/p>\n<h2><strong><span style=\\\"font-size: large;\\\">Apaiser les craintes sur le nouveau gouvernement d\\&rsquo;Isra\u00ebl compos\u00e9 de partis d\u2019extr\u00eame droite<\/span><\/strong><\/h2>\n<p dir=\\\"ltr\\\">Netanyahou s\\&rsquo;est exprim\u00e9 pour apaiser les craintes internationales croissantes quant \u00e0 l\\&rsquo;impact que le nouveau gouvernement qu\\&rsquo;il cherche \u00e0 former avec des partenaires de la coalition d\\&rsquo;extr\u00eame droite aurait sur les relations d\\&rsquo;Isra\u00ebl avec les Palestiniens et avec ses voisins arabes.<\/p>\n<p dir=\\\"ltr\\\">Il a sp\u00e9cifiquement fait r\u00e9f\u00e9rence \u00e0 l\\&rsquo;Arabie saoudite, une semaine seulement apr\u00e8s la visite du pr\u00e9sident isra\u00e9lien Isaac Herzog \u00e0 Bahre\u00efn et aux \u00c9mirats arabes unis, o\u00f9 il a discut\u00e9 de la possibilit\u00e9 de liens isra\u00e9lo-saoudiens.<\/p>\n<p><strong>La suite de l\u2019article se trouve dans le prochain num\u00e9ro d\u2019Isra\u00ebl Magazine<\/strong><\/p>\n<p><strong>D\u00e9couvrez un exemplaire du magazine gratuitement et cliquez ensuite sur le rebord droit<\/strong><\/p>\n<p><a href=\\\"https:\/\/online.fliphtml5.com\/rjspi\/ypmm\/#p=1\\\"><strong>https:\/\/online.fliphtml5.com\/rjspi\/ypmm\/#p=1<\/strong><\/a><\/p>\n<p><strong>Votre magazine est livr\u00e9 chez vous en toute confidentialit\u00e9<br \/>\nS\u2019abonner au magazine par t\u00e9l\u00e9phone ou par whats app 00972 (0) 54 254 45 20 ou au 01 86 98 27 27<\/strong><\/p>\n<p><strong>Par email\u00a0\u00a0<\/strong><a href=\\\"mailto:Andredarmon21@gmail.com\\\"><strong>Andredarmon21@gmail.com<\/strong><\/a><strong>\u00a0 pay pal<\/strong><\/p>\n<p><strong>Ou directement sur le site<\/strong><\/p>\n<p><a href=\\\"https:\/\/israelmagazine.co.il\/sabonner-au-magazine\/\\\"><strong>https:\/\/israelmagazine.co.il\/sabonner-au-magazine\/<\/strong><\/a><\/p>\n<p><strong>Ou encore S\u2019abonner au magazine livr\u00e9 chez vous en toute confidentialit\u00e9. Remplir le formulaire<\/strong><\/p>\n<p dir=\\\"ltr\\\"><a href=\\\"https:\/\/docs.google.com\/forms\/d\/e\/1FAIpQLSfPYJfb8KjEya-X17w0DGPAuBlCGvqVUdh_Is8EL810Lxw82A\/viewform?entry.1189475001=Recipient_Email\\\"><strong>https:\/\/docs.google.com\/forms\/d\/e\/1FAIpQLSfPYJfb8KjEya-X17w0DGPAuBlCGvqVUdh_Is8EL810Lxw82A\/viewform?entry.1189475001=Recipient_Email<\/strong><\/a><\/p>\n","protected":false},"excerpt":{"rendered":"<p>La normalisation isra\u00e9lo-saoudienne peut r\u00e9soudre le conflit avec les Palestiniens, selon Netanyahou Benjamin Netanyahou s\\&rsquo;est exprim\u00e9 pour apaiser les craintes internationales quant \u00e0 l\\&rsquo;impact que le nouveau gouvernement qu\\&rsquo;il cherche \u00e0 former avec ses partenaires d\\&rsquo;extr\u00eame droite aurait sur les relations entre Isra\u00ebl et le reste du monde. Un accord de normalisation entre Isra\u00ebl et &hellip;<\/p>\n<p class=\"read-more\"> <a class=\"\" href=\"https:\/\/israelmagazine.net\/?p=58950\"> <span class=\"screen-reader-text\">La normalisation isra\u00e9lo-saoudienne peut r\u00e9soudre le conflit avec les Palestiniens, selon Netanyahou<\/span> Lire la suite \u00bb<\/a><\/p>\n","protected":false},"author":4,"featured_media":58953,"comment_status":"open","ping_status":"open","sticky":false,"template":"","format":"standard","meta":{"site-sidebar-layout":"default","site-content-layout":"default","ast-global-header-display":"","ast-main-header-display":"","ast-hfb-above-header-display":"","ast-hfb-below-header-display":"","ast-hfb-mobile-header-display":"","site-post-title":"","ast-breadcrumbs-content":"","ast-featured-img":"","footer-sml-layout":"","theme-transparent-header-meta":"","adv-header-id-meta":"","stick-header-meta":"","header-above-stick-meta":"","header-main-stick-meta":"","header-below-stick-meta":""},"categories":[84,3160,1621,1612,1617,1679,3146,3163,1610,1726,822,1622,1614,1674,1191],"tags":[1739,1635,2569,877,1761],"sujet":[],"_links":{"self":[{"href":"https:\/\/israelmagazine.net\/index.php?rest_route=\/wp\/v2\/posts\/58950"}],"collection":[{"href":"https:\/\/israelmagazine.net\/index.php?rest_route=\/wp\/v2\/posts"}],"about":[{"href":"https:\/\/israelmagazine.net\/index.php?rest_route=\/wp\/v2\/types\/post"}],"author":[{"embeddable":true,"href":"https:\/\/israelmagazine.net\/index.php?rest_route=\/wp\/v2\/users\/4"}],"replies":[{"embeddable":true,"href":"https:\/\/israelmagazine.net\/index.php?rest_route=%2Fwp%2Fv2%2Fcomments&post=58950"}],"version-history":[{"count":0,"href":"https:\/\/israelmagazine.net\/index.php?rest_route=\/wp\/v2\/posts\/58950\/revisions"}],"wp:featuredmedia":[{"embeddable":true,"href":"https:\/\/israelmagazine.net\/index.php?rest_route=\/"}],"wp:attachment":[{"href":"https:\/\/israelmagazine.net\/index.php?rest_route=%2Fwp%2Fv2%2Fmedia&parent=58950"}],"wp:term":[{"taxonomy":"category","embeddable":true,"href":"https:\/\/israelmagazine.net\/index.php?rest_route=%2Fwp%2Fv2%2Fcategories&post=58950"},{"taxonomy":"post_tag","embeddable":true,"href":"https:\/\/israelmagazine.net\/index.php?rest_route=%2Fwp%2Fv2%2Ftags&post=58950"},{"taxonomy":"sujet","embeddable":true,"href":"https:\/\/israelmagazine.net\/index.php?rest_route=%2Fwp%2Fv2%2Fsujet&post=58950"}],"curies":[{"name":"wp","href":"https:\/\/api.w.org\/{rel}","templated":true}]}}